{"id":10374,"date":"2019-10-08T17:05:00","date_gmt":"2019-10-08T15:05:00","guid":{"rendered":"https:\/\/swissbaker.ch\/?p=10374"},"modified":"2022-05-20T13:53:38","modified_gmt":"2022-05-20T11:53:38","slug":"campagne-electorale-2019-mais-efficace","status":"publish","type":"post","link":"https:\/\/swissbaker.ch\/fr\/panissimo-news\/campagne-electorale-2019-mais-efficace\/","title":{"rendered":"Campagne \u00e9lectorale 2019 \u2013 mais efficace\u2009!"},"content":{"rendered":"\n<p>Un nouveau Parlement sera \u00e9lu le 20\u202foctobre. Pendant des d\u00e9cennies, les campagnes \u00e9lectorales des partis ont \u00e9t\u00e9 lanc\u00e9es par le biais d\u2019initiatives populaires, pour attirer l\u2019attention des \u00e9lectrices et \u00e9lecteurs, et les mobiliser. Tout est diff\u00e9rent en 2019. Le r\u00f4le de l\u2019initiative populaire est devenu n\u00e9gligeable en tant que campagne \u00e9lectorale. Par contre, la lutte pour le leadership en politique climatique fait rage. Les sondages indiquent que, \u00e0 la suite du l\u00e9ger virage \u00e0 droite d\u2019il y a quatre ans, un retour de balancier n\u2019est pas impossible avec un \u00ab\u2009virage vert\u2009\u00bb qui profiterait aux Verts et, le cas \u00e9ch\u00e9ant, au PRD dans une moindre mesure. De lourdes pertes sont annonc\u00e9es pour l\u2019UDC et les partis centristes, le PDC et le PBD. Elles devraient \u00eatre moins sensibles pour le PS.<br>Les pr\u00e9visions ne sont pas toujours exactes. Elles constituent n\u00e9anmoins un signal d\u2019alarme pour notre secteur. La menace de nouvelles r\u00e9glementations \u00e9tatiques qui gr\u00e8veraient encore davantage nos entreprises est en effet bien r\u00e9elle. Et m\u00eame si les \u00e9lections au Conseil national sont des \u00e9lections nationales et que les extrapolations nationales donnent des sueurs froides aux strat\u00e8ges des partis\u2009; les gagnants et les perdants s\u2019imposent dans les cantons. D\u2019o\u00f9 mon exhortation\u2009: allez imp\u00e9rativement voter\u2009!<br>La pr\u00e9sence des chefs d\u2019entreprise au Parlement f\u00e9d\u00e9ral n\u2019a cess\u00e9 de diminuer ces derni\u00e8res ann\u00e9es, alors m\u00eame que les obligations et charges l\u00e9gales des employeurs sont en constante augmentation. Lors des prochaines \u00e9lections f\u00e9d\u00e9rales, il est donc absolument n\u00e9cessaire d\u2019\u00e9lire des personnalit\u00e9s qui, fortes de leurs connaissances et de leur exp\u00e9rience du quotidien de l\u2019\u00e9conomie, s\u2019engagent pour la libre entreprise, davantage d\u2019autod\u00e9termination et de responsabilit\u00e9 individuelle. Nos recommandations de vote se trouvent&nbsp;<a href=\"https:\/\/www.swissbaker.ch\/fr\/news-panissimo\/themesarchives\/droit-politique\/recht-politik-details-fr\/campagne-electorale-2019-mais-efficace\/\" target=\"_blank\" rel=\"noreferrer noopener\">ici<\/a>. Il vous appartient de d\u00e9finir la composition du nouveau Parlement. Le 20\u202foctobre, c\u2019est aussi le jour de paie\u2009!<\/p>\n","protected":false},"excerpt":{"rendered":"<p>Un nouveau Parlement sera \u00e9lu le 20\u202foctobre. Pendant des d\u00e9cennies, les campagnes \u00e9lectorales des partis ont \u00e9t\u00e9 lanc\u00e9es par le biais d\u2019initiatives populaires, pour attirer l\u2019attention des \u00e9lectrices et \u00e9lecteurs, et les mobiliser. Tout est diff\u00e9rent en 2019. Le r\u00f4le de l\u2019initiative populaire est devenu n\u00e9gligeable en tant que campagne \u00e9lectorale. Par contre, la lutte pour le leadership en politique [&hellip;]<\/p>\n","protected":false},"author":1,"featured_media":6079,"comment_status":"open","ping_status":"closed","sticky":false,"template":"","format":"standard","meta":{"_acf_changed":false,"footnotes":""},"categories":[44],"tags":[],"class_list":["post-10374","post","type-post","status-publish","format-standard","has-post-thumbnail","hentry","category-droit-politique"],"acf":[],"yoast_head":"<!-- This site is optimized with the Yoast SEO Premium plugin v26.8 (Yoast SEO v26.8) - https:\/\/yoast.com\/product\/yoast-seo-premium-wordpress\/ -->\n<title>Campagne \u00e9lectorale 2019 \u2013 mais efficace\u2009! | SBC<\/title>\n<meta name=\"robots\" content=\"index, follow, max-snippet:-1, max-image-preview:large, max-video-preview:-1\" \/>\n<link rel=\"canonical\" href=\"https:\/\/swissbaker.ch\/fr\/panissimo-news\/campagne-electorale-2019-mais-efficace\/\" \/>\n<meta property=\"og:locale\" content=\"fr_FR\" \/>\n<meta property=\"og:type\" content=\"article\" \/>\n<meta property=\"og:title\" content=\"Campagne \u00e9lectorale 2019 \u2013 mais efficace\u2009!\" \/>\n<meta property=\"og:description\" content=\"Un nouveau Parlement sera \u00e9lu le 20\u202foctobre. Pendant des d\u00e9cennies, les campagnes \u00e9lectorales des partis ont \u00e9t\u00e9 lanc\u00e9es par le biais d\u2019initiatives populaires, pour attirer l\u2019attention des \u00e9lectrices et \u00e9lecteurs, et les mobiliser. Tout est diff\u00e9rent en 2019. Le r\u00f4le de l\u2019initiative populaire est devenu n\u00e9gligeable en tant que campagne \u00e9lectorale. Par contre, la lutte pour le leadership en politique [&hellip;]\" \/>\n<meta property=\"og:url\" content=\"https:\/\/swissbaker.ch\/fr\/panissimo-news\/campagne-electorale-2019-mais-efficace\/\" \/>\n<meta property=\"og:site_name\" content=\"SBC\" \/>\n<meta property=\"article:publisher\" content=\"https:\/\/www.facebook.com\/swissbaker.ch\" \/>\n<meta property=\"article:published_time\" content=\"2019-10-08T15:05:00+00:00\" \/>\n<meta property=\"article:modified_time\" content=\"2022-05-20T11:53:38+00:00\" \/>\n<meta property=\"og:image\" content=\"https:\/\/swissbaker.ch\/wp-content\/uploads\/2022\/03\/NL-20.1-Wahlempfehlung.jpg\" \/>\n\t<meta property=\"og:image:width\" content=\"800\" \/>\n\t<meta property=\"og:image:height\" content=\"474\" \/>\n\t<meta property=\"og:image:type\" content=\"image\/jpeg\" \/>\n<meta name=\"author\" content=\"azureart\" \/>\n<meta name=\"twitter:card\" content=\"summary_large_image\" \/>\n<meta name=\"twitter:creator\" content=\"@ch_swissbaker\" \/>\n<meta name=\"twitter:site\" content=\"@ch_swissbaker\" \/>\n<meta name=\"twitter:label1\" content=\"Written by\" \/>\n\t<meta name=\"twitter:data1\" content=\"azureart\" \/>\n\t<meta name=\"twitter:label2\" content=\"Est. reading time\" \/>\n\t<meta name=\"twitter:data2\" content=\"2 minutes\" \/>\n<script type=\"application\/ld+json\" class=\"yoast-schema-graph\">{\"@context\":\"https:\/\/schema.org\",\"@graph\":[{\"@type\":\"Article\",\"@id\":\"https:\/\/swissbaker.ch\/fr\/panissimo-news\/campagne-electorale-2019-mais-efficace\/#article\",\"isPartOf\":{\"@id\":\"https:\/\/swissbaker.ch\/fr\/panissimo-news\/campagne-electorale-2019-mais-efficace\/\"},\"author\":{\"name\":\"azureart\",\"@id\":\"https:\/\/swissbaker.ch\/fr\/#\/schema\/person\/058ac47619f7da53df62aba60f939b78\"},\"headline\":\"Campagne \u00e9lectorale 2019 \u2013 mais efficace\u2009!\",\"datePublished\":\"2019-10-08T15:05:00+00:00\",\"dateModified\":\"2022-05-20T11:53:38+00:00\",\"mainEntityOfPage\":{\"@id\":\"https:\/\/swissbaker.ch\/fr\/panissimo-news\/campagne-electorale-2019-mais-efficace\/\"},\"wordCount\":341,\"commentCount\":0,\"publisher\":{\"@id\":\"https:\/\/swissbaker.ch\/fr\/#organization\"},\"image\":{\"@id\":\"https:\/\/swissbaker.ch\/fr\/panissimo-news\/campagne-electorale-2019-mais-efficace\/#primaryimage\"},\"thumbnailUrl\":\"https:\/\/swissbaker.ch\/wp-content\/uploads\/2022\/03\/NL-20.1-Wahlempfehlung.jpg\",\"articleSection\":[\"Droit &amp; politique\"],\"inLanguage\":\"fr-FR\",\"potentialAction\":[{\"@type\":\"CommentAction\",\"name\":\"Comment\",\"target\":[\"https:\/\/swissbaker.ch\/fr\/panissimo-news\/campagne-electorale-2019-mais-efficace\/#respond\"]}]},{\"@type\":\"WebPage\",\"@id\":\"https:\/\/swissbaker.ch\/fr\/panissimo-news\/campagne-electorale-2019-mais-efficace\/\",\"url\":\"https:\/\/swissbaker.ch\/fr\/panissimo-news\/campagne-electorale-2019-mais-efficace\/\",\"name\":\"Campagne \u00e9lectorale 2019 \u2013 mais efficace\u2009! | SBC\",\"isPartOf\":{\"@id\":\"https:\/\/swissbaker.ch\/fr\/#website\"},\"primaryImageOfPage\":{\"@id\":\"https:\/\/swissbaker.ch\/fr\/panissimo-news\/campagne-electorale-2019-mais-efficace\/#primaryimage\"},\"image\":{\"@id\":\"https:\/\/swissbaker.ch\/fr\/panissimo-news\/campagne-electorale-2019-mais-efficace\/#primaryimage\"},\"thumbnailUrl\":\"https:\/\/swissbaker.ch\/wp-content\/uploads\/2022\/03\/NL-20.1-Wahlempfehlung.jpg\",\"datePublished\":\"2019-10-08T15:05:00+00:00\",\"dateModified\":\"2022-05-20T11:53:38+00:00\",\"breadcrumb\":{\"@id\":\"https:\/\/swissbaker.ch\/fr\/panissimo-news\/campagne-electorale-2019-mais-efficace\/#breadcrumb\"},\"inLanguage\":\"fr-FR\",\"potentialAction\":[{\"@type\":\"ReadAction\",\"target\":[\"https:\/\/swissbaker.ch\/fr\/panissimo-news\/campagne-electorale-2019-mais-efficace\/\"]}]},{\"@type\":\"ImageObject\",\"inLanguage\":\"fr-FR\",\"@id\":\"https:\/\/swissbaker.ch\/fr\/panissimo-news\/campagne-electorale-2019-mais-efficace\/#primaryimage\",\"url\":\"https:\/\/swissbaker.ch\/wp-content\/uploads\/2022\/03\/NL-20.1-Wahlempfehlung.jpg\",\"contentUrl\":\"https:\/\/swissbaker.ch\/wp-content\/uploads\/2022\/03\/NL-20.1-Wahlempfehlung.jpg\",\"width\":800,\"height\":474,\"caption\":\"Campagne \u00e9lectorale 2019 \u2013 mais efficace\u2009!\"},{\"@type\":\"BreadcrumbList\",\"@id\":\"https:\/\/swissbaker.ch\/fr\/panissimo-news\/campagne-electorale-2019-mais-efficace\/#breadcrumb\",\"itemListElement\":[{\"@type\":\"ListItem\",\"position\":1,\"name\":\"\",\"item\":\"https:\/\/swissbaker.ch\/fr\/\"},{\"@type\":\"ListItem\",\"position\":2,\"name\":\"Droit &amp; politique\",\"item\":\"https:\/\/swissbaker.ch\/fr\/panissimo-news\/category\/droit-politique\/\"},{\"@type\":\"ListItem\",\"position\":3,\"name\":\"Campagne \u00e9lectorale 2019 \u2013 mais efficace\u2009!\"}]},{\"@type\":\"WebSite\",\"@id\":\"https:\/\/swissbaker.ch\/fr\/#website\",\"url\":\"https:\/\/swissbaker.ch\/fr\/\",\"name\":\"SBC\",\"description\":\"\",\"publisher\":{\"@id\":\"https:\/\/swissbaker.ch\/fr\/#organization\"},\"potentialAction\":[{\"@type\":\"SearchAction\",\"target\":{\"@type\":\"EntryPoint\",\"urlTemplate\":\"https:\/\/swissbaker.ch\/fr\/?s={search_term_string}\"},\"query-input\":{\"@type\":\"PropertyValueSpecification\",\"valueRequired\":true,\"valueName\":\"search_term_string\"}}],\"inLanguage\":\"fr-FR\"},{\"@type\":\"Organization\",\"@id\":\"https:\/\/swissbaker.ch\/fr\/#organization\",\"name\":\"Schweizerischer B\u00e4cker-Confiseurmeister-Verband\",\"url\":\"https:\/\/swissbaker.ch\/fr\/\",\"logo\":{\"@type\":\"ImageObject\",\"inLanguage\":\"fr-FR\",\"@id\":\"https:\/\/swissbaker.ch\/fr\/#\/schema\/logo\/image\/\",\"url\":\"https:\/\/swissbaker.ch\/wp-content\/uploads\/2022\/04\/sbc-logo-yoast.jpg\",\"contentUrl\":\"https:\/\/swissbaker.ch\/wp-content\/uploads\/2022\/04\/sbc-logo-yoast.jpg\",\"width\":512,\"height\":512,\"caption\":\"Schweizerischer B\u00e4cker-Confiseurmeister-Verband\"},\"image\":{\"@id\":\"https:\/\/swissbaker.ch\/fr\/#\/schema\/logo\/image\/\"},\"sameAs\":[\"https:\/\/www.facebook.com\/swissbaker.ch\",\"https:\/\/x.com\/ch_swissbaker\"]},{\"@type\":\"Person\",\"@id\":\"https:\/\/swissbaker.ch\/fr\/#\/schema\/person\/058ac47619f7da53df62aba60f939b78\",\"name\":\"azureart\",\"image\":{\"@type\":\"ImageObject\",\"inLanguage\":\"fr-FR\",\"@id\":\"https:\/\/swissbaker.ch\/fr\/#\/schema\/person\/image\/\",\"url\":\"https:\/\/secure.gravatar.com\/avatar\/be04dd3098fd612c83067af4f7a295384c93cb6a9112f51beb9d2f477d25da61?s=96&d=mm&r=g\",\"contentUrl\":\"https:\/\/secure.gravatar.com\/avatar\/be04dd3098fd612c83067af4f7a295384c93cb6a9112f51beb9d2f477d25da61?s=96&d=mm&r=g\",\"caption\":\"azureart\"},\"sameAs\":[\"https:\/\/swissbaker.ch\"],\"url\":\"https:\/\/swissbaker.ch\/fr\/panissimo-news\/author\/pixel-ahoi\/\"}]}<\/script>\n<!-- \/ Yoast SEO Premium plugin. -->","yoast_head_json":{"title":"Campagne \u00e9lectorale 2019 \u2013 mais efficace\u2009! | SBC","robots":{"index":"index","follow":"follow","max-snippet":"max-snippet:-1","max-image-preview":"max-image-preview:large","max-video-preview":"max-video-preview:-1"},"canonical":"https:\/\/swissbaker.ch\/fr\/panissimo-news\/campagne-electorale-2019-mais-efficace\/","og_locale":"fr_FR","og_type":"article","og_title":"Campagne \u00e9lectorale 2019 \u2013 mais efficace\u2009!","og_description":"Un nouveau Parlement sera \u00e9lu le 20\u202foctobre. Pendant des d\u00e9cennies, les campagnes \u00e9lectorales des partis ont \u00e9t\u00e9 lanc\u00e9es par le biais d\u2019initiatives populaires, pour attirer l\u2019attention des \u00e9lectrices et \u00e9lecteurs, et les mobiliser. Tout est diff\u00e9rent en 2019. Le r\u00f4le de l\u2019initiative populaire est devenu n\u00e9gligeable en tant que campagne \u00e9lectorale. Par contre, la lutte pour le leadership en politique [&hellip;]","og_url":"https:\/\/swissbaker.ch\/fr\/panissimo-news\/campagne-electorale-2019-mais-efficace\/","og_site_name":"SBC","article_publisher":"https:\/\/www.facebook.com\/swissbaker.ch","article_published_time":"2019-10-08T15:05:00+00:00","article_modified_time":"2022-05-20T11:53:38+00:00","og_image":[{"width":800,"height":474,"url":"https:\/\/swissbaker.ch\/wp-content\/uploads\/2022\/03\/NL-20.1-Wahlempfehlung.jpg","type":"image\/jpeg"}],"author":"azureart","twitter_card":"summary_large_image","twitter_creator":"@ch_swissbaker","twitter_site":"@ch_swissbaker","twitter_misc":{"Written by":"azureart","Est. reading time":"2 minutes"},"schema":{"@context":"https:\/\/schema.org","@graph":[{"@type":"Article","@id":"https:\/\/swissbaker.ch\/fr\/panissimo-news\/campagne-electorale-2019-mais-efficace\/#article","isPartOf":{"@id":"https:\/\/swissbaker.ch\/fr\/panissimo-news\/campagne-electorale-2019-mais-efficace\/"},"author":{"name":"azureart","@id":"https:\/\/swissbaker.ch\/fr\/#\/schema\/person\/058ac47619f7da53df62aba60f939b78"},"headline":"Campagne \u00e9lectorale 2019 \u2013 mais efficace\u2009!","datePublished":"2019-10-08T15:05:00+00:00","dateModified":"2022-05-20T11:53:38+00:00","mainEntityOfPage":{"@id":"https:\/\/swissbaker.ch\/fr\/panissimo-news\/campagne-electorale-2019-mais-efficace\/"},"wordCount":341,"commentCount":0,"publisher":{"@id":"https:\/\/swissbaker.ch\/fr\/#organization"},"image":{"@id":"https:\/\/swissbaker.ch\/fr\/panissimo-news\/campagne-electorale-2019-mais-efficace\/#primaryimage"},"thumbnailUrl":"https:\/\/swissbaker.ch\/wp-content\/uploads\/2022\/03\/NL-20.1-Wahlempfehlung.jpg","articleSection":["Droit &amp; politique"],"inLanguage":"fr-FR","potentialAction":[{"@type":"CommentAction","name":"Comment","target":["https:\/\/swissbaker.ch\/fr\/panissimo-news\/campagne-electorale-2019-mais-efficace\/#respond"]}]},{"@type":"WebPage","@id":"https:\/\/swissbaker.ch\/fr\/panissimo-news\/campagne-electorale-2019-mais-efficace\/","url":"https:\/\/swissbaker.ch\/fr\/panissimo-news\/campagne-electorale-2019-mais-efficace\/","name":"Campagne \u00e9lectorale 2019 \u2013 mais efficace\u2009! | SBC","isPartOf":{"@id":"https:\/\/swissbaker.ch\/fr\/#website"},"primaryImageOfPage":{"@id":"https:\/\/swissbaker.ch\/fr\/panissimo-news\/campagne-electorale-2019-mais-efficace\/#primaryimage"},"image":{"@id":"https:\/\/swissbaker.ch\/fr\/panissimo-news\/campagne-electorale-2019-mais-efficace\/#primaryimage"},"thumbnailUrl":"https:\/\/swissbaker.ch\/wp-content\/uploads\/2022\/03\/NL-20.1-Wahlempfehlung.jpg","datePublished":"2019-10-08T15:05:00+00:00","dateModified":"2022-05-20T11:53:38+00:00","breadcrumb":{"@id":"https:\/\/swissbaker.ch\/fr\/panissimo-news\/campagne-electorale-2019-mais-efficace\/#breadcrumb"},"inLanguage":"fr-FR","potentialAction":[{"@type":"ReadAction","target":["https:\/\/swissbaker.ch\/fr\/panissimo-news\/campagne-electorale-2019-mais-efficace\/"]}]},{"@type":"ImageObject","inLanguage":"fr-FR","@id":"https:\/\/swissbaker.ch\/fr\/panissimo-news\/campagne-electorale-2019-mais-efficace\/#primaryimage","url":"https:\/\/swissbaker.ch\/wp-content\/uploads\/2022\/03\/NL-20.1-Wahlempfehlung.jpg","contentUrl":"https:\/\/swissbaker.ch\/wp-content\/uploads\/2022\/03\/NL-20.1-Wahlempfehlung.jpg","width":800,"height":474,"caption":"Campagne \u00e9lectorale 2019 \u2013 mais efficace\u2009!"},{"@type":"BreadcrumbList","@id":"https:\/\/swissbaker.ch\/fr\/panissimo-news\/campagne-electorale-2019-mais-efficace\/#breadcrumb","itemListElement":[{"@type":"ListItem","position":1,"name":"","item":"https:\/\/swissbaker.ch\/fr\/"},{"@type":"ListItem","position":2,"name":"Droit &amp; politique","item":"https:\/\/swissbaker.ch\/fr\/panissimo-news\/category\/droit-politique\/"},{"@type":"ListItem","position":3,"name":"Campagne \u00e9lectorale 2019 \u2013 mais efficace\u2009!"}]},{"@type":"WebSite","@id":"https:\/\/swissbaker.ch\/fr\/#website","url":"https:\/\/swissbaker.ch\/fr\/","name":"SBC","description":"","publisher":{"@id":"https:\/\/swissbaker.ch\/fr\/#organization"},"potentialAction":[{"@type":"SearchAction","target":{"@type":"EntryPoint","urlTemplate":"https:\/\/swissbaker.ch\/fr\/?s={search_term_string}"},"query-input":{"@type":"PropertyValueSpecification","valueRequired":true,"valueName":"search_term_string"}}],"inLanguage":"fr-FR"},{"@type":"Organization","@id":"https:\/\/swissbaker.ch\/fr\/#organization","name":"Schweizerischer B\u00e4cker-Confiseurmeister-Verband","url":"https:\/\/swissbaker.ch\/fr\/","logo":{"@type":"ImageObject","inLanguage":"fr-FR","@id":"https:\/\/swissbaker.ch\/fr\/#\/schema\/logo\/image\/","url":"https:\/\/swissbaker.ch\/wp-content\/uploads\/2022\/04\/sbc-logo-yoast.jpg","contentUrl":"https:\/\/swissbaker.ch\/wp-content\/uploads\/2022\/04\/sbc-logo-yoast.jpg","width":512,"height":512,"caption":"Schweizerischer B\u00e4cker-Confiseurmeister-Verband"},"image":{"@id":"https:\/\/swissbaker.ch\/fr\/#\/schema\/logo\/image\/"},"sameAs":["https:\/\/www.facebook.com\/swissbaker.ch","https:\/\/x.com\/ch_swissbaker"]},{"@type":"Person","@id":"https:\/\/swissbaker.ch\/fr\/#\/schema\/person\/058ac47619f7da53df62aba60f939b78","name":"azureart","image":{"@type":"ImageObject","inLanguage":"fr-FR","@id":"https:\/\/swissbaker.ch\/fr\/#\/schema\/person\/image\/","url":"https:\/\/secure.gravatar.com\/avatar\/be04dd3098fd612c83067af4f7a295384c93cb6a9112f51beb9d2f477d25da61?s=96&d=mm&r=g","contentUrl":"https:\/\/secure.gravatar.com\/avatar\/be04dd3098fd612c83067af4f7a295384c93cb6a9112f51beb9d2f477d25da61?s=96&d=mm&r=g","caption":"azureart"},"sameAs":["https:\/\/swissbaker.ch"],"url":"https:\/\/swissbaker.ch\/fr\/panissimo-news\/author\/pixel-ahoi\/"}]}},"_links":{"self":[{"href":"https:\/\/swissbaker.ch\/fr\/wp-json\/wp\/v2\/posts\/10374","targetHints":{"allow":["GET"]}}],"collection":[{"href":"https:\/\/swissbaker.ch\/fr\/wp-json\/wp\/v2\/posts"}],"about":[{"href":"https:\/\/swissbaker.ch\/fr\/wp-json\/wp\/v2\/types\/post"}],"author":[{"embeddable":true,"href":"https:\/\/swissbaker.ch\/fr\/wp-json\/wp\/v2\/users\/1"}],"replies":[{"embeddable":true,"href":"https:\/\/swissbaker.ch\/fr\/wp-json\/wp\/v2\/comments?post=10374"}],"version-history":[{"count":0,"href":"https:\/\/swissbaker.ch\/fr\/wp-json\/wp\/v2\/posts\/10374\/revisions"}],"wp:featuredmedia":[{"embeddable":true,"href":"https:\/\/swissbaker.ch\/fr\/wp-json\/wp\/v2\/media\/6079"}],"wp:attachment":[{"href":"https:\/\/swissbaker.ch\/fr\/wp-json\/wp\/v2\/media?parent=10374"}],"wp:term":[{"taxonomy":"category","embeddable":true,"href":"https:\/\/swissbaker.ch\/fr\/wp-json\/wp\/v2\/categories?post=10374"},{"taxonomy":"post_tag","embeddable":true,"href":"https:\/\/swissbaker.ch\/fr\/wp-json\/wp\/v2\/tags?post=10374"}],"curies":[{"name":"wp","href":"https:\/\/api.w.org\/{rel}","templated":true}]}}