{"id":10334,"date":"2019-11-06T11:59:00","date_gmt":"2019-11-06T10:59:00","guid":{"rendered":"https:\/\/swissbaker.ch\/?p=10334"},"modified":"2022-05-20T12:00:47","modified_gmt":"2022-05-20T10:00:47","slug":"victoire-pour-un-artisan-gruerien","status":"publish","type":"post","link":"https:\/\/swissbaker.ch\/fr\/panissimo-news\/victoire-pour-un-artisan-gruerien\/","title":{"rendered":"Victoire pour un artisan gru\u00e9rien"},"content":{"rendered":"\n<p><strong>La deuxi\u00e8me \u00e9dition du Concours de la cuchaule AOP s\u2019est d\u00e9roul\u00e9e \u00e0 Bulle (FR). Le boulanger Jean-Luc Delabays de Grandvillard remporte la comp\u00e9tition.<\/strong><\/p>\n\n\n\n<p>Trente et un producteurs fribourgeois certifi\u00e9s ont particip\u00e9 \u00e0 la deuxi\u00e8me \u00e9dition du concours de la cuchaule AOP, dans le cadre de Go\u00fbts et terroirs, le 2\u202fnovembre. Avec une comp\u00e9tition qui se d\u00e9roule en public, les professionnels peuvent r\u00e9pondre aux questions des visiteurs et leur expliquer le fonctionnement de la taxation.<\/p>\n\n\n\n<p>L\u2019annonce des r\u00e9sultats a eu lieu le dimanche 3\u202fnovembre sur le stand de Terroir Fribourg. La victoire est revenue \u00e0 Jean-Luc Delabays \u00e0 Grandvillard. Son produit a obtenu 98 points sur 100. Le jury a d\u00e9cern\u00e9 la 2e place \u00e0 Bertrand Jonin \u00e0 M\u00e9zi\u00e8res. Antoine Cottet au Mouret et G\u00e9rald Saudan \u00e0 Fribourg se partage la 3e place.<\/p>\n\n\n\n<p>\u00ab\u2009La qualit\u00e9 des produits pr\u00e9sent\u00e9s \u00e0 cette deuxi\u00e8me \u00e9dition a \u00e9t\u00e9 superbe, avec 13 producteurs qui ont obtenu un dipl\u00f4me d\u2019excellence avec 90 points et plus\u2009\u00bb, ont pr\u00e9cis\u00e9 les organisateurs dans un communiqu\u00e9. \u00ab\u2009C\u2019est un tr\u00e8s bon niveau, qui t\u00e9moigne de la ma\u00eetrise de la Cuchaule AOP par les artisans boulangers fribourgeois et des avantages de suivre la recette authentique avec les ingr\u00e9dients locaux.\u2009\u00bb<\/p>\n","protected":false},"excerpt":{"rendered":"<p>La deuxi\u00e8me \u00e9dition du Concours de la cuchaule AOP s\u2019est d\u00e9roul\u00e9e \u00e0 Bulle (FR). Le boulanger Jean-Luc Delabays de Grandvillard remporte la comp\u00e9tition. Trente et un producteurs fribourgeois certifi\u00e9s ont particip\u00e9 \u00e0 la deuxi\u00e8me \u00e9dition du concours de la cuchaule AOP, dans le cadre de Go\u00fbts et terroirs, le 2\u202fnovembre. Avec une comp\u00e9tition qui se d\u00e9roule en public, les professionnels [&hellip;]<\/p>\n","protected":false},"author":1,"featured_media":10335,"comment_status":"open","ping_status":"closed","sticky":false,"template":"","format":"standard","meta":{"_acf_changed":false,"footnotes":""},"categories":[43],"tags":[],"class_list":["post-10334","post","type-post","status-publish","format-standard","has-post-thumbnail","hentry","category-concours"],"acf":[],"yoast_head":"<!-- This site is optimized with the Yoast SEO Premium plugin v26.8 (Yoast SEO v26.8) - https:\/\/yoast.com\/product\/yoast-seo-premium-wordpress\/ -->\n<title>Victoire pour un artisan gru\u00e9rien | SBC<\/title>\n<meta name=\"robots\" content=\"index, follow, max-snippet:-1, max-image-preview:large, max-video-preview:-1\" \/>\n<link rel=\"canonical\" href=\"https:\/\/swissbaker.ch\/fr\/panissimo-news\/victoire-pour-un-artisan-gruerien\/\" \/>\n<meta property=\"og:locale\" content=\"fr_FR\" \/>\n<meta property=\"og:type\" content=\"article\" \/>\n<meta property=\"og:title\" content=\"Victoire pour un artisan gru\u00e9rien\" \/>\n<meta property=\"og:description\" content=\"La deuxi\u00e8me \u00e9dition du Concours de la cuchaule AOP s\u2019est d\u00e9roul\u00e9e \u00e0 Bulle (FR). Le boulanger Jean-Luc Delabays de Grandvillard remporte la comp\u00e9tition. Trente et un producteurs fribourgeois certifi\u00e9s ont particip\u00e9 \u00e0 la deuxi\u00e8me \u00e9dition du concours de la cuchaule AOP, dans le cadre de Go\u00fbts et terroirs, le 2\u202fnovembre. Avec une comp\u00e9tition qui se d\u00e9roule en public, les professionnels [&hellip;]\" \/>\n<meta property=\"og:url\" content=\"https:\/\/swissbaker.ch\/fr\/panissimo-news\/victoire-pour-un-artisan-gruerien\/\" \/>\n<meta property=\"og:site_name\" content=\"SBC\" \/>\n<meta property=\"article:publisher\" content=\"https:\/\/www.facebook.com\/swissbaker.ch\" \/>\n<meta property=\"article:published_time\" content=\"2019-11-06T10:59:00+00:00\" \/>\n<meta property=\"article:modified_time\" content=\"2022-05-20T10:00:47+00:00\" \/>\n<meta property=\"og:image\" content=\"https:\/\/swissbaker.ch\/wp-content\/uploads\/2022\/05\/nl-22.1_cuchaule.jpg\" \/>\n\t<meta property=\"og:image:width\" content=\"800\" \/>\n\t<meta property=\"og:image:height\" content=\"474\" \/>\n\t<meta property=\"og:image:type\" content=\"image\/jpeg\" \/>\n<meta name=\"author\" content=\"azureart\" \/>\n<meta name=\"twitter:card\" content=\"summary_large_image\" \/>\n<meta name=\"twitter:creator\" content=\"@ch_swissbaker\" \/>\n<meta name=\"twitter:site\" content=\"@ch_swissbaker\" \/>\n<meta name=\"twitter:label1\" content=\"Written by\" \/>\n\t<meta name=\"twitter:data1\" content=\"azureart\" \/>\n\t<meta name=\"twitter:label2\" content=\"Est. reading time\" \/>\n\t<meta name=\"twitter:data2\" content=\"2 minutes\" \/>\n<script type=\"application\/ld+json\" class=\"yoast-schema-graph\">{\"@context\":\"https:\/\/schema.org\",\"@graph\":[{\"@type\":\"Article\",\"@id\":\"https:\/\/swissbaker.ch\/fr\/panissimo-news\/victoire-pour-un-artisan-gruerien\/#article\",\"isPartOf\":{\"@id\":\"https:\/\/swissbaker.ch\/fr\/panissimo-news\/victoire-pour-un-artisan-gruerien\/\"},\"author\":{\"name\":\"azureart\",\"@id\":\"https:\/\/swissbaker.ch\/fr\/#\/schema\/person\/058ac47619f7da53df62aba60f939b78\"},\"headline\":\"Victoire pour un artisan gru\u00e9rien\",\"datePublished\":\"2019-11-06T10:59:00+00:00\",\"dateModified\":\"2022-05-20T10:00:47+00:00\",\"mainEntityOfPage\":{\"@id\":\"https:\/\/swissbaker.ch\/fr\/panissimo-news\/victoire-pour-un-artisan-gruerien\/\"},\"wordCount\":218,\"commentCount\":0,\"publisher\":{\"@id\":\"https:\/\/swissbaker.ch\/fr\/#organization\"},\"image\":{\"@id\":\"https:\/\/swissbaker.ch\/fr\/panissimo-news\/victoire-pour-un-artisan-gruerien\/#primaryimage\"},\"thumbnailUrl\":\"https:\/\/swissbaker.ch\/wp-content\/uploads\/2022\/05\/nl-22.1_cuchaule.jpg\",\"articleSection\":[\"Concours\"],\"inLanguage\":\"fr-FR\",\"potentialAction\":[{\"@type\":\"CommentAction\",\"name\":\"Comment\",\"target\":[\"https:\/\/swissbaker.ch\/fr\/panissimo-news\/victoire-pour-un-artisan-gruerien\/#respond\"]}]},{\"@type\":\"WebPage\",\"@id\":\"https:\/\/swissbaker.ch\/fr\/panissimo-news\/victoire-pour-un-artisan-gruerien\/\",\"url\":\"https:\/\/swissbaker.ch\/fr\/panissimo-news\/victoire-pour-un-artisan-gruerien\/\",\"name\":\"Victoire pour un artisan gru\u00e9rien | SBC\",\"isPartOf\":{\"@id\":\"https:\/\/swissbaker.ch\/fr\/#website\"},\"primaryImageOfPage\":{\"@id\":\"https:\/\/swissbaker.ch\/fr\/panissimo-news\/victoire-pour-un-artisan-gruerien\/#primaryimage\"},\"image\":{\"@id\":\"https:\/\/swissbaker.ch\/fr\/panissimo-news\/victoire-pour-un-artisan-gruerien\/#primaryimage\"},\"thumbnailUrl\":\"https:\/\/swissbaker.ch\/wp-content\/uploads\/2022\/05\/nl-22.1_cuchaule.jpg\",\"datePublished\":\"2019-11-06T10:59:00+00:00\",\"dateModified\":\"2022-05-20T10:00:47+00:00\",\"breadcrumb\":{\"@id\":\"https:\/\/swissbaker.ch\/fr\/panissimo-news\/victoire-pour-un-artisan-gruerien\/#breadcrumb\"},\"inLanguage\":\"fr-FR\",\"potentialAction\":[{\"@type\":\"ReadAction\",\"target\":[\"https:\/\/swissbaker.ch\/fr\/panissimo-news\/victoire-pour-un-artisan-gruerien\/\"]}]},{\"@type\":\"ImageObject\",\"inLanguage\":\"fr-FR\",\"@id\":\"https:\/\/swissbaker.ch\/fr\/panissimo-news\/victoire-pour-un-artisan-gruerien\/#primaryimage\",\"url\":\"https:\/\/swissbaker.ch\/wp-content\/uploads\/2022\/05\/nl-22.1_cuchaule.jpg\",\"contentUrl\":\"https:\/\/swissbaker.ch\/wp-content\/uploads\/2022\/05\/nl-22.1_cuchaule.jpg\",\"width\":800,\"height\":474,\"caption\":\"Victoire pour un artisan gru\u00e9rien\"},{\"@type\":\"BreadcrumbList\",\"@id\":\"https:\/\/swissbaker.ch\/fr\/panissimo-news\/victoire-pour-un-artisan-gruerien\/#breadcrumb\",\"itemListElement\":[{\"@type\":\"ListItem\",\"position\":1,\"name\":\"\",\"item\":\"https:\/\/swissbaker.ch\/fr\/\"},{\"@type\":\"ListItem\",\"position\":2,\"name\":\"Concours\",\"item\":\"https:\/\/swissbaker.ch\/fr\/panissimo-news\/category\/concours\/\"},{\"@type\":\"ListItem\",\"position\":3,\"name\":\"Victoire pour un artisan gru\u00e9rien\"}]},{\"@type\":\"WebSite\",\"@id\":\"https:\/\/swissbaker.ch\/fr\/#website\",\"url\":\"https:\/\/swissbaker.ch\/fr\/\",\"name\":\"SBC\",\"description\":\"\",\"publisher\":{\"@id\":\"https:\/\/swissbaker.ch\/fr\/#organization\"},\"potentialAction\":[{\"@type\":\"SearchAction\",\"target\":{\"@type\":\"EntryPoint\",\"urlTemplate\":\"https:\/\/swissbaker.ch\/fr\/?s={search_term_string}\"},\"query-input\":{\"@type\":\"PropertyValueSpecification\",\"valueRequired\":true,\"valueName\":\"search_term_string\"}}],\"inLanguage\":\"fr-FR\"},{\"@type\":\"Organization\",\"@id\":\"https:\/\/swissbaker.ch\/fr\/#organization\",\"name\":\"Schweizerischer B\u00e4cker-Confiseurmeister-Verband\",\"url\":\"https:\/\/swissbaker.ch\/fr\/\",\"logo\":{\"@type\":\"ImageObject\",\"inLanguage\":\"fr-FR\",\"@id\":\"https:\/\/swissbaker.ch\/fr\/#\/schema\/logo\/image\/\",\"url\":\"https:\/\/swissbaker.ch\/wp-content\/uploads\/2022\/04\/sbc-logo-yoast.jpg\",\"contentUrl\":\"https:\/\/swissbaker.ch\/wp-content\/uploads\/2022\/04\/sbc-logo-yoast.jpg\",\"width\":512,\"height\":512,\"caption\":\"Schweizerischer B\u00e4cker-Confiseurmeister-Verband\"},\"image\":{\"@id\":\"https:\/\/swissbaker.ch\/fr\/#\/schema\/logo\/image\/\"},\"sameAs\":[\"https:\/\/www.facebook.com\/swissbaker.ch\",\"https:\/\/x.com\/ch_swissbaker\"]},{\"@type\":\"Person\",\"@id\":\"https:\/\/swissbaker.ch\/fr\/#\/schema\/person\/058ac47619f7da53df62aba60f939b78\",\"name\":\"azureart\",\"image\":{\"@type\":\"ImageObject\",\"inLanguage\":\"fr-FR\",\"@id\":\"https:\/\/swissbaker.ch\/fr\/#\/schema\/person\/image\/\",\"url\":\"https:\/\/secure.gravatar.com\/avatar\/be04dd3098fd612c83067af4f7a295384c93cb6a9112f51beb9d2f477d25da61?s=96&d=mm&r=g\",\"contentUrl\":\"https:\/\/secure.gravatar.com\/avatar\/be04dd3098fd612c83067af4f7a295384c93cb6a9112f51beb9d2f477d25da61?s=96&d=mm&r=g\",\"caption\":\"azureart\"},\"sameAs\":[\"https:\/\/swissbaker.ch\"],\"url\":\"https:\/\/swissbaker.ch\/fr\/panissimo-news\/author\/pixel-ahoi\/\"}]}<\/script>\n<!-- \/ Yoast SEO Premium plugin. -->","yoast_head_json":{"title":"Victoire pour un artisan gru\u00e9rien | SBC","robots":{"index":"index","follow":"follow","max-snippet":"max-snippet:-1","max-image-preview":"max-image-preview:large","max-video-preview":"max-video-preview:-1"},"canonical":"https:\/\/swissbaker.ch\/fr\/panissimo-news\/victoire-pour-un-artisan-gruerien\/","og_locale":"fr_FR","og_type":"article","og_title":"Victoire pour un artisan gru\u00e9rien","og_description":"La deuxi\u00e8me \u00e9dition du Concours de la cuchaule AOP s\u2019est d\u00e9roul\u00e9e \u00e0 Bulle (FR). Le boulanger Jean-Luc Delabays de Grandvillard remporte la comp\u00e9tition. Trente et un producteurs fribourgeois certifi\u00e9s ont particip\u00e9 \u00e0 la deuxi\u00e8me \u00e9dition du concours de la cuchaule AOP, dans le cadre de Go\u00fbts et terroirs, le 2\u202fnovembre. Avec une comp\u00e9tition qui se d\u00e9roule en public, les professionnels [&hellip;]","og_url":"https:\/\/swissbaker.ch\/fr\/panissimo-news\/victoire-pour-un-artisan-gruerien\/","og_site_name":"SBC","article_publisher":"https:\/\/www.facebook.com\/swissbaker.ch","article_published_time":"2019-11-06T10:59:00+00:00","article_modified_time":"2022-05-20T10:00:47+00:00","og_image":[{"width":800,"height":474,"url":"https:\/\/swissbaker.ch\/wp-content\/uploads\/2022\/05\/nl-22.1_cuchaule.jpg","type":"image\/jpeg"}],"author":"azureart","twitter_card":"summary_large_image","twitter_creator":"@ch_swissbaker","twitter_site":"@ch_swissbaker","twitter_misc":{"Written by":"azureart","Est. reading time":"2 minutes"},"schema":{"@context":"https:\/\/schema.org","@graph":[{"@type":"Article","@id":"https:\/\/swissbaker.ch\/fr\/panissimo-news\/victoire-pour-un-artisan-gruerien\/#article","isPartOf":{"@id":"https:\/\/swissbaker.ch\/fr\/panissimo-news\/victoire-pour-un-artisan-gruerien\/"},"author":{"name":"azureart","@id":"https:\/\/swissbaker.ch\/fr\/#\/schema\/person\/058ac47619f7da53df62aba60f939b78"},"headline":"Victoire pour un artisan gru\u00e9rien","datePublished":"2019-11-06T10:59:00+00:00","dateModified":"2022-05-20T10:00:47+00:00","mainEntityOfPage":{"@id":"https:\/\/swissbaker.ch\/fr\/panissimo-news\/victoire-pour-un-artisan-gruerien\/"},"wordCount":218,"commentCount":0,"publisher":{"@id":"https:\/\/swissbaker.ch\/fr\/#organization"},"image":{"@id":"https:\/\/swissbaker.ch\/fr\/panissimo-news\/victoire-pour-un-artisan-gruerien\/#primaryimage"},"thumbnailUrl":"https:\/\/swissbaker.ch\/wp-content\/uploads\/2022\/05\/nl-22.1_cuchaule.jpg","articleSection":["Concours"],"inLanguage":"fr-FR","potentialAction":[{"@type":"CommentAction","name":"Comment","target":["https:\/\/swissbaker.ch\/fr\/panissimo-news\/victoire-pour-un-artisan-gruerien\/#respond"]}]},{"@type":"WebPage","@id":"https:\/\/swissbaker.ch\/fr\/panissimo-news\/victoire-pour-un-artisan-gruerien\/","url":"https:\/\/swissbaker.ch\/fr\/panissimo-news\/victoire-pour-un-artisan-gruerien\/","name":"Victoire pour un artisan gru\u00e9rien | SBC","isPartOf":{"@id":"https:\/\/swissbaker.ch\/fr\/#website"},"primaryImageOfPage":{"@id":"https:\/\/swissbaker.ch\/fr\/panissimo-news\/victoire-pour-un-artisan-gruerien\/#primaryimage"},"image":{"@id":"https:\/\/swissbaker.ch\/fr\/panissimo-news\/victoire-pour-un-artisan-gruerien\/#primaryimage"},"thumbnailUrl":"https:\/\/swissbaker.ch\/wp-content\/uploads\/2022\/05\/nl-22.1_cuchaule.jpg","datePublished":"2019-11-06T10:59:00+00:00","dateModified":"2022-05-20T10:00:47+00:00","breadcrumb":{"@id":"https:\/\/swissbaker.ch\/fr\/panissimo-news\/victoire-pour-un-artisan-gruerien\/#breadcrumb"},"inLanguage":"fr-FR","potentialAction":[{"@type":"ReadAction","target":["https:\/\/swissbaker.ch\/fr\/panissimo-news\/victoire-pour-un-artisan-gruerien\/"]}]},{"@type":"ImageObject","inLanguage":"fr-FR","@id":"https:\/\/swissbaker.ch\/fr\/panissimo-news\/victoire-pour-un-artisan-gruerien\/#primaryimage","url":"https:\/\/swissbaker.ch\/wp-content\/uploads\/2022\/05\/nl-22.1_cuchaule.jpg","contentUrl":"https:\/\/swissbaker.ch\/wp-content\/uploads\/2022\/05\/nl-22.1_cuchaule.jpg","width":800,"height":474,"caption":"Victoire pour un artisan gru\u00e9rien"},{"@type":"BreadcrumbList","@id":"https:\/\/swissbaker.ch\/fr\/panissimo-news\/victoire-pour-un-artisan-gruerien\/#breadcrumb","itemListElement":[{"@type":"ListItem","position":1,"name":"","item":"https:\/\/swissbaker.ch\/fr\/"},{"@type":"ListItem","position":2,"name":"Concours","item":"https:\/\/swissbaker.ch\/fr\/panissimo-news\/category\/concours\/"},{"@type":"ListItem","position":3,"name":"Victoire pour un artisan gru\u00e9rien"}]},{"@type":"WebSite","@id":"https:\/\/swissbaker.ch\/fr\/#website","url":"https:\/\/swissbaker.ch\/fr\/","name":"SBC","description":"","publisher":{"@id":"https:\/\/swissbaker.ch\/fr\/#organization"},"potentialAction":[{"@type":"SearchAction","target":{"@type":"EntryPoint","urlTemplate":"https:\/\/swissbaker.ch\/fr\/?s={search_term_string}"},"query-input":{"@type":"PropertyValueSpecification","valueRequired":true,"valueName":"search_term_string"}}],"inLanguage":"fr-FR"},{"@type":"Organization","@id":"https:\/\/swissbaker.ch\/fr\/#organization","name":"Schweizerischer B\u00e4cker-Confiseurmeister-Verband","url":"https:\/\/swissbaker.ch\/fr\/","logo":{"@type":"ImageObject","inLanguage":"fr-FR","@id":"https:\/\/swissbaker.ch\/fr\/#\/schema\/logo\/image\/","url":"https:\/\/swissbaker.ch\/wp-content\/uploads\/2022\/04\/sbc-logo-yoast.jpg","contentUrl":"https:\/\/swissbaker.ch\/wp-content\/uploads\/2022\/04\/sbc-logo-yoast.jpg","width":512,"height":512,"caption":"Schweizerischer B\u00e4cker-Confiseurmeister-Verband"},"image":{"@id":"https:\/\/swissbaker.ch\/fr\/#\/schema\/logo\/image\/"},"sameAs":["https:\/\/www.facebook.com\/swissbaker.ch","https:\/\/x.com\/ch_swissbaker"]},{"@type":"Person","@id":"https:\/\/swissbaker.ch\/fr\/#\/schema\/person\/058ac47619f7da53df62aba60f939b78","name":"azureart","image":{"@type":"ImageObject","inLanguage":"fr-FR","@id":"https:\/\/swissbaker.ch\/fr\/#\/schema\/person\/image\/","url":"https:\/\/secure.gravatar.com\/avatar\/be04dd3098fd612c83067af4f7a295384c93cb6a9112f51beb9d2f477d25da61?s=96&d=mm&r=g","contentUrl":"https:\/\/secure.gravatar.com\/avatar\/be04dd3098fd612c83067af4f7a295384c93cb6a9112f51beb9d2f477d25da61?s=96&d=mm&r=g","caption":"azureart"},"sameAs":["https:\/\/swissbaker.ch"],"url":"https:\/\/swissbaker.ch\/fr\/panissimo-news\/author\/pixel-ahoi\/"}]}},"_links":{"self":[{"href":"https:\/\/swissbaker.ch\/fr\/wp-json\/wp\/v2\/posts\/10334","targetHints":{"allow":["GET"]}}],"collection":[{"href":"https:\/\/swissbaker.ch\/fr\/wp-json\/wp\/v2\/posts"}],"about":[{"href":"https:\/\/swissbaker.ch\/fr\/wp-json\/wp\/v2\/types\/post"}],"author":[{"embeddable":true,"href":"https:\/\/swissbaker.ch\/fr\/wp-json\/wp\/v2\/users\/1"}],"replies":[{"embeddable":true,"href":"https:\/\/swissbaker.ch\/fr\/wp-json\/wp\/v2\/comments?post=10334"}],"version-history":[{"count":0,"href":"https:\/\/swissbaker.ch\/fr\/wp-json\/wp\/v2\/posts\/10334\/revisions"}],"wp:featuredmedia":[{"embeddable":true,"href":"https:\/\/swissbaker.ch\/fr\/wp-json\/wp\/v2\/media\/10335"}],"wp:attachment":[{"href":"https:\/\/swissbaker.ch\/fr\/wp-json\/wp\/v2\/media?parent=10334"}],"wp:term":[{"taxonomy":"category","embeddable":true,"href":"https:\/\/swissbaker.ch\/fr\/wp-json\/wp\/v2\/categories?post=10334"},{"taxonomy":"post_tag","embeddable":true,"href":"https:\/\/swissbaker.ch\/fr\/wp-json\/wp\/v2\/tags?post=10334"}],"curies":[{"name":"wp","href":"https:\/\/api.w.org\/{rel}","templated":true}]}}