{"id":10323,"date":"2019-11-06T11:54:00","date_gmt":"2019-11-06T10:54:00","guid":{"rendered":"https:\/\/swissbaker.ch\/?p=10323"},"modified":"2022-05-20T11:55:37","modified_gmt":"2022-05-20T09:55:37","slug":"exposition-de-la-releve-fribourgeoise-a-bulle","status":"publish","type":"post","link":"https:\/\/swissbaker.ch\/fr\/panissimo-news\/exposition-de-la-releve-fribourgeoise-a-bulle\/","title":{"rendered":"Exposition de la rel\u00e8ve fribourgeoise \u00e0 Bulle"},"content":{"rendered":"\n<p><strong>Le concours des apprentis fribourgeois boulangers-p\u00e2tissiers-confiseurs et gestionnaires du commerce de d\u00e9tail s\u2019est d\u00e9roul\u00e9 \u00e0 Bulle, \u00e0 l\u2019occasion du Salon des go\u00fbts et terroir.<\/strong><\/p>\n\n\n\n<p>Les visiteurs ont pu appr\u00e9cier 82 cr\u00e9ations de ces 2e et 3e ann\u00e9es sur le th\u00e8me \u00ab\u2009Br\u00e9sil, Chocolat \u2013 Caf\u00e9\u2009\u00bb.<\/p>\n\n\n\n<p>Dix m\u00e9daill\u00e9s d\u2019or<br>Vingt-sept jeunes sont repartis avec une m\u00e9daille\u2009: dix or, six argent et onze bronze. La liste des m\u00e9daill\u00e9s, les pi\u00e8ces et les vitrines sont \u00e0 d\u00e9couvrir ici:<br><a href=\"https:\/\/www.swissbaker.ch\/fr\/news-panissimo\/galeries-de-photos\/galeries-2019\/exposition-des-apprentis-fribourgeois-bulle-1019\/\">Galeries de photos.<\/a><\/p>\n","protected":false},"excerpt":{"rendered":"<p>Le concours des apprentis fribourgeois boulangers-p\u00e2tissiers-confiseurs et gestionnaires du commerce de d\u00e9tail s\u2019est d\u00e9roul\u00e9 \u00e0 Bulle, \u00e0 l\u2019occasion du Salon des go\u00fbts et terroir. Les visiteurs ont pu appr\u00e9cier 82 cr\u00e9ations de ces 2e et 3e ann\u00e9es sur le th\u00e8me \u00ab\u2009Br\u00e9sil, Chocolat \u2013 Caf\u00e9\u2009\u00bb. Dix m\u00e9daill\u00e9s d\u2019orVingt-sept jeunes sont repartis avec une m\u00e9daille\u2009: dix or, six argent et onze bronze. [&hellip;]<\/p>\n","protected":false},"author":1,"featured_media":10324,"comment_status":"open","ping_status":"closed","sticky":false,"template":"","format":"standard","meta":{"_acf_changed":false,"footnotes":""},"categories":[25],"tags":[],"class_list":["post-10323","post","type-post","status-publish","format-standard","has-post-thumbnail","hentry","category-non-classifiee"],"acf":[],"yoast_head":"<!-- This site is optimized with the Yoast SEO Premium plugin v26.8 (Yoast SEO v26.8) - https:\/\/yoast.com\/product\/yoast-seo-premium-wordpress\/ -->\n<title>Exposition de la rel\u00e8ve fribourgeoise \u00e0 Bulle | SBC<\/title>\n<meta name=\"robots\" content=\"index, follow, max-snippet:-1, max-image-preview:large, max-video-preview:-1\" \/>\n<link rel=\"canonical\" href=\"https:\/\/swissbaker.ch\/fr\/panissimo-news\/exposition-de-la-releve-fribourgeoise-a-bulle\/\" \/>\n<meta property=\"og:locale\" content=\"fr_FR\" \/>\n<meta property=\"og:type\" content=\"article\" \/>\n<meta property=\"og:title\" content=\"Exposition de la rel\u00e8ve fribourgeoise \u00e0 Bulle\" \/>\n<meta property=\"og:description\" content=\"Le concours des apprentis fribourgeois boulangers-p\u00e2tissiers-confiseurs et gestionnaires du commerce de d\u00e9tail s\u2019est d\u00e9roul\u00e9 \u00e0 Bulle, \u00e0 l\u2019occasion du Salon des go\u00fbts et terroir. Les visiteurs ont pu appr\u00e9cier 82 cr\u00e9ations de ces 2e et 3e ann\u00e9es sur le th\u00e8me \u00ab\u2009Br\u00e9sil, Chocolat \u2013 Caf\u00e9\u2009\u00bb. Dix m\u00e9daill\u00e9s d\u2019orVingt-sept jeunes sont repartis avec une m\u00e9daille\u2009: dix or, six argent et onze bronze. [&hellip;]\" \/>\n<meta property=\"og:url\" content=\"https:\/\/swissbaker.ch\/fr\/panissimo-news\/exposition-de-la-releve-fribourgeoise-a-bulle\/\" \/>\n<meta property=\"og:site_name\" content=\"SBC\" \/>\n<meta property=\"article:publisher\" content=\"https:\/\/www.facebook.com\/swissbaker.ch\" \/>\n<meta property=\"article:published_time\" content=\"2019-11-06T10:54:00+00:00\" \/>\n<meta property=\"article:modified_time\" content=\"2022-05-20T09:55:37+00:00\" \/>\n<meta property=\"og:image\" content=\"https:\/\/swissbaker.ch\/wp-content\/uploads\/2022\/05\/nl-22.1_expo_apprentis_bulle.jpg\" \/>\n\t<meta property=\"og:image:width\" content=\"800\" \/>\n\t<meta property=\"og:image:height\" content=\"474\" \/>\n\t<meta property=\"og:image:type\" content=\"image\/jpeg\" \/>\n<meta name=\"author\" content=\"azureart\" \/>\n<meta name=\"twitter:card\" content=\"summary_large_image\" \/>\n<meta name=\"twitter:creator\" content=\"@ch_swissbaker\" \/>\n<meta name=\"twitter:site\" content=\"@ch_swissbaker\" \/>\n<meta name=\"twitter:label1\" content=\"Written by\" \/>\n\t<meta name=\"twitter:data1\" content=\"azureart\" \/>\n\t<meta name=\"twitter:label2\" content=\"Est. reading time\" \/>\n\t<meta name=\"twitter:data2\" content=\"1 minute\" \/>\n<script type=\"application\/ld+json\" class=\"yoast-schema-graph\">{\"@context\":\"https:\/\/schema.org\",\"@graph\":[{\"@type\":\"Article\",\"@id\":\"https:\/\/swissbaker.ch\/fr\/panissimo-news\/exposition-de-la-releve-fribourgeoise-a-bulle\/#article\",\"isPartOf\":{\"@id\":\"https:\/\/swissbaker.ch\/fr\/panissimo-news\/exposition-de-la-releve-fribourgeoise-a-bulle\/\"},\"author\":{\"name\":\"azureart\",\"@id\":\"https:\/\/swissbaker.ch\/fr\/#\/schema\/person\/058ac47619f7da53df62aba60f939b78\"},\"headline\":\"Exposition de la rel\u00e8ve fribourgeoise \u00e0 Bulle\",\"datePublished\":\"2019-11-06T10:54:00+00:00\",\"dateModified\":\"2022-05-20T09:55:37+00:00\",\"mainEntityOfPage\":{\"@id\":\"https:\/\/swissbaker.ch\/fr\/panissimo-news\/exposition-de-la-releve-fribourgeoise-a-bulle\/\"},\"wordCount\":97,\"commentCount\":0,\"publisher\":{\"@id\":\"https:\/\/swissbaker.ch\/fr\/#organization\"},\"image\":{\"@id\":\"https:\/\/swissbaker.ch\/fr\/panissimo-news\/exposition-de-la-releve-fribourgeoise-a-bulle\/#primaryimage\"},\"thumbnailUrl\":\"https:\/\/swissbaker.ch\/wp-content\/uploads\/2022\/05\/nl-22.1_expo_apprentis_bulle.jpg\",\"articleSection\":[\"Non classifi\u00e9(e)\"],\"inLanguage\":\"fr-FR\",\"potentialAction\":[{\"@type\":\"CommentAction\",\"name\":\"Comment\",\"target\":[\"https:\/\/swissbaker.ch\/fr\/panissimo-news\/exposition-de-la-releve-fribourgeoise-a-bulle\/#respond\"]}]},{\"@type\":\"WebPage\",\"@id\":\"https:\/\/swissbaker.ch\/fr\/panissimo-news\/exposition-de-la-releve-fribourgeoise-a-bulle\/\",\"url\":\"https:\/\/swissbaker.ch\/fr\/panissimo-news\/exposition-de-la-releve-fribourgeoise-a-bulle\/\",\"name\":\"Exposition de la rel\u00e8ve fribourgeoise \u00e0 Bulle | SBC\",\"isPartOf\":{\"@id\":\"https:\/\/swissbaker.ch\/fr\/#website\"},\"primaryImageOfPage\":{\"@id\":\"https:\/\/swissbaker.ch\/fr\/panissimo-news\/exposition-de-la-releve-fribourgeoise-a-bulle\/#primaryimage\"},\"image\":{\"@id\":\"https:\/\/swissbaker.ch\/fr\/panissimo-news\/exposition-de-la-releve-fribourgeoise-a-bulle\/#primaryimage\"},\"thumbnailUrl\":\"https:\/\/swissbaker.ch\/wp-content\/uploads\/2022\/05\/nl-22.1_expo_apprentis_bulle.jpg\",\"datePublished\":\"2019-11-06T10:54:00+00:00\",\"dateModified\":\"2022-05-20T09:55:37+00:00\",\"breadcrumb\":{\"@id\":\"https:\/\/swissbaker.ch\/fr\/panissimo-news\/exposition-de-la-releve-fribourgeoise-a-bulle\/#breadcrumb\"},\"inLanguage\":\"fr-FR\",\"potentialAction\":[{\"@type\":\"ReadAction\",\"target\":[\"https:\/\/swissbaker.ch\/fr\/panissimo-news\/exposition-de-la-releve-fribourgeoise-a-bulle\/\"]}]},{\"@type\":\"ImageObject\",\"inLanguage\":\"fr-FR\",\"@id\":\"https:\/\/swissbaker.ch\/fr\/panissimo-news\/exposition-de-la-releve-fribourgeoise-a-bulle\/#primaryimage\",\"url\":\"https:\/\/swissbaker.ch\/wp-content\/uploads\/2022\/05\/nl-22.1_expo_apprentis_bulle.jpg\",\"contentUrl\":\"https:\/\/swissbaker.ch\/wp-content\/uploads\/2022\/05\/nl-22.1_expo_apprentis_bulle.jpg\",\"width\":800,\"height\":474,\"caption\":\"Exposition de la rel\u00e8ve fribourgeoise \u00e0 Bulle\"},{\"@type\":\"BreadcrumbList\",\"@id\":\"https:\/\/swissbaker.ch\/fr\/panissimo-news\/exposition-de-la-releve-fribourgeoise-a-bulle\/#breadcrumb\",\"itemListElement\":[{\"@type\":\"ListItem\",\"position\":1,\"name\":\"\",\"item\":\"https:\/\/swissbaker.ch\/fr\/\"},{\"@type\":\"ListItem\",\"position\":2,\"name\":\"Non classifi\u00e9(e)\",\"item\":\"https:\/\/swissbaker.ch\/fr\/panissimo-news\/category\/non-classifiee\/\"},{\"@type\":\"ListItem\",\"position\":3,\"name\":\"Exposition de la rel\u00e8ve fribourgeoise \u00e0 Bulle\"}]},{\"@type\":\"WebSite\",\"@id\":\"https:\/\/swissbaker.ch\/fr\/#website\",\"url\":\"https:\/\/swissbaker.ch\/fr\/\",\"name\":\"SBC\",\"description\":\"\",\"publisher\":{\"@id\":\"https:\/\/swissbaker.ch\/fr\/#organization\"},\"potentialAction\":[{\"@type\":\"SearchAction\",\"target\":{\"@type\":\"EntryPoint\",\"urlTemplate\":\"https:\/\/swissbaker.ch\/fr\/?s={search_term_string}\"},\"query-input\":{\"@type\":\"PropertyValueSpecification\",\"valueRequired\":true,\"valueName\":\"search_term_string\"}}],\"inLanguage\":\"fr-FR\"},{\"@type\":\"Organization\",\"@id\":\"https:\/\/swissbaker.ch\/fr\/#organization\",\"name\":\"Schweizerischer B\u00e4cker-Confiseurmeister-Verband\",\"url\":\"https:\/\/swissbaker.ch\/fr\/\",\"logo\":{\"@type\":\"ImageObject\",\"inLanguage\":\"fr-FR\",\"@id\":\"https:\/\/swissbaker.ch\/fr\/#\/schema\/logo\/image\/\",\"url\":\"https:\/\/swissbaker.ch\/wp-content\/uploads\/2022\/04\/sbc-logo-yoast.jpg\",\"contentUrl\":\"https:\/\/swissbaker.ch\/wp-content\/uploads\/2022\/04\/sbc-logo-yoast.jpg\",\"width\":512,\"height\":512,\"caption\":\"Schweizerischer B\u00e4cker-Confiseurmeister-Verband\"},\"image\":{\"@id\":\"https:\/\/swissbaker.ch\/fr\/#\/schema\/logo\/image\/\"},\"sameAs\":[\"https:\/\/www.facebook.com\/swissbaker.ch\",\"https:\/\/x.com\/ch_swissbaker\"]},{\"@type\":\"Person\",\"@id\":\"https:\/\/swissbaker.ch\/fr\/#\/schema\/person\/058ac47619f7da53df62aba60f939b78\",\"name\":\"azureart\",\"image\":{\"@type\":\"ImageObject\",\"inLanguage\":\"fr-FR\",\"@id\":\"https:\/\/swissbaker.ch\/fr\/#\/schema\/person\/image\/\",\"url\":\"https:\/\/secure.gravatar.com\/avatar\/be04dd3098fd612c83067af4f7a295384c93cb6a9112f51beb9d2f477d25da61?s=96&d=mm&r=g\",\"contentUrl\":\"https:\/\/secure.gravatar.com\/avatar\/be04dd3098fd612c83067af4f7a295384c93cb6a9112f51beb9d2f477d25da61?s=96&d=mm&r=g\",\"caption\":\"azureart\"},\"sameAs\":[\"https:\/\/swissbaker.ch\"],\"url\":\"https:\/\/swissbaker.ch\/fr\/panissimo-news\/author\/pixel-ahoi\/\"}]}<\/script>\n<!-- \/ Yoast SEO Premium plugin. -->","yoast_head_json":{"title":"Exposition de la rel\u00e8ve fribourgeoise \u00e0 Bulle | SBC","robots":{"index":"index","follow":"follow","max-snippet":"max-snippet:-1","max-image-preview":"max-image-preview:large","max-video-preview":"max-video-preview:-1"},"canonical":"https:\/\/swissbaker.ch\/fr\/panissimo-news\/exposition-de-la-releve-fribourgeoise-a-bulle\/","og_locale":"fr_FR","og_type":"article","og_title":"Exposition de la rel\u00e8ve fribourgeoise \u00e0 Bulle","og_description":"Le concours des apprentis fribourgeois boulangers-p\u00e2tissiers-confiseurs et gestionnaires du commerce de d\u00e9tail s\u2019est d\u00e9roul\u00e9 \u00e0 Bulle, \u00e0 l\u2019occasion du Salon des go\u00fbts et terroir. Les visiteurs ont pu appr\u00e9cier 82 cr\u00e9ations de ces 2e et 3e ann\u00e9es sur le th\u00e8me \u00ab\u2009Br\u00e9sil, Chocolat \u2013 Caf\u00e9\u2009\u00bb. Dix m\u00e9daill\u00e9s d\u2019orVingt-sept jeunes sont repartis avec une m\u00e9daille\u2009: dix or, six argent et onze bronze. [&hellip;]","og_url":"https:\/\/swissbaker.ch\/fr\/panissimo-news\/exposition-de-la-releve-fribourgeoise-a-bulle\/","og_site_name":"SBC","article_publisher":"https:\/\/www.facebook.com\/swissbaker.ch","article_published_time":"2019-11-06T10:54:00+00:00","article_modified_time":"2022-05-20T09:55:37+00:00","og_image":[{"width":800,"height":474,"url":"https:\/\/swissbaker.ch\/wp-content\/uploads\/2022\/05\/nl-22.1_expo_apprentis_bulle.jpg","type":"image\/jpeg"}],"author":"azureart","twitter_card":"summary_large_image","twitter_creator":"@ch_swissbaker","twitter_site":"@ch_swissbaker","twitter_misc":{"Written by":"azureart","Est. reading time":"1 minute"},"schema":{"@context":"https:\/\/schema.org","@graph":[{"@type":"Article","@id":"https:\/\/swissbaker.ch\/fr\/panissimo-news\/exposition-de-la-releve-fribourgeoise-a-bulle\/#article","isPartOf":{"@id":"https:\/\/swissbaker.ch\/fr\/panissimo-news\/exposition-de-la-releve-fribourgeoise-a-bulle\/"},"author":{"name":"azureart","@id":"https:\/\/swissbaker.ch\/fr\/#\/schema\/person\/058ac47619f7da53df62aba60f939b78"},"headline":"Exposition de la rel\u00e8ve fribourgeoise \u00e0 Bulle","datePublished":"2019-11-06T10:54:00+00:00","dateModified":"2022-05-20T09:55:37+00:00","mainEntityOfPage":{"@id":"https:\/\/swissbaker.ch\/fr\/panissimo-news\/exposition-de-la-releve-fribourgeoise-a-bulle\/"},"wordCount":97,"commentCount":0,"publisher":{"@id":"https:\/\/swissbaker.ch\/fr\/#organization"},"image":{"@id":"https:\/\/swissbaker.ch\/fr\/panissimo-news\/exposition-de-la-releve-fribourgeoise-a-bulle\/#primaryimage"},"thumbnailUrl":"https:\/\/swissbaker.ch\/wp-content\/uploads\/2022\/05\/nl-22.1_expo_apprentis_bulle.jpg","articleSection":["Non classifi\u00e9(e)"],"inLanguage":"fr-FR","potentialAction":[{"@type":"CommentAction","name":"Comment","target":["https:\/\/swissbaker.ch\/fr\/panissimo-news\/exposition-de-la-releve-fribourgeoise-a-bulle\/#respond"]}]},{"@type":"WebPage","@id":"https:\/\/swissbaker.ch\/fr\/panissimo-news\/exposition-de-la-releve-fribourgeoise-a-bulle\/","url":"https:\/\/swissbaker.ch\/fr\/panissimo-news\/exposition-de-la-releve-fribourgeoise-a-bulle\/","name":"Exposition de la rel\u00e8ve fribourgeoise \u00e0 Bulle | SBC","isPartOf":{"@id":"https:\/\/swissbaker.ch\/fr\/#website"},"primaryImageOfPage":{"@id":"https:\/\/swissbaker.ch\/fr\/panissimo-news\/exposition-de-la-releve-fribourgeoise-a-bulle\/#primaryimage"},"image":{"@id":"https:\/\/swissbaker.ch\/fr\/panissimo-news\/exposition-de-la-releve-fribourgeoise-a-bulle\/#primaryimage"},"thumbnailUrl":"https:\/\/swissbaker.ch\/wp-content\/uploads\/2022\/05\/nl-22.1_expo_apprentis_bulle.jpg","datePublished":"2019-11-06T10:54:00+00:00","dateModified":"2022-05-20T09:55:37+00:00","breadcrumb":{"@id":"https:\/\/swissbaker.ch\/fr\/panissimo-news\/exposition-de-la-releve-fribourgeoise-a-bulle\/#breadcrumb"},"inLanguage":"fr-FR","potentialAction":[{"@type":"ReadAction","target":["https:\/\/swissbaker.ch\/fr\/panissimo-news\/exposition-de-la-releve-fribourgeoise-a-bulle\/"]}]},{"@type":"ImageObject","inLanguage":"fr-FR","@id":"https:\/\/swissbaker.ch\/fr\/panissimo-news\/exposition-de-la-releve-fribourgeoise-a-bulle\/#primaryimage","url":"https:\/\/swissbaker.ch\/wp-content\/uploads\/2022\/05\/nl-22.1_expo_apprentis_bulle.jpg","contentUrl":"https:\/\/swissbaker.ch\/wp-content\/uploads\/2022\/05\/nl-22.1_expo_apprentis_bulle.jpg","width":800,"height":474,"caption":"Exposition de la rel\u00e8ve fribourgeoise \u00e0 Bulle"},{"@type":"BreadcrumbList","@id":"https:\/\/swissbaker.ch\/fr\/panissimo-news\/exposition-de-la-releve-fribourgeoise-a-bulle\/#breadcrumb","itemListElement":[{"@type":"ListItem","position":1,"name":"","item":"https:\/\/swissbaker.ch\/fr\/"},{"@type":"ListItem","position":2,"name":"Non classifi\u00e9(e)","item":"https:\/\/swissbaker.ch\/fr\/panissimo-news\/category\/non-classifiee\/"},{"@type":"ListItem","position":3,"name":"Exposition de la rel\u00e8ve fribourgeoise \u00e0 Bulle"}]},{"@type":"WebSite","@id":"https:\/\/swissbaker.ch\/fr\/#website","url":"https:\/\/swissbaker.ch\/fr\/","name":"SBC","description":"","publisher":{"@id":"https:\/\/swissbaker.ch\/fr\/#organization"},"potentialAction":[{"@type":"SearchAction","target":{"@type":"EntryPoint","urlTemplate":"https:\/\/swissbaker.ch\/fr\/?s={search_term_string}"},"query-input":{"@type":"PropertyValueSpecification","valueRequired":true,"valueName":"search_term_string"}}],"inLanguage":"fr-FR"},{"@type":"Organization","@id":"https:\/\/swissbaker.ch\/fr\/#organization","name":"Schweizerischer B\u00e4cker-Confiseurmeister-Verband","url":"https:\/\/swissbaker.ch\/fr\/","logo":{"@type":"ImageObject","inLanguage":"fr-FR","@id":"https:\/\/swissbaker.ch\/fr\/#\/schema\/logo\/image\/","url":"https:\/\/swissbaker.ch\/wp-content\/uploads\/2022\/04\/sbc-logo-yoast.jpg","contentUrl":"https:\/\/swissbaker.ch\/wp-content\/uploads\/2022\/04\/sbc-logo-yoast.jpg","width":512,"height":512,"caption":"Schweizerischer B\u00e4cker-Confiseurmeister-Verband"},"image":{"@id":"https:\/\/swissbaker.ch\/fr\/#\/schema\/logo\/image\/"},"sameAs":["https:\/\/www.facebook.com\/swissbaker.ch","https:\/\/x.com\/ch_swissbaker"]},{"@type":"Person","@id":"https:\/\/swissbaker.ch\/fr\/#\/schema\/person\/058ac47619f7da53df62aba60f939b78","name":"azureart","image":{"@type":"ImageObject","inLanguage":"fr-FR","@id":"https:\/\/swissbaker.ch\/fr\/#\/schema\/person\/image\/","url":"https:\/\/secure.gravatar.com\/avatar\/be04dd3098fd612c83067af4f7a295384c93cb6a9112f51beb9d2f477d25da61?s=96&d=mm&r=g","contentUrl":"https:\/\/secure.gravatar.com\/avatar\/be04dd3098fd612c83067af4f7a295384c93cb6a9112f51beb9d2f477d25da61?s=96&d=mm&r=g","caption":"azureart"},"sameAs":["https:\/\/swissbaker.ch"],"url":"https:\/\/swissbaker.ch\/fr\/panissimo-news\/author\/pixel-ahoi\/"}]}},"_links":{"self":[{"href":"https:\/\/swissbaker.ch\/fr\/wp-json\/wp\/v2\/posts\/10323","targetHints":{"allow":["GET"]}}],"collection":[{"href":"https:\/\/swissbaker.ch\/fr\/wp-json\/wp\/v2\/posts"}],"about":[{"href":"https:\/\/swissbaker.ch\/fr\/wp-json\/wp\/v2\/types\/post"}],"author":[{"embeddable":true,"href":"https:\/\/swissbaker.ch\/fr\/wp-json\/wp\/v2\/users\/1"}],"replies":[{"embeddable":true,"href":"https:\/\/swissbaker.ch\/fr\/wp-json\/wp\/v2\/comments?post=10323"}],"version-history":[{"count":0,"href":"https:\/\/swissbaker.ch\/fr\/wp-json\/wp\/v2\/posts\/10323\/revisions"}],"wp:featuredmedia":[{"embeddable":true,"href":"https:\/\/swissbaker.ch\/fr\/wp-json\/wp\/v2\/media\/10324"}],"wp:attachment":[{"href":"https:\/\/swissbaker.ch\/fr\/wp-json\/wp\/v2\/media?parent=10323"}],"wp:term":[{"taxonomy":"category","embeddable":true,"href":"https:\/\/swissbaker.ch\/fr\/wp-json\/wp\/v2\/categories?post=10323"},{"taxonomy":"post_tag","embeddable":true,"href":"https:\/\/swissbaker.ch\/fr\/wp-json\/wp\/v2\/tags?post=10323"}],"curies":[{"name":"wp","href":"https:\/\/api.w.org\/{rel}","templated":true}]}}