{"id":10311,"date":"2019-11-13T16:09:00","date_gmt":"2019-11-13T15:09:00","guid":{"rendered":"https:\/\/swissbaker.ch\/?p=10311"},"modified":"2022-05-20T11:44:14","modified_gmt":"2022-05-20T09:44:14","slug":"coupe-du-monde-de-panettone-deux-suisses-sur-le-podium","status":"publish","type":"post","link":"https:\/\/swissbaker.ch\/fr\/panissimo-news\/coupe-du-monde-de-panettone-deux-suisses-sur-le-podium\/","title":{"rendered":"Coupe du monde de panettone : deux Suisses sur le podium"},"content":{"rendered":"\n<p><strong>La 1\u00e8re coupe du monde de panettone a \u00e9t\u00e9 un r\u00e9el succ\u00e8s, la semaine derni\u00e8re \u00e0 Lugano. Huit nations y ont particip\u00e9. Deux Suisses sont mont\u00e9s sur le podium: Marzio Monaco de Losone (TI) \u00e0 la deuxi\u00e8me place et Luca Poncini de Maggia (TI) \u00e0 la troisi\u00e8me. Massimo Ferrante de G\u00e8nes (I) a remport\u00e9 la m\u00e9daille d\u2019or.<\/strong><\/p>\n\n\n\n<p><a href=\"https:\/\/www.swissbaker.ch\/fr\/news-panissimo\/galeries-de-photos\/galeries-2019\/finale-coppa-del-mondo-del-panettone-1119\/\">Galerie de photos&#8230;\u00bb<\/a><\/p>\n\n\n\n<p>\u00abNous ne donnons pas de recette\u00bb, a expliqu\u00e9 le fondateur de la \u00abCoppa del Mondo del Panettone\u00bb, Giuseppe Piffaretti, lors de cette 1\u00e8re \u00e9dition. \u00abNous voulons transmettre notre passion, montrer ce que rec\u00e8le la bo\u00eete de panettone. Il y a en effet tout un monde \u00e0 d\u00e9couvrir!\u00bb Celui que les Tessinois surnomment \u00abMaestro Piff\u00bb et son \u00e9quipe ont pr\u00e9par\u00e9 l\u2019\u00e9v\u00e9nement pendant un an et demi.<\/p>\n\n\n\n<p id=\"h-tous-les-visages-rayonnaient-a-la-fin-les-efforts-consentis-ont-ete-recompenses\">Tous les visages rayonnaient \u00e0 la fin. Les efforts consentis ont \u00e9t\u00e9 r\u00e9compens\u00e9s.<\/p>\n\n\n\n<p>Ouverte au public, la manifestation a dur\u00e9 trois jours. Une partie des participants et diff\u00e9rentes entreprises partenaires ont \u00e9t\u00e9 pr\u00e9sents avec des stands. De nombreux d\u00e9bats, des pr\u00e9sentations, des interventions et un concours de d\u00e9coration de panettone pour les apprentis de 3e ann\u00e9e. La halle n\u2019a pas d\u00e9sempli le samedi. Le dimanche, un grand nombre de professionnels et de curieux ont fait le d\u00e9placement. Les pr\u00e9sentations ont \u00e9t\u00e9 suivies avec un grand int\u00e9r\u00eat. La pr\u00e9sence m\u00e9diatique a \u00e9galement \u00e9t\u00e9 r\u00e9jouissante. Une \u00e9quipe de t\u00e9l\u00e9vision britannique a couvert l\u2019\u00e9v\u00e9nement, en plus de la radio et de la t\u00e9l\u00e9vision tessinoises.<\/p>\n\n\n\n<p>Vingt participants de Suisse, Australie, Espagne, France, Italie, Japon, Portugal et des USA ont particip\u00e9 \u00e0 cette finale. La pr\u00e9s\u00e9lection a eu lieu en juin en Suisse. Sur les 22&nbsp;candidats suisses, quatre Tessinois s\u2019\u00e9taient qualifi\u00e9s, \u00e0 savoir Roberto Gatti de Lugano, Bruno Buletti d\u2019Airolo, Marzio Monaco de Losone et Luca Poncini de Maggia.<\/p>\n\n\n\n<h2 class=\"wp-block-heading\" id=\"h-tradition-suisse-meconnue\">Tradition suisse m\u00e9connue<\/h2>\n\n\n\n<p>Les participants n\u2019ont pas tari d\u2019\u00e9loges sur la manifestation et son instigateur Giuseppe Piffaretti. \u00abC\u2019est l\u2019unique r\u00e9el \u00e9v\u00e9nement international\u00bb, a confi\u00e9 le futur laur\u00e9at, Massimo Ferrante de G\u00e8nes (I), avant la remise des prix. Les autres concours en Italie ne seraient que de p\u00e2les copies, selon lui. L\u2019artisan s\u2019est dit \u00e9tonn\u00e9 que l\u2019on produise aussi des panettones en Suisse.<\/p>\n\n\n\n<p>Massimo Peruzzi, de Prato (I) pr\u00e8s de Florence, ne savait pas non plus que la tradition du panettone s\u2019\u00e9tendait au-del\u00e0 de la ville de Milan. Il a \u00e9t\u00e9 tr\u00e8s surpris d\u2019apprendre que certains artisans produisaient des panettones toute l\u2019ann\u00e9e en Suisse. \u00abNous n\u2019y arrivons pas en Italie!\u00bb C\u2019\u00e9tait un honneur pour lui que de pouvoir participer \u00e0 cette manifestation avec autant de professionnels internationaux.<\/p>\n\n\n\n<h2 class=\"wp-block-heading\" id=\"h-venus-de-new-york\">Venus de New York<\/h2>\n\n\n\n<p>Biagio Settepani et son \u00e9pouse Pina ont fait un long voyage. Originaire de Sicile, ce dernier vit depuis 1973 \u00e0 New York. Depuis 37\u00a0ans, le couple dirige une entreprise de p\u00e2tisserie dans la m\u00e9tropole. Sa sp\u00e9cialit\u00e9: le panettone.<\/p>\n\n\n\n<p>Arriv\u00e9 \u00e0 New York \u00e0 l\u2019\u00e2ge de 14&nbsp;ans, Biagio Settepani n\u2019a pas pu poursuivre son apprentissage de barbier d\u00e9but\u00e9 en Sicile. Il a donc commenc\u00e9 \u00e0 travailler dans une \u00abbakery\u00bb. \u00abA partir du moment o\u00f9 j\u2019ai observ\u00e9 la transformation de la mati\u00e8re liquide en quelques minutes, je me suis totalement pris de passion pour ce m\u00e9tier, et ce pour toujours.\u00bb Il a lanc\u00e9 son business \u00e0 21&nbsp;ans. Il a appris sur le tas, a-t-il expliqu\u00e9 sur sc\u00e8ne. \u00abVous avez de la chance!\u00bb, a-t-il fait remarquer, parce qu\u2019aux Etats-Unis, il n\u2019existe aucune offre d\u2019apprentissage ou d\u2019\u00e9coles promouvant cette culture. M. Settepani d\u00e9bute la production panettone en novembre, \u00e0 Thanksgiving. Il en produit pr\u00e8s de 8000.<\/p>\n\n\n\n<h2 class=\"wp-block-heading\" id=\"h-un-bijou-de-pain-pour-80-euros\">Un bijou de pain pour 80 euros<\/h2>\n\n\n\n<p>Le concurrent japonais Katsuel Shiga a apport\u00e9 une touche d\u2019exotisme au concours. Il s\u2019est muni de son porte-bonheur pour d\u00e9couper son panettone\u00a0: un couteau sp\u00e9cial que lui a offert le fils de l\u2019empereur. Katsuel Shiga dirige \u00e0 Tokyo une boutique de pain. Sa sp\u00e9cialit\u00e9 est le pain biologique Ce dernier est pr\u00e9sent\u00e9 en magasin comme un bijou, a relev\u00e9 Giuseppe Piffaretti lors de la pr\u00e9sentation du candidat. Prix d\u2019un pain: 80\u00a0euros. Mais le pain le plus difficile est le panettone, selon le concurrent. Il en produit dix sortes diff\u00e9rentes, notamment avec des ingr\u00e9dients asiatiques.<\/p>\n\n\n\n<p>Le professionnel japonais n\u2019a pas cach\u00e9 son enthousiasme pour cette manifestation: \u00abTout est magnifique!\u00bb Il avait confectionn\u00e9 ses six panettones le 6&nbsp;novembre, avant de partir le 7. M. Shiga ne parle ni l\u2019italien ni l\u2019anglais.<\/p>\n\n\n\n<h2 class=\"wp-block-heading\">Tiramisu en PET<\/h2>\n\n\n\n<p>Engag\u00e9 en tant que membre du jury \u00e0 Lugano, l\u2019Italien Marco Paolo Molinari a fait office de traducteur. Il vit depuis 32&nbsp;ans au Japon. Il a pr\u00e9sent\u00e9 un tiramisu produit notamment \u00e0 partir de bouteilles en PET. La majorit\u00e9 des spectateurs en a mang\u00e9 une cuill\u00e8re. Il avait un go\u00fbt normal et n\u2019a pas pos\u00e9 de probl\u00e8me de digestion.<\/p>\n\n\n\n<p id=\"h-le-president-cantonal-massimo-turuani-a-remercie-de-son-engagement-giuseppe-piffaretti-qui-a-ete-la-locomotive-de-cette-manifestation-les-membres-du-jury-ont-salue-l-organisation-et-son-engagement\">Le pr\u00e9sident cantonal Massimo Turuani a remerci\u00e9 de son engagement Giuseppe Piffaretti, qui a \u00e9t\u00e9 la \u00ablocomotive\u00bb de cette manifestation. Les membres du jury ont salu\u00e9 l\u2019organisation et son engagement.<\/p>\n\n\n\n<p>D\u00e9sign\u00e9 \u00abMaestro del panettone\u00bb, &nbsp;Iginio Massari est le \u00abmiglior pasticcere del mondo 2019\u00bb.<\/p>\n\n\n\n<p>La deuxi\u00e8me \u00e9dition aura lieu dans deux ans.<\/p>\n\n\n\n<p><a href=\"https:\/\/www.coppadelmondodelpanettone.ch\/\" target=\"_blank\" rel=\"noreferrer noopener\">www.coppadelmondodelpanettone.ch<\/a><\/p>\n","protected":false},"excerpt":{"rendered":"<p>La 1\u00e8re coupe du monde de panettone a \u00e9t\u00e9 un r\u00e9el succ\u00e8s, la semaine derni\u00e8re \u00e0 Lugano. Huit nations y ont particip\u00e9. Deux Suisses sont mont\u00e9s sur le podium: Marzio Monaco de Losone (TI) \u00e0 la deuxi\u00e8me place et Luca Poncini de Maggia (TI) \u00e0 la troisi\u00e8me. Massimo Ferrante de G\u00e8nes (I) a remport\u00e9 la m\u00e9daille d\u2019or. Galerie de photos&#8230;\u00bb [&hellip;]<\/p>\n","protected":false},"author":1,"featured_media":6046,"comment_status":"open","ping_status":"closed","sticky":false,"template":"","format":"standard","meta":{"_acf_changed":false,"footnotes":""},"categories":[43],"tags":[],"class_list":["post-10311","post","type-post","status-publish","format-standard","has-post-thumbnail","hentry","category-concours"],"acf":[],"yoast_head":"<!-- This site is optimized with the Yoast SEO Premium plugin v26.8 (Yoast SEO v26.8) - https:\/\/yoast.com\/product\/yoast-seo-premium-wordpress\/ -->\n<title>Coupe du monde de panettone : deux Suisses sur le podium | SBC<\/title>\n<meta name=\"robots\" content=\"index, follow, max-snippet:-1, max-image-preview:large, max-video-preview:-1\" \/>\n<link rel=\"canonical\" href=\"https:\/\/swissbaker.ch\/fr\/panissimo-news\/coupe-du-monde-de-panettone-deux-suisses-sur-le-podium\/\" \/>\n<meta property=\"og:locale\" content=\"fr_FR\" \/>\n<meta property=\"og:type\" content=\"article\" \/>\n<meta property=\"og:title\" content=\"Coupe du monde de panettone : deux Suisses sur le podium\" \/>\n<meta property=\"og:description\" content=\"La 1\u00e8re coupe du monde de panettone a \u00e9t\u00e9 un r\u00e9el succ\u00e8s, la semaine derni\u00e8re \u00e0 Lugano. Huit nations y ont particip\u00e9. Deux Suisses sont mont\u00e9s sur le podium: Marzio Monaco de Losone (TI) \u00e0 la deuxi\u00e8me place et Luca Poncini de Maggia (TI) \u00e0 la troisi\u00e8me. Massimo Ferrante de G\u00e8nes (I) a remport\u00e9 la m\u00e9daille d\u2019or. Galerie de photos&#8230;\u00bb [&hellip;]\" \/>\n<meta property=\"og:url\" content=\"https:\/\/swissbaker.ch\/fr\/panissimo-news\/coupe-du-monde-de-panettone-deux-suisses-sur-le-podium\/\" \/>\n<meta property=\"og:site_name\" content=\"SBC\" \/>\n<meta property=\"article:publisher\" content=\"https:\/\/www.facebook.com\/swissbaker.ch\" \/>\n<meta property=\"article:published_time\" content=\"2019-11-13T15:09:00+00:00\" \/>\n<meta property=\"article:modified_time\" content=\"2022-05-20T09:44:14+00:00\" \/>\n<meta property=\"og:image\" content=\"https:\/\/swissbaker.ch\/wp-content\/uploads\/2022\/03\/NL-22.2_coppa_panettone_podest_2.jpg\" \/>\n\t<meta property=\"og:image:width\" content=\"800\" \/>\n\t<meta property=\"og:image:height\" content=\"474\" \/>\n\t<meta property=\"og:image:type\" content=\"image\/jpeg\" \/>\n<meta name=\"author\" content=\"azureart\" \/>\n<meta name=\"twitter:card\" content=\"summary_large_image\" \/>\n<meta name=\"twitter:creator\" content=\"@ch_swissbaker\" \/>\n<meta name=\"twitter:site\" content=\"@ch_swissbaker\" \/>\n<meta name=\"twitter:label1\" content=\"Written by\" \/>\n\t<meta name=\"twitter:data1\" content=\"azureart\" \/>\n\t<meta name=\"twitter:label2\" content=\"Est. reading time\" \/>\n\t<meta name=\"twitter:data2\" content=\"5 minutes\" \/>\n<script type=\"application\/ld+json\" class=\"yoast-schema-graph\">{\"@context\":\"https:\/\/schema.org\",\"@graph\":[{\"@type\":\"Article\",\"@id\":\"https:\/\/swissbaker.ch\/fr\/panissimo-news\/coupe-du-monde-de-panettone-deux-suisses-sur-le-podium\/#article\",\"isPartOf\":{\"@id\":\"https:\/\/swissbaker.ch\/fr\/panissimo-news\/coupe-du-monde-de-panettone-deux-suisses-sur-le-podium\/\"},\"author\":{\"name\":\"azureart\",\"@id\":\"https:\/\/swissbaker.ch\/fr\/#\/schema\/person\/058ac47619f7da53df62aba60f939b78\"},\"headline\":\"Coupe du monde de panettone : deux Suisses sur le podium\",\"datePublished\":\"2019-11-13T15:09:00+00:00\",\"dateModified\":\"2022-05-20T09:44:14+00:00\",\"mainEntityOfPage\":{\"@id\":\"https:\/\/swissbaker.ch\/fr\/panissimo-news\/coupe-du-monde-de-panettone-deux-suisses-sur-le-podium\/\"},\"wordCount\":921,\"commentCount\":0,\"publisher\":{\"@id\":\"https:\/\/swissbaker.ch\/fr\/#organization\"},\"image\":{\"@id\":\"https:\/\/swissbaker.ch\/fr\/panissimo-news\/coupe-du-monde-de-panettone-deux-suisses-sur-le-podium\/#primaryimage\"},\"thumbnailUrl\":\"https:\/\/swissbaker.ch\/wp-content\/uploads\/2022\/03\/NL-22.2_coppa_panettone_podest_2.jpg\",\"articleSection\":[\"Concours\"],\"inLanguage\":\"fr-FR\",\"potentialAction\":[{\"@type\":\"CommentAction\",\"name\":\"Comment\",\"target\":[\"https:\/\/swissbaker.ch\/fr\/panissimo-news\/coupe-du-monde-de-panettone-deux-suisses-sur-le-podium\/#respond\"]}]},{\"@type\":\"WebPage\",\"@id\":\"https:\/\/swissbaker.ch\/fr\/panissimo-news\/coupe-du-monde-de-panettone-deux-suisses-sur-le-podium\/\",\"url\":\"https:\/\/swissbaker.ch\/fr\/panissimo-news\/coupe-du-monde-de-panettone-deux-suisses-sur-le-podium\/\",\"name\":\"Coupe du monde de panettone : deux Suisses sur le podium | SBC\",\"isPartOf\":{\"@id\":\"https:\/\/swissbaker.ch\/fr\/#website\"},\"primaryImageOfPage\":{\"@id\":\"https:\/\/swissbaker.ch\/fr\/panissimo-news\/coupe-du-monde-de-panettone-deux-suisses-sur-le-podium\/#primaryimage\"},\"image\":{\"@id\":\"https:\/\/swissbaker.ch\/fr\/panissimo-news\/coupe-du-monde-de-panettone-deux-suisses-sur-le-podium\/#primaryimage\"},\"thumbnailUrl\":\"https:\/\/swissbaker.ch\/wp-content\/uploads\/2022\/03\/NL-22.2_coppa_panettone_podest_2.jpg\",\"datePublished\":\"2019-11-13T15:09:00+00:00\",\"dateModified\":\"2022-05-20T09:44:14+00:00\",\"breadcrumb\":{\"@id\":\"https:\/\/swissbaker.ch\/fr\/panissimo-news\/coupe-du-monde-de-panettone-deux-suisses-sur-le-podium\/#breadcrumb\"},\"inLanguage\":\"fr-FR\",\"potentialAction\":[{\"@type\":\"ReadAction\",\"target\":[\"https:\/\/swissbaker.ch\/fr\/panissimo-news\/coupe-du-monde-de-panettone-deux-suisses-sur-le-podium\/\"]}]},{\"@type\":\"ImageObject\",\"inLanguage\":\"fr-FR\",\"@id\":\"https:\/\/swissbaker.ch\/fr\/panissimo-news\/coupe-du-monde-de-panettone-deux-suisses-sur-le-podium\/#primaryimage\",\"url\":\"https:\/\/swissbaker.ch\/wp-content\/uploads\/2022\/03\/NL-22.2_coppa_panettone_podest_2.jpg\",\"contentUrl\":\"https:\/\/swissbaker.ch\/wp-content\/uploads\/2022\/03\/NL-22.2_coppa_panettone_podest_2.jpg\",\"width\":800,\"height\":474,\"caption\":\"Coupe du monde de panettone : deux Suisses sur le podium\"},{\"@type\":\"BreadcrumbList\",\"@id\":\"https:\/\/swissbaker.ch\/fr\/panissimo-news\/coupe-du-monde-de-panettone-deux-suisses-sur-le-podium\/#breadcrumb\",\"itemListElement\":[{\"@type\":\"ListItem\",\"position\":1,\"name\":\"\",\"item\":\"https:\/\/swissbaker.ch\/fr\/\"},{\"@type\":\"ListItem\",\"position\":2,\"name\":\"Concours\",\"item\":\"https:\/\/swissbaker.ch\/fr\/panissimo-news\/category\/concours\/\"},{\"@type\":\"ListItem\",\"position\":3,\"name\":\"Coupe du monde de panettone : deux Suisses sur le podium\"}]},{\"@type\":\"WebSite\",\"@id\":\"https:\/\/swissbaker.ch\/fr\/#website\",\"url\":\"https:\/\/swissbaker.ch\/fr\/\",\"name\":\"SBC\",\"description\":\"\",\"publisher\":{\"@id\":\"https:\/\/swissbaker.ch\/fr\/#organization\"},\"potentialAction\":[{\"@type\":\"SearchAction\",\"target\":{\"@type\":\"EntryPoint\",\"urlTemplate\":\"https:\/\/swissbaker.ch\/fr\/?s={search_term_string}\"},\"query-input\":{\"@type\":\"PropertyValueSpecification\",\"valueRequired\":true,\"valueName\":\"search_term_string\"}}],\"inLanguage\":\"fr-FR\"},{\"@type\":\"Organization\",\"@id\":\"https:\/\/swissbaker.ch\/fr\/#organization\",\"name\":\"Schweizerischer B\u00e4cker-Confiseurmeister-Verband\",\"url\":\"https:\/\/swissbaker.ch\/fr\/\",\"logo\":{\"@type\":\"ImageObject\",\"inLanguage\":\"fr-FR\",\"@id\":\"https:\/\/swissbaker.ch\/fr\/#\/schema\/logo\/image\/\",\"url\":\"https:\/\/swissbaker.ch\/wp-content\/uploads\/2022\/04\/sbc-logo-yoast.jpg\",\"contentUrl\":\"https:\/\/swissbaker.ch\/wp-content\/uploads\/2022\/04\/sbc-logo-yoast.jpg\",\"width\":512,\"height\":512,\"caption\":\"Schweizerischer B\u00e4cker-Confiseurmeister-Verband\"},\"image\":{\"@id\":\"https:\/\/swissbaker.ch\/fr\/#\/schema\/logo\/image\/\"},\"sameAs\":[\"https:\/\/www.facebook.com\/swissbaker.ch\",\"https:\/\/x.com\/ch_swissbaker\"]},{\"@type\":\"Person\",\"@id\":\"https:\/\/swissbaker.ch\/fr\/#\/schema\/person\/058ac47619f7da53df62aba60f939b78\",\"name\":\"azureart\",\"image\":{\"@type\":\"ImageObject\",\"inLanguage\":\"fr-FR\",\"@id\":\"https:\/\/swissbaker.ch\/fr\/#\/schema\/person\/image\/\",\"url\":\"https:\/\/secure.gravatar.com\/avatar\/be04dd3098fd612c83067af4f7a295384c93cb6a9112f51beb9d2f477d25da61?s=96&d=mm&r=g\",\"contentUrl\":\"https:\/\/secure.gravatar.com\/avatar\/be04dd3098fd612c83067af4f7a295384c93cb6a9112f51beb9d2f477d25da61?s=96&d=mm&r=g\",\"caption\":\"azureart\"},\"sameAs\":[\"https:\/\/swissbaker.ch\"],\"url\":\"https:\/\/swissbaker.ch\/fr\/panissimo-news\/author\/pixel-ahoi\/\"}]}<\/script>\n<!-- \/ Yoast SEO Premium plugin. -->","yoast_head_json":{"title":"Coupe du monde de panettone : deux Suisses sur le podium | SBC","robots":{"index":"index","follow":"follow","max-snippet":"max-snippet:-1","max-image-preview":"max-image-preview:large","max-video-preview":"max-video-preview:-1"},"canonical":"https:\/\/swissbaker.ch\/fr\/panissimo-news\/coupe-du-monde-de-panettone-deux-suisses-sur-le-podium\/","og_locale":"fr_FR","og_type":"article","og_title":"Coupe du monde de panettone : deux Suisses sur le podium","og_description":"La 1\u00e8re coupe du monde de panettone a \u00e9t\u00e9 un r\u00e9el succ\u00e8s, la semaine derni\u00e8re \u00e0 Lugano. Huit nations y ont particip\u00e9. Deux Suisses sont mont\u00e9s sur le podium: Marzio Monaco de Losone (TI) \u00e0 la deuxi\u00e8me place et Luca Poncini de Maggia (TI) \u00e0 la troisi\u00e8me. Massimo Ferrante de G\u00e8nes (I) a remport\u00e9 la m\u00e9daille d\u2019or. Galerie de photos&#8230;\u00bb [&hellip;]","og_url":"https:\/\/swissbaker.ch\/fr\/panissimo-news\/coupe-du-monde-de-panettone-deux-suisses-sur-le-podium\/","og_site_name":"SBC","article_publisher":"https:\/\/www.facebook.com\/swissbaker.ch","article_published_time":"2019-11-13T15:09:00+00:00","article_modified_time":"2022-05-20T09:44:14+00:00","og_image":[{"width":800,"height":474,"url":"https:\/\/swissbaker.ch\/wp-content\/uploads\/2022\/03\/NL-22.2_coppa_panettone_podest_2.jpg","type":"image\/jpeg"}],"author":"azureart","twitter_card":"summary_large_image","twitter_creator":"@ch_swissbaker","twitter_site":"@ch_swissbaker","twitter_misc":{"Written by":"azureart","Est. reading time":"5 minutes"},"schema":{"@context":"https:\/\/schema.org","@graph":[{"@type":"Article","@id":"https:\/\/swissbaker.ch\/fr\/panissimo-news\/coupe-du-monde-de-panettone-deux-suisses-sur-le-podium\/#article","isPartOf":{"@id":"https:\/\/swissbaker.ch\/fr\/panissimo-news\/coupe-du-monde-de-panettone-deux-suisses-sur-le-podium\/"},"author":{"name":"azureart","@id":"https:\/\/swissbaker.ch\/fr\/#\/schema\/person\/058ac47619f7da53df62aba60f939b78"},"headline":"Coupe du monde de panettone : deux Suisses sur le podium","datePublished":"2019-11-13T15:09:00+00:00","dateModified":"2022-05-20T09:44:14+00:00","mainEntityOfPage":{"@id":"https:\/\/swissbaker.ch\/fr\/panissimo-news\/coupe-du-monde-de-panettone-deux-suisses-sur-le-podium\/"},"wordCount":921,"commentCount":0,"publisher":{"@id":"https:\/\/swissbaker.ch\/fr\/#organization"},"image":{"@id":"https:\/\/swissbaker.ch\/fr\/panissimo-news\/coupe-du-monde-de-panettone-deux-suisses-sur-le-podium\/#primaryimage"},"thumbnailUrl":"https:\/\/swissbaker.ch\/wp-content\/uploads\/2022\/03\/NL-22.2_coppa_panettone_podest_2.jpg","articleSection":["Concours"],"inLanguage":"fr-FR","potentialAction":[{"@type":"CommentAction","name":"Comment","target":["https:\/\/swissbaker.ch\/fr\/panissimo-news\/coupe-du-monde-de-panettone-deux-suisses-sur-le-podium\/#respond"]}]},{"@type":"WebPage","@id":"https:\/\/swissbaker.ch\/fr\/panissimo-news\/coupe-du-monde-de-panettone-deux-suisses-sur-le-podium\/","url":"https:\/\/swissbaker.ch\/fr\/panissimo-news\/coupe-du-monde-de-panettone-deux-suisses-sur-le-podium\/","name":"Coupe du monde de panettone : deux Suisses sur le podium | SBC","isPartOf":{"@id":"https:\/\/swissbaker.ch\/fr\/#website"},"primaryImageOfPage":{"@id":"https:\/\/swissbaker.ch\/fr\/panissimo-news\/coupe-du-monde-de-panettone-deux-suisses-sur-le-podium\/#primaryimage"},"image":{"@id":"https:\/\/swissbaker.ch\/fr\/panissimo-news\/coupe-du-monde-de-panettone-deux-suisses-sur-le-podium\/#primaryimage"},"thumbnailUrl":"https:\/\/swissbaker.ch\/wp-content\/uploads\/2022\/03\/NL-22.2_coppa_panettone_podest_2.jpg","datePublished":"2019-11-13T15:09:00+00:00","dateModified":"2022-05-20T09:44:14+00:00","breadcrumb":{"@id":"https:\/\/swissbaker.ch\/fr\/panissimo-news\/coupe-du-monde-de-panettone-deux-suisses-sur-le-podium\/#breadcrumb"},"inLanguage":"fr-FR","potentialAction":[{"@type":"ReadAction","target":["https:\/\/swissbaker.ch\/fr\/panissimo-news\/coupe-du-monde-de-panettone-deux-suisses-sur-le-podium\/"]}]},{"@type":"ImageObject","inLanguage":"fr-FR","@id":"https:\/\/swissbaker.ch\/fr\/panissimo-news\/coupe-du-monde-de-panettone-deux-suisses-sur-le-podium\/#primaryimage","url":"https:\/\/swissbaker.ch\/wp-content\/uploads\/2022\/03\/NL-22.2_coppa_panettone_podest_2.jpg","contentUrl":"https:\/\/swissbaker.ch\/wp-content\/uploads\/2022\/03\/NL-22.2_coppa_panettone_podest_2.jpg","width":800,"height":474,"caption":"Coupe du monde de panettone : deux Suisses sur le podium"},{"@type":"BreadcrumbList","@id":"https:\/\/swissbaker.ch\/fr\/panissimo-news\/coupe-du-monde-de-panettone-deux-suisses-sur-le-podium\/#breadcrumb","itemListElement":[{"@type":"ListItem","position":1,"name":"","item":"https:\/\/swissbaker.ch\/fr\/"},{"@type":"ListItem","position":2,"name":"Concours","item":"https:\/\/swissbaker.ch\/fr\/panissimo-news\/category\/concours\/"},{"@type":"ListItem","position":3,"name":"Coupe du monde de panettone : deux Suisses sur le podium"}]},{"@type":"WebSite","@id":"https:\/\/swissbaker.ch\/fr\/#website","url":"https:\/\/swissbaker.ch\/fr\/","name":"SBC","description":"","publisher":{"@id":"https:\/\/swissbaker.ch\/fr\/#organization"},"potentialAction":[{"@type":"SearchAction","target":{"@type":"EntryPoint","urlTemplate":"https:\/\/swissbaker.ch\/fr\/?s={search_term_string}"},"query-input":{"@type":"PropertyValueSpecification","valueRequired":true,"valueName":"search_term_string"}}],"inLanguage":"fr-FR"},{"@type":"Organization","@id":"https:\/\/swissbaker.ch\/fr\/#organization","name":"Schweizerischer B\u00e4cker-Confiseurmeister-Verband","url":"https:\/\/swissbaker.ch\/fr\/","logo":{"@type":"ImageObject","inLanguage":"fr-FR","@id":"https:\/\/swissbaker.ch\/fr\/#\/schema\/logo\/image\/","url":"https:\/\/swissbaker.ch\/wp-content\/uploads\/2022\/04\/sbc-logo-yoast.jpg","contentUrl":"https:\/\/swissbaker.ch\/wp-content\/uploads\/2022\/04\/sbc-logo-yoast.jpg","width":512,"height":512,"caption":"Schweizerischer B\u00e4cker-Confiseurmeister-Verband"},"image":{"@id":"https:\/\/swissbaker.ch\/fr\/#\/schema\/logo\/image\/"},"sameAs":["https:\/\/www.facebook.com\/swissbaker.ch","https:\/\/x.com\/ch_swissbaker"]},{"@type":"Person","@id":"https:\/\/swissbaker.ch\/fr\/#\/schema\/person\/058ac47619f7da53df62aba60f939b78","name":"azureart","image":{"@type":"ImageObject","inLanguage":"fr-FR","@id":"https:\/\/swissbaker.ch\/fr\/#\/schema\/person\/image\/","url":"https:\/\/secure.gravatar.com\/avatar\/be04dd3098fd612c83067af4f7a295384c93cb6a9112f51beb9d2f477d25da61?s=96&d=mm&r=g","contentUrl":"https:\/\/secure.gravatar.com\/avatar\/be04dd3098fd612c83067af4f7a295384c93cb6a9112f51beb9d2f477d25da61?s=96&d=mm&r=g","caption":"azureart"},"sameAs":["https:\/\/swissbaker.ch"],"url":"https:\/\/swissbaker.ch\/fr\/panissimo-news\/author\/pixel-ahoi\/"}]}},"_links":{"self":[{"href":"https:\/\/swissbaker.ch\/fr\/wp-json\/wp\/v2\/posts\/10311","targetHints":{"allow":["GET"]}}],"collection":[{"href":"https:\/\/swissbaker.ch\/fr\/wp-json\/wp\/v2\/posts"}],"about":[{"href":"https:\/\/swissbaker.ch\/fr\/wp-json\/wp\/v2\/types\/post"}],"author":[{"embeddable":true,"href":"https:\/\/swissbaker.ch\/fr\/wp-json\/wp\/v2\/users\/1"}],"replies":[{"embeddable":true,"href":"https:\/\/swissbaker.ch\/fr\/wp-json\/wp\/v2\/comments?post=10311"}],"version-history":[{"count":0,"href":"https:\/\/swissbaker.ch\/fr\/wp-json\/wp\/v2\/posts\/10311\/revisions"}],"wp:featuredmedia":[{"embeddable":true,"href":"https:\/\/swissbaker.ch\/fr\/wp-json\/wp\/v2\/media\/6046"}],"wp:attachment":[{"href":"https:\/\/swissbaker.ch\/fr\/wp-json\/wp\/v2\/media?parent=10311"}],"wp:term":[{"taxonomy":"category","embeddable":true,"href":"https:\/\/swissbaker.ch\/fr\/wp-json\/wp\/v2\/categories?post=10311"},{"taxonomy":"post_tag","embeddable":true,"href":"https:\/\/swissbaker.ch\/fr\/wp-json\/wp\/v2\/tags?post=10311"}],"curies":[{"name":"wp","href":"https:\/\/api.w.org\/{rel}","templated":true}]}}