{"id":10291,"date":"2019-12-04T15:47:00","date_gmt":"2019-12-04T14:47:00","guid":{"rendered":"https:\/\/swissbaker.ch\/?p=10291"},"modified":"2022-05-20T11:28:14","modified_gmt":"2022-05-20T09:28:14","slug":"aie-le-courage-de-te-positionner","status":"publish","type":"post","link":"https:\/\/swissbaker.ch\/fr\/panissimo-news\/aie-le-courage-de-te-positionner\/","title":{"rendered":"Aie le courage de te positionner!"},"content":{"rendered":"\n<p><strong>Dans ce blog, le coiffeur \u00e0 succ\u00e8s Marc Riedo encourage les artisans \u00e0 se positionner, \u00e0 communiquer, \u00e0 raconter des histoires.<\/strong><\/p>\n\n\n\n<p>J\u2019aime les produits nobles. J\u2019aime l\u2019artisanat. Et j\u2019aime les belles histoires! Mais j\u2019aime aussi la vie de tous les jours et les choses simples. J\u2019aime donc \u00e9galement le pain bien fait, produit avec passion. Moi qui suis coiffeur, pourquoi est-ce que j\u2019\u00e9cris un blog?<\/p>\n\n\n\n<p>Nos m\u00e9tiers sont parmi les plus vieux du monde et sont comparables \u00e0 beaucoup d\u2019autres en bien des points.<br>La profession est sous-estim\u00e9e et nous ne jouissons pas d\u2019une grande consid\u00e9ration. La pression sur les prix, la concurrence des discounters et l\u2019augmentation de la bureaucratie sont notre lot quotidien \u2013 au risque d\u2019entraver notre cr\u00e9ativit\u00e9. Nous devons veiller \u00e0 ne pas perdre la joie.<\/p>\n\n\n\n<p>D\u00e9fendez-vous! Autrement dit: positionnez-vous! Communiquez! Racontez des histoires sur vos produits. Rendez vos clients fans de vous. Ils doivent faire la queue devant vos magasins. Les achats de produits de boulangerie et de douceurs d\u2019excellente qualit\u00e9 chez le boulanger-confiseur doivent \u00eatre un must!<br>Les consommateurs sont d\u2019accord de payer plus pour de la viande ou des produits bio issus d\u2019une production durable. Ils doivent aussi savoir pourquoi leur pain quotidien a un co\u00fbt: parce que vos produits sont le fruit de beaucoup de passion et de travail manuel. Parce qu\u2019il est important qu\u2019une rel\u00e8ve motiv\u00e9e veuille apprendre le m\u00e9tier de boulanger-confiseur. Parce que qu\u2019il faut faire des formations continues et payer des salaires d\u00e9cents.<\/p>\n\n\n\n<p>Les Suisses doivent savoir que le pain r\u00e9chauff\u00e9 des grands distributeurs et des shops de stations-service est souvent fabriqu\u00e9 industriellement dans des pays lointains, qu\u2019il est import\u00e9 et qu\u2019il a travers\u00e9 la moiti\u00e9 de l\u2019Europe.D\u2019o\u00f9 mon conseil: positionnez-vous. Racontez des histoires. Affichez votre passion. Le feu ne doit pas br\u00fbler que dans vos fours.<\/p>\n\n\n\n<p><strong>Marc Riedo<\/strong> est coiffeur et dirige en troisi\u00e8me g\u00e9n\u00e9ration 7 entreprises \u00e0 Berne, Interlaken et dans le canton de Fribourg, employant quelque 80 collaborateurs. Il fait partie de l\u2019\u00e9lite suisse des coiffeurs, et ses entreprises ont re\u00e7u plusieurs prix internationaux. <a href=\"https:\/\/www.aernibern.ch\/\">www.aernibern.ch<\/a> \/ <a href=\"http:\/\/www.riedogroup.com\/\">www.riedogroup.com<\/a><\/p>\n\n\n\n<p><a href=\"https:\/\/www.swissbaker.ch\/de\/panissimo-news\/swissbaker-blog\/\">swissbaker-blog<\/a><br>Les swissbaker-blogs refl\u00e8tent l\u2019opinion de leur auteur. \u00ab panissimo \u00bb d\u00e9cline toute responsabilit\u00e9 quant \u00e0 l\u2019exactitude et l\u2019exhaustivit\u00e9 de leur contenu<\/p>\n","protected":false},"excerpt":{"rendered":"<p>Dans ce blog, le coiffeur \u00e0 succ\u00e8s Marc Riedo encourage les artisans \u00e0 se positionner, \u00e0 communiquer, \u00e0 raconter des histoires. J\u2019aime les produits nobles. J\u2019aime l\u2019artisanat. Et j\u2019aime les belles histoires! Mais j\u2019aime aussi la vie de tous les jours et les choses simples. J\u2019aime donc \u00e9galement le pain bien fait, produit avec passion. Moi qui suis coiffeur, pourquoi [&hellip;]<\/p>\n","protected":false},"author":1,"featured_media":6031,"comment_status":"open","ping_status":"closed","sticky":false,"template":"","format":"standard","meta":{"_acf_changed":false,"footnotes":""},"categories":[58],"tags":[],"class_list":["post-10291","post","type-post","status-publish","format-standard","has-post-thumbnail","hentry","category-swissbaker-blog-fr"],"acf":[],"yoast_head":"<!-- This site is optimized with the Yoast SEO Premium plugin v26.8 (Yoast SEO v26.8) - https:\/\/yoast.com\/product\/yoast-seo-premium-wordpress\/ -->\n<title>Aie le courage de te positionner! | SBC<\/title>\n<meta name=\"robots\" content=\"index, follow, max-snippet:-1, max-image-preview:large, max-video-preview:-1\" \/>\n<link rel=\"canonical\" href=\"https:\/\/swissbaker.ch\/fr\/panissimo-news\/aie-le-courage-de-te-positionner\/\" \/>\n<meta property=\"og:locale\" content=\"fr_FR\" \/>\n<meta property=\"og:type\" content=\"article\" \/>\n<meta property=\"og:title\" content=\"Aie le courage de te positionner!\" \/>\n<meta property=\"og:description\" content=\"Dans ce blog, le coiffeur \u00e0 succ\u00e8s Marc Riedo encourage les artisans \u00e0 se positionner, \u00e0 communiquer, \u00e0 raconter des histoires. J\u2019aime les produits nobles. J\u2019aime l\u2019artisanat. Et j\u2019aime les belles histoires! Mais j\u2019aime aussi la vie de tous les jours et les choses simples. J\u2019aime donc \u00e9galement le pain bien fait, produit avec passion. Moi qui suis coiffeur, pourquoi [&hellip;]\" \/>\n<meta property=\"og:url\" content=\"https:\/\/swissbaker.ch\/fr\/panissimo-news\/aie-le-courage-de-te-positionner\/\" \/>\n<meta property=\"og:site_name\" content=\"SBC\" \/>\n<meta property=\"article:publisher\" content=\"https:\/\/www.facebook.com\/swissbaker.ch\" \/>\n<meta property=\"article:published_time\" content=\"2019-12-04T14:47:00+00:00\" \/>\n<meta property=\"article:modified_time\" content=\"2022-05-20T09:28:14+00:00\" \/>\n<meta property=\"og:image\" content=\"https:\/\/swissbaker.ch\/wp-content\/uploads\/2022\/03\/NL-24.1_blog_riedo.jpg\" \/>\n\t<meta property=\"og:image:width\" content=\"800\" \/>\n\t<meta property=\"og:image:height\" content=\"474\" \/>\n\t<meta property=\"og:image:type\" content=\"image\/jpeg\" \/>\n<meta name=\"author\" content=\"azureart\" \/>\n<meta name=\"twitter:card\" content=\"summary_large_image\" \/>\n<meta name=\"twitter:creator\" content=\"@ch_swissbaker\" \/>\n<meta name=\"twitter:site\" content=\"@ch_swissbaker\" \/>\n<meta name=\"twitter:label1\" content=\"Written by\" \/>\n\t<meta name=\"twitter:data1\" content=\"azureart\" \/>\n\t<meta name=\"twitter:label2\" content=\"Est. reading time\" \/>\n\t<meta name=\"twitter:data2\" content=\"3 minutes\" \/>\n<script type=\"application\/ld+json\" class=\"yoast-schema-graph\">{\"@context\":\"https:\/\/schema.org\",\"@graph\":[{\"@type\":\"Article\",\"@id\":\"https:\/\/swissbaker.ch\/fr\/panissimo-news\/aie-le-courage-de-te-positionner\/#article\",\"isPartOf\":{\"@id\":\"https:\/\/swissbaker.ch\/fr\/panissimo-news\/aie-le-courage-de-te-positionner\/\"},\"author\":{\"name\":\"azureart\",\"@id\":\"https:\/\/swissbaker.ch\/fr\/#\/schema\/person\/058ac47619f7da53df62aba60f939b78\"},\"headline\":\"Aie le courage de te positionner!\",\"datePublished\":\"2019-12-04T14:47:00+00:00\",\"dateModified\":\"2022-05-20T09:28:14+00:00\",\"mainEntityOfPage\":{\"@id\":\"https:\/\/swissbaker.ch\/fr\/panissimo-news\/aie-le-courage-de-te-positionner\/\"},\"wordCount\":403,\"commentCount\":0,\"publisher\":{\"@id\":\"https:\/\/swissbaker.ch\/fr\/#organization\"},\"image\":{\"@id\":\"https:\/\/swissbaker.ch\/fr\/panissimo-news\/aie-le-courage-de-te-positionner\/#primaryimage\"},\"thumbnailUrl\":\"https:\/\/swissbaker.ch\/wp-content\/uploads\/2022\/03\/NL-24.1_blog_riedo.jpg\",\"articleSection\":[\"swissbaker-blog\"],\"inLanguage\":\"fr-FR\",\"potentialAction\":[{\"@type\":\"CommentAction\",\"name\":\"Comment\",\"target\":[\"https:\/\/swissbaker.ch\/fr\/panissimo-news\/aie-le-courage-de-te-positionner\/#respond\"]}]},{\"@type\":\"WebPage\",\"@id\":\"https:\/\/swissbaker.ch\/fr\/panissimo-news\/aie-le-courage-de-te-positionner\/\",\"url\":\"https:\/\/swissbaker.ch\/fr\/panissimo-news\/aie-le-courage-de-te-positionner\/\",\"name\":\"Aie le courage de te positionner! | SBC\",\"isPartOf\":{\"@id\":\"https:\/\/swissbaker.ch\/fr\/#website\"},\"primaryImageOfPage\":{\"@id\":\"https:\/\/swissbaker.ch\/fr\/panissimo-news\/aie-le-courage-de-te-positionner\/#primaryimage\"},\"image\":{\"@id\":\"https:\/\/swissbaker.ch\/fr\/panissimo-news\/aie-le-courage-de-te-positionner\/#primaryimage\"},\"thumbnailUrl\":\"https:\/\/swissbaker.ch\/wp-content\/uploads\/2022\/03\/NL-24.1_blog_riedo.jpg\",\"datePublished\":\"2019-12-04T14:47:00+00:00\",\"dateModified\":\"2022-05-20T09:28:14+00:00\",\"breadcrumb\":{\"@id\":\"https:\/\/swissbaker.ch\/fr\/panissimo-news\/aie-le-courage-de-te-positionner\/#breadcrumb\"},\"inLanguage\":\"fr-FR\",\"potentialAction\":[{\"@type\":\"ReadAction\",\"target\":[\"https:\/\/swissbaker.ch\/fr\/panissimo-news\/aie-le-courage-de-te-positionner\/\"]}]},{\"@type\":\"ImageObject\",\"inLanguage\":\"fr-FR\",\"@id\":\"https:\/\/swissbaker.ch\/fr\/panissimo-news\/aie-le-courage-de-te-positionner\/#primaryimage\",\"url\":\"https:\/\/swissbaker.ch\/wp-content\/uploads\/2022\/03\/NL-24.1_blog_riedo.jpg\",\"contentUrl\":\"https:\/\/swissbaker.ch\/wp-content\/uploads\/2022\/03\/NL-24.1_blog_riedo.jpg\",\"width\":800,\"height\":474,\"caption\":\"Aie le courage de te positionner!\"},{\"@type\":\"BreadcrumbList\",\"@id\":\"https:\/\/swissbaker.ch\/fr\/panissimo-news\/aie-le-courage-de-te-positionner\/#breadcrumb\",\"itemListElement\":[{\"@type\":\"ListItem\",\"position\":1,\"name\":\"\",\"item\":\"https:\/\/swissbaker.ch\/fr\/\"},{\"@type\":\"ListItem\",\"position\":2,\"name\":\"swissbaker-blog\",\"item\":\"https:\/\/swissbaker.ch\/fr\/panissimo-news\/category\/swissbaker-blog-fr\/\"},{\"@type\":\"ListItem\",\"position\":3,\"name\":\"Aie le courage de te positionner!\"}]},{\"@type\":\"WebSite\",\"@id\":\"https:\/\/swissbaker.ch\/fr\/#website\",\"url\":\"https:\/\/swissbaker.ch\/fr\/\",\"name\":\"SBC\",\"description\":\"\",\"publisher\":{\"@id\":\"https:\/\/swissbaker.ch\/fr\/#organization\"},\"potentialAction\":[{\"@type\":\"SearchAction\",\"target\":{\"@type\":\"EntryPoint\",\"urlTemplate\":\"https:\/\/swissbaker.ch\/fr\/?s={search_term_string}\"},\"query-input\":{\"@type\":\"PropertyValueSpecification\",\"valueRequired\":true,\"valueName\":\"search_term_string\"}}],\"inLanguage\":\"fr-FR\"},{\"@type\":\"Organization\",\"@id\":\"https:\/\/swissbaker.ch\/fr\/#organization\",\"name\":\"Schweizerischer B\u00e4cker-Confiseurmeister-Verband\",\"url\":\"https:\/\/swissbaker.ch\/fr\/\",\"logo\":{\"@type\":\"ImageObject\",\"inLanguage\":\"fr-FR\",\"@id\":\"https:\/\/swissbaker.ch\/fr\/#\/schema\/logo\/image\/\",\"url\":\"https:\/\/swissbaker.ch\/wp-content\/uploads\/2022\/04\/sbc-logo-yoast.jpg\",\"contentUrl\":\"https:\/\/swissbaker.ch\/wp-content\/uploads\/2022\/04\/sbc-logo-yoast.jpg\",\"width\":512,\"height\":512,\"caption\":\"Schweizerischer B\u00e4cker-Confiseurmeister-Verband\"},\"image\":{\"@id\":\"https:\/\/swissbaker.ch\/fr\/#\/schema\/logo\/image\/\"},\"sameAs\":[\"https:\/\/www.facebook.com\/swissbaker.ch\",\"https:\/\/x.com\/ch_swissbaker\"]},{\"@type\":\"Person\",\"@id\":\"https:\/\/swissbaker.ch\/fr\/#\/schema\/person\/058ac47619f7da53df62aba60f939b78\",\"name\":\"azureart\",\"image\":{\"@type\":\"ImageObject\",\"inLanguage\":\"fr-FR\",\"@id\":\"https:\/\/swissbaker.ch\/fr\/#\/schema\/person\/image\/\",\"url\":\"https:\/\/secure.gravatar.com\/avatar\/be04dd3098fd612c83067af4f7a295384c93cb6a9112f51beb9d2f477d25da61?s=96&d=mm&r=g\",\"contentUrl\":\"https:\/\/secure.gravatar.com\/avatar\/be04dd3098fd612c83067af4f7a295384c93cb6a9112f51beb9d2f477d25da61?s=96&d=mm&r=g\",\"caption\":\"azureart\"},\"sameAs\":[\"https:\/\/swissbaker.ch\"],\"url\":\"https:\/\/swissbaker.ch\/fr\/panissimo-news\/author\/pixel-ahoi\/\"}]}<\/script>\n<!-- \/ Yoast SEO Premium plugin. -->","yoast_head_json":{"title":"Aie le courage de te positionner! | SBC","robots":{"index":"index","follow":"follow","max-snippet":"max-snippet:-1","max-image-preview":"max-image-preview:large","max-video-preview":"max-video-preview:-1"},"canonical":"https:\/\/swissbaker.ch\/fr\/panissimo-news\/aie-le-courage-de-te-positionner\/","og_locale":"fr_FR","og_type":"article","og_title":"Aie le courage de te positionner!","og_description":"Dans ce blog, le coiffeur \u00e0 succ\u00e8s Marc Riedo encourage les artisans \u00e0 se positionner, \u00e0 communiquer, \u00e0 raconter des histoires. J\u2019aime les produits nobles. J\u2019aime l\u2019artisanat. Et j\u2019aime les belles histoires! Mais j\u2019aime aussi la vie de tous les jours et les choses simples. J\u2019aime donc \u00e9galement le pain bien fait, produit avec passion. Moi qui suis coiffeur, pourquoi [&hellip;]","og_url":"https:\/\/swissbaker.ch\/fr\/panissimo-news\/aie-le-courage-de-te-positionner\/","og_site_name":"SBC","article_publisher":"https:\/\/www.facebook.com\/swissbaker.ch","article_published_time":"2019-12-04T14:47:00+00:00","article_modified_time":"2022-05-20T09:28:14+00:00","og_image":[{"width":800,"height":474,"url":"https:\/\/swissbaker.ch\/wp-content\/uploads\/2022\/03\/NL-24.1_blog_riedo.jpg","type":"image\/jpeg"}],"author":"azureart","twitter_card":"summary_large_image","twitter_creator":"@ch_swissbaker","twitter_site":"@ch_swissbaker","twitter_misc":{"Written by":"azureart","Est. reading time":"3 minutes"},"schema":{"@context":"https:\/\/schema.org","@graph":[{"@type":"Article","@id":"https:\/\/swissbaker.ch\/fr\/panissimo-news\/aie-le-courage-de-te-positionner\/#article","isPartOf":{"@id":"https:\/\/swissbaker.ch\/fr\/panissimo-news\/aie-le-courage-de-te-positionner\/"},"author":{"name":"azureart","@id":"https:\/\/swissbaker.ch\/fr\/#\/schema\/person\/058ac47619f7da53df62aba60f939b78"},"headline":"Aie le courage de te positionner!","datePublished":"2019-12-04T14:47:00+00:00","dateModified":"2022-05-20T09:28:14+00:00","mainEntityOfPage":{"@id":"https:\/\/swissbaker.ch\/fr\/panissimo-news\/aie-le-courage-de-te-positionner\/"},"wordCount":403,"commentCount":0,"publisher":{"@id":"https:\/\/swissbaker.ch\/fr\/#organization"},"image":{"@id":"https:\/\/swissbaker.ch\/fr\/panissimo-news\/aie-le-courage-de-te-positionner\/#primaryimage"},"thumbnailUrl":"https:\/\/swissbaker.ch\/wp-content\/uploads\/2022\/03\/NL-24.1_blog_riedo.jpg","articleSection":["swissbaker-blog"],"inLanguage":"fr-FR","potentialAction":[{"@type":"CommentAction","name":"Comment","target":["https:\/\/swissbaker.ch\/fr\/panissimo-news\/aie-le-courage-de-te-positionner\/#respond"]}]},{"@type":"WebPage","@id":"https:\/\/swissbaker.ch\/fr\/panissimo-news\/aie-le-courage-de-te-positionner\/","url":"https:\/\/swissbaker.ch\/fr\/panissimo-news\/aie-le-courage-de-te-positionner\/","name":"Aie le courage de te positionner! | SBC","isPartOf":{"@id":"https:\/\/swissbaker.ch\/fr\/#website"},"primaryImageOfPage":{"@id":"https:\/\/swissbaker.ch\/fr\/panissimo-news\/aie-le-courage-de-te-positionner\/#primaryimage"},"image":{"@id":"https:\/\/swissbaker.ch\/fr\/panissimo-news\/aie-le-courage-de-te-positionner\/#primaryimage"},"thumbnailUrl":"https:\/\/swissbaker.ch\/wp-content\/uploads\/2022\/03\/NL-24.1_blog_riedo.jpg","datePublished":"2019-12-04T14:47:00+00:00","dateModified":"2022-05-20T09:28:14+00:00","breadcrumb":{"@id":"https:\/\/swissbaker.ch\/fr\/panissimo-news\/aie-le-courage-de-te-positionner\/#breadcrumb"},"inLanguage":"fr-FR","potentialAction":[{"@type":"ReadAction","target":["https:\/\/swissbaker.ch\/fr\/panissimo-news\/aie-le-courage-de-te-positionner\/"]}]},{"@type":"ImageObject","inLanguage":"fr-FR","@id":"https:\/\/swissbaker.ch\/fr\/panissimo-news\/aie-le-courage-de-te-positionner\/#primaryimage","url":"https:\/\/swissbaker.ch\/wp-content\/uploads\/2022\/03\/NL-24.1_blog_riedo.jpg","contentUrl":"https:\/\/swissbaker.ch\/wp-content\/uploads\/2022\/03\/NL-24.1_blog_riedo.jpg","width":800,"height":474,"caption":"Aie le courage de te positionner!"},{"@type":"BreadcrumbList","@id":"https:\/\/swissbaker.ch\/fr\/panissimo-news\/aie-le-courage-de-te-positionner\/#breadcrumb","itemListElement":[{"@type":"ListItem","position":1,"name":"","item":"https:\/\/swissbaker.ch\/fr\/"},{"@type":"ListItem","position":2,"name":"swissbaker-blog","item":"https:\/\/swissbaker.ch\/fr\/panissimo-news\/category\/swissbaker-blog-fr\/"},{"@type":"ListItem","position":3,"name":"Aie le courage de te positionner!"}]},{"@type":"WebSite","@id":"https:\/\/swissbaker.ch\/fr\/#website","url":"https:\/\/swissbaker.ch\/fr\/","name":"SBC","description":"","publisher":{"@id":"https:\/\/swissbaker.ch\/fr\/#organization"},"potentialAction":[{"@type":"SearchAction","target":{"@type":"EntryPoint","urlTemplate":"https:\/\/swissbaker.ch\/fr\/?s={search_term_string}"},"query-input":{"@type":"PropertyValueSpecification","valueRequired":true,"valueName":"search_term_string"}}],"inLanguage":"fr-FR"},{"@type":"Organization","@id":"https:\/\/swissbaker.ch\/fr\/#organization","name":"Schweizerischer B\u00e4cker-Confiseurmeister-Verband","url":"https:\/\/swissbaker.ch\/fr\/","logo":{"@type":"ImageObject","inLanguage":"fr-FR","@id":"https:\/\/swissbaker.ch\/fr\/#\/schema\/logo\/image\/","url":"https:\/\/swissbaker.ch\/wp-content\/uploads\/2022\/04\/sbc-logo-yoast.jpg","contentUrl":"https:\/\/swissbaker.ch\/wp-content\/uploads\/2022\/04\/sbc-logo-yoast.jpg","width":512,"height":512,"caption":"Schweizerischer B\u00e4cker-Confiseurmeister-Verband"},"image":{"@id":"https:\/\/swissbaker.ch\/fr\/#\/schema\/logo\/image\/"},"sameAs":["https:\/\/www.facebook.com\/swissbaker.ch","https:\/\/x.com\/ch_swissbaker"]},{"@type":"Person","@id":"https:\/\/swissbaker.ch\/fr\/#\/schema\/person\/058ac47619f7da53df62aba60f939b78","name":"azureart","image":{"@type":"ImageObject","inLanguage":"fr-FR","@id":"https:\/\/swissbaker.ch\/fr\/#\/schema\/person\/image\/","url":"https:\/\/secure.gravatar.com\/avatar\/be04dd3098fd612c83067af4f7a295384c93cb6a9112f51beb9d2f477d25da61?s=96&d=mm&r=g","contentUrl":"https:\/\/secure.gravatar.com\/avatar\/be04dd3098fd612c83067af4f7a295384c93cb6a9112f51beb9d2f477d25da61?s=96&d=mm&r=g","caption":"azureart"},"sameAs":["https:\/\/swissbaker.ch"],"url":"https:\/\/swissbaker.ch\/fr\/panissimo-news\/author\/pixel-ahoi\/"}]}},"_links":{"self":[{"href":"https:\/\/swissbaker.ch\/fr\/wp-json\/wp\/v2\/posts\/10291","targetHints":{"allow":["GET"]}}],"collection":[{"href":"https:\/\/swissbaker.ch\/fr\/wp-json\/wp\/v2\/posts"}],"about":[{"href":"https:\/\/swissbaker.ch\/fr\/wp-json\/wp\/v2\/types\/post"}],"author":[{"embeddable":true,"href":"https:\/\/swissbaker.ch\/fr\/wp-json\/wp\/v2\/users\/1"}],"replies":[{"embeddable":true,"href":"https:\/\/swissbaker.ch\/fr\/wp-json\/wp\/v2\/comments?post=10291"}],"version-history":[{"count":0,"href":"https:\/\/swissbaker.ch\/fr\/wp-json\/wp\/v2\/posts\/10291\/revisions"}],"wp:featuredmedia":[{"embeddable":true,"href":"https:\/\/swissbaker.ch\/fr\/wp-json\/wp\/v2\/media\/6031"}],"wp:attachment":[{"href":"https:\/\/swissbaker.ch\/fr\/wp-json\/wp\/v2\/media?parent=10291"}],"wp:term":[{"taxonomy":"category","embeddable":true,"href":"https:\/\/swissbaker.ch\/fr\/wp-json\/wp\/v2\/categories?post=10291"},{"taxonomy":"post_tag","embeddable":true,"href":"https:\/\/swissbaker.ch\/fr\/wp-json\/wp\/v2\/tags?post=10291"}],"curies":[{"name":"wp","href":"https:\/\/api.w.org\/{rel}","templated":true}]}}