{"id":10281,"date":"2019-12-04T11:20:00","date_gmt":"2019-12-04T10:20:00","guid":{"rendered":"https:\/\/swissbaker.ch\/?p=10281"},"modified":"2022-05-20T11:21:10","modified_gmt":"2022-05-20T09:21:10","slug":"une-cuchaule-au-dessus-du-panier","status":"publish","type":"post","link":"https:\/\/swissbaker.ch\/fr\/panissimo-news\/une-cuchaule-au-dessus-du-panier\/","title":{"rendered":"Une cuchaule au-dessus du panier"},"content":{"rendered":"\n<p><strong>Bio suisse a r\u00e9compens\u00e9 trente-sept produits laitiers et p\u00e2tissiers bio \u00e0 Berne. La cuchaule de la boulangerie fribourgeoise Saudan-Zurbuchen a d\u00e9croch\u00e9 un prix sp\u00e9cial r\u00e9serv\u00e9 aux produits d\u2019exception.<\/strong><\/p>\n\n\n\n<p>La F\u00e9d\u00e9ration des entreprises agricoles biologique (Bio suisse) a r\u00e9compens\u00e9 les meilleurs produits laitiers et p\u00e2tissiers de sa marque Bourgeon. La c\u00e9r\u00e9monie a eu lieu dans le cadre de Food Expo le 29\u202fnovembre \u00e0 Berne.<\/p>\n\n\n\n<p>Un jury de 15 analystes et experts sensoriels a d\u00e9gust\u00e9 68 produits. Il les a jug\u00e9s selon leur apparence, leur ar\u00f4me, leur go\u00fbt, leur texture, leur harmonie et leur finale. Trente-sept produits ont obtenu une note de 5 ou plus, dont quatre de producteurs membres de la BCS\u2009: les oursons aux amandes (Berner M\u00e4ndelb\u00e4rli AG, Berne), la cuchaule au safran et les p\u00e9pites de cuchaule (Saudan \u2013 Zerbuchen SA, Fribourg), la tourte aux noix des Grisons (La Conditoria, Marchel Schmid GmbH, Sedrun). Ils peuvent d\u00e8s lors arborer le Bourgeon Bio Gourmet pendant trois ans.<\/p>\n\n\n\n<h2 class=\"wp-block-heading\" id=\"h-double-six\">Double six<\/h2>\n\n\n\n<p>Dix-sept de ces sp\u00e9cialit\u00e9s ont obtenu une note de 6 leur permettant de participer \u00e0 une deuxi\u00e8me d\u00e9gustation. Avec cinq autres produits, la cuchaule Margrit et G\u00e9rald Saudan ont s\u00e9duit ce second jury et d\u00e9croch\u00e9 un autre six. Cette prestation leur permet d\u2019arborer fi\u00e8rement le prix sp\u00e9cial du Bourgeon Bio Gourmet. \u00ab\u2009C\u2019\u00e9tait une tr\u00e8s bonne ann\u00e9e avec beaucoup de produits \u00e9patants\u2009\u00bb, a soulign\u00e9 le pr\u00e9sident du jury Patrick Zbinden, lors de la remise des prix.<br>Annuel, le Bourgeon Bio Gourmet est attribu\u00e9 \u00e0 tour de r\u00f4le aux trois cat\u00e9gories suivantes\u2009: produits laitiers et p\u00e2tissiers, produits boulangers et carn\u00e9s, produits \u00e0 base de fruits, de l\u00e9gumes, de c\u00e9r\u00e9ales et d\u2019ol\u00e9agineux.<\/p>\n","protected":false},"excerpt":{"rendered":"<p>Bio suisse a r\u00e9compens\u00e9 trente-sept produits laitiers et p\u00e2tissiers bio \u00e0 Berne. La cuchaule de la boulangerie fribourgeoise Saudan-Zurbuchen a d\u00e9croch\u00e9 un prix sp\u00e9cial r\u00e9serv\u00e9 aux produits d\u2019exception. La F\u00e9d\u00e9ration des entreprises agricoles biologique (Bio suisse) a r\u00e9compens\u00e9 les meilleurs produits laitiers et p\u00e2tissiers de sa marque Bourgeon. La c\u00e9r\u00e9monie a eu lieu dans le cadre de Food Expo le [&hellip;]<\/p>\n","protected":false},"author":1,"featured_media":10282,"comment_status":"open","ping_status":"closed","sticky":false,"template":"","format":"standard","meta":{"_acf_changed":false,"footnotes":""},"categories":[42],"tags":[],"class_list":["post-10281","post","type-post","status-publish","format-standard","has-post-thumbnail","hentry","category-boulangeries-confiseries"],"acf":[],"yoast_head":"<!-- This site is optimized with the Yoast SEO Premium plugin v26.8 (Yoast SEO v26.8) - https:\/\/yoast.com\/product\/yoast-seo-premium-wordpress\/ -->\n<title>Une cuchaule au-dessus du panier | SBC<\/title>\n<meta name=\"robots\" content=\"index, follow, max-snippet:-1, max-image-preview:large, max-video-preview:-1\" \/>\n<link rel=\"canonical\" href=\"https:\/\/swissbaker.ch\/fr\/panissimo-news\/une-cuchaule-au-dessus-du-panier\/\" \/>\n<meta property=\"og:locale\" content=\"fr_FR\" \/>\n<meta property=\"og:type\" content=\"article\" \/>\n<meta property=\"og:title\" content=\"Une cuchaule au-dessus du panier\" \/>\n<meta property=\"og:description\" content=\"Bio suisse a r\u00e9compens\u00e9 trente-sept produits laitiers et p\u00e2tissiers bio \u00e0 Berne. La cuchaule de la boulangerie fribourgeoise Saudan-Zurbuchen a d\u00e9croch\u00e9 un prix sp\u00e9cial r\u00e9serv\u00e9 aux produits d\u2019exception. La F\u00e9d\u00e9ration des entreprises agricoles biologique (Bio suisse) a r\u00e9compens\u00e9 les meilleurs produits laitiers et p\u00e2tissiers de sa marque Bourgeon. La c\u00e9r\u00e9monie a eu lieu dans le cadre de Food Expo le [&hellip;]\" \/>\n<meta property=\"og:url\" content=\"https:\/\/swissbaker.ch\/fr\/panissimo-news\/une-cuchaule-au-dessus-du-panier\/\" \/>\n<meta property=\"og:site_name\" content=\"SBC\" \/>\n<meta property=\"article:publisher\" content=\"https:\/\/www.facebook.com\/swissbaker.ch\" \/>\n<meta property=\"article:published_time\" content=\"2019-12-04T10:20:00+00:00\" \/>\n<meta property=\"article:modified_time\" content=\"2022-05-20T09:21:10+00:00\" \/>\n<meta property=\"og:image\" content=\"https:\/\/swissbaker.ch\/wp-content\/uploads\/2022\/05\/nl-24.1_cuchaule_saudan.jpg\" \/>\n\t<meta property=\"og:image:width\" content=\"800\" \/>\n\t<meta property=\"og:image:height\" content=\"474\" \/>\n\t<meta property=\"og:image:type\" content=\"image\/jpeg\" \/>\n<meta name=\"author\" content=\"azureart\" \/>\n<meta name=\"twitter:card\" content=\"summary_large_image\" \/>\n<meta name=\"twitter:creator\" content=\"@ch_swissbaker\" \/>\n<meta name=\"twitter:site\" content=\"@ch_swissbaker\" \/>\n<meta name=\"twitter:label1\" content=\"Written by\" \/>\n\t<meta name=\"twitter:data1\" content=\"azureart\" \/>\n\t<meta name=\"twitter:label2\" content=\"Est. reading time\" \/>\n\t<meta name=\"twitter:data2\" content=\"2 minutes\" \/>\n<script type=\"application\/ld+json\" class=\"yoast-schema-graph\">{\"@context\":\"https:\/\/schema.org\",\"@graph\":[{\"@type\":\"Article\",\"@id\":\"https:\/\/swissbaker.ch\/fr\/panissimo-news\/une-cuchaule-au-dessus-du-panier\/#article\",\"isPartOf\":{\"@id\":\"https:\/\/swissbaker.ch\/fr\/panissimo-news\/une-cuchaule-au-dessus-du-panier\/\"},\"author\":{\"name\":\"azureart\",\"@id\":\"https:\/\/swissbaker.ch\/fr\/#\/schema\/person\/058ac47619f7da53df62aba60f939b78\"},\"headline\":\"Une cuchaule au-dessus du panier\",\"datePublished\":\"2019-12-04T10:20:00+00:00\",\"dateModified\":\"2022-05-20T09:21:10+00:00\",\"mainEntityOfPage\":{\"@id\":\"https:\/\/swissbaker.ch\/fr\/panissimo-news\/une-cuchaule-au-dessus-du-panier\/\"},\"wordCount\":306,\"commentCount\":0,\"publisher\":{\"@id\":\"https:\/\/swissbaker.ch\/fr\/#organization\"},\"image\":{\"@id\":\"https:\/\/swissbaker.ch\/fr\/panissimo-news\/une-cuchaule-au-dessus-du-panier\/#primaryimage\"},\"thumbnailUrl\":\"https:\/\/swissbaker.ch\/wp-content\/uploads\/2022\/05\/nl-24.1_cuchaule_saudan.jpg\",\"articleSection\":[\"Boulangeries\/Confiseries\"],\"inLanguage\":\"fr-FR\",\"potentialAction\":[{\"@type\":\"CommentAction\",\"name\":\"Comment\",\"target\":[\"https:\/\/swissbaker.ch\/fr\/panissimo-news\/une-cuchaule-au-dessus-du-panier\/#respond\"]}]},{\"@type\":\"WebPage\",\"@id\":\"https:\/\/swissbaker.ch\/fr\/panissimo-news\/une-cuchaule-au-dessus-du-panier\/\",\"url\":\"https:\/\/swissbaker.ch\/fr\/panissimo-news\/une-cuchaule-au-dessus-du-panier\/\",\"name\":\"Une cuchaule au-dessus du panier | SBC\",\"isPartOf\":{\"@id\":\"https:\/\/swissbaker.ch\/fr\/#website\"},\"primaryImageOfPage\":{\"@id\":\"https:\/\/swissbaker.ch\/fr\/panissimo-news\/une-cuchaule-au-dessus-du-panier\/#primaryimage\"},\"image\":{\"@id\":\"https:\/\/swissbaker.ch\/fr\/panissimo-news\/une-cuchaule-au-dessus-du-panier\/#primaryimage\"},\"thumbnailUrl\":\"https:\/\/swissbaker.ch\/wp-content\/uploads\/2022\/05\/nl-24.1_cuchaule_saudan.jpg\",\"datePublished\":\"2019-12-04T10:20:00+00:00\",\"dateModified\":\"2022-05-20T09:21:10+00:00\",\"breadcrumb\":{\"@id\":\"https:\/\/swissbaker.ch\/fr\/panissimo-news\/une-cuchaule-au-dessus-du-panier\/#breadcrumb\"},\"inLanguage\":\"fr-FR\",\"potentialAction\":[{\"@type\":\"ReadAction\",\"target\":[\"https:\/\/swissbaker.ch\/fr\/panissimo-news\/une-cuchaule-au-dessus-du-panier\/\"]}]},{\"@type\":\"ImageObject\",\"inLanguage\":\"fr-FR\",\"@id\":\"https:\/\/swissbaker.ch\/fr\/panissimo-news\/une-cuchaule-au-dessus-du-panier\/#primaryimage\",\"url\":\"https:\/\/swissbaker.ch\/wp-content\/uploads\/2022\/05\/nl-24.1_cuchaule_saudan.jpg\",\"contentUrl\":\"https:\/\/swissbaker.ch\/wp-content\/uploads\/2022\/05\/nl-24.1_cuchaule_saudan.jpg\",\"width\":800,\"height\":474,\"caption\":\"Une cuchaule au-dessus du panier\"},{\"@type\":\"BreadcrumbList\",\"@id\":\"https:\/\/swissbaker.ch\/fr\/panissimo-news\/une-cuchaule-au-dessus-du-panier\/#breadcrumb\",\"itemListElement\":[{\"@type\":\"ListItem\",\"position\":1,\"name\":\"\",\"item\":\"https:\/\/swissbaker.ch\/fr\/\"},{\"@type\":\"ListItem\",\"position\":2,\"name\":\"Boulangeries\/Confiseries\",\"item\":\"https:\/\/swissbaker.ch\/fr\/panissimo-news\/category\/boulangeries-confiseries\/\"},{\"@type\":\"ListItem\",\"position\":3,\"name\":\"Une cuchaule au-dessus du panier\"}]},{\"@type\":\"WebSite\",\"@id\":\"https:\/\/swissbaker.ch\/fr\/#website\",\"url\":\"https:\/\/swissbaker.ch\/fr\/\",\"name\":\"SBC\",\"description\":\"\",\"publisher\":{\"@id\":\"https:\/\/swissbaker.ch\/fr\/#organization\"},\"potentialAction\":[{\"@type\":\"SearchAction\",\"target\":{\"@type\":\"EntryPoint\",\"urlTemplate\":\"https:\/\/swissbaker.ch\/fr\/?s={search_term_string}\"},\"query-input\":{\"@type\":\"PropertyValueSpecification\",\"valueRequired\":true,\"valueName\":\"search_term_string\"}}],\"inLanguage\":\"fr-FR\"},{\"@type\":\"Organization\",\"@id\":\"https:\/\/swissbaker.ch\/fr\/#organization\",\"name\":\"Schweizerischer B\u00e4cker-Confiseurmeister-Verband\",\"url\":\"https:\/\/swissbaker.ch\/fr\/\",\"logo\":{\"@type\":\"ImageObject\",\"inLanguage\":\"fr-FR\",\"@id\":\"https:\/\/swissbaker.ch\/fr\/#\/schema\/logo\/image\/\",\"url\":\"https:\/\/swissbaker.ch\/wp-content\/uploads\/2022\/04\/sbc-logo-yoast.jpg\",\"contentUrl\":\"https:\/\/swissbaker.ch\/wp-content\/uploads\/2022\/04\/sbc-logo-yoast.jpg\",\"width\":512,\"height\":512,\"caption\":\"Schweizerischer B\u00e4cker-Confiseurmeister-Verband\"},\"image\":{\"@id\":\"https:\/\/swissbaker.ch\/fr\/#\/schema\/logo\/image\/\"},\"sameAs\":[\"https:\/\/www.facebook.com\/swissbaker.ch\",\"https:\/\/x.com\/ch_swissbaker\"]},{\"@type\":\"Person\",\"@id\":\"https:\/\/swissbaker.ch\/fr\/#\/schema\/person\/058ac47619f7da53df62aba60f939b78\",\"name\":\"azureart\",\"image\":{\"@type\":\"ImageObject\",\"inLanguage\":\"fr-FR\",\"@id\":\"https:\/\/swissbaker.ch\/fr\/#\/schema\/person\/image\/\",\"url\":\"https:\/\/secure.gravatar.com\/avatar\/be04dd3098fd612c83067af4f7a295384c93cb6a9112f51beb9d2f477d25da61?s=96&d=mm&r=g\",\"contentUrl\":\"https:\/\/secure.gravatar.com\/avatar\/be04dd3098fd612c83067af4f7a295384c93cb6a9112f51beb9d2f477d25da61?s=96&d=mm&r=g\",\"caption\":\"azureart\"},\"sameAs\":[\"https:\/\/swissbaker.ch\"],\"url\":\"https:\/\/swissbaker.ch\/fr\/panissimo-news\/author\/pixel-ahoi\/\"}]}<\/script>\n<!-- \/ Yoast SEO Premium plugin. -->","yoast_head_json":{"title":"Une cuchaule au-dessus du panier | SBC","robots":{"index":"index","follow":"follow","max-snippet":"max-snippet:-1","max-image-preview":"max-image-preview:large","max-video-preview":"max-video-preview:-1"},"canonical":"https:\/\/swissbaker.ch\/fr\/panissimo-news\/une-cuchaule-au-dessus-du-panier\/","og_locale":"fr_FR","og_type":"article","og_title":"Une cuchaule au-dessus du panier","og_description":"Bio suisse a r\u00e9compens\u00e9 trente-sept produits laitiers et p\u00e2tissiers bio \u00e0 Berne. La cuchaule de la boulangerie fribourgeoise Saudan-Zurbuchen a d\u00e9croch\u00e9 un prix sp\u00e9cial r\u00e9serv\u00e9 aux produits d\u2019exception. La F\u00e9d\u00e9ration des entreprises agricoles biologique (Bio suisse) a r\u00e9compens\u00e9 les meilleurs produits laitiers et p\u00e2tissiers de sa marque Bourgeon. La c\u00e9r\u00e9monie a eu lieu dans le cadre de Food Expo le [&hellip;]","og_url":"https:\/\/swissbaker.ch\/fr\/panissimo-news\/une-cuchaule-au-dessus-du-panier\/","og_site_name":"SBC","article_publisher":"https:\/\/www.facebook.com\/swissbaker.ch","article_published_time":"2019-12-04T10:20:00+00:00","article_modified_time":"2022-05-20T09:21:10+00:00","og_image":[{"width":800,"height":474,"url":"https:\/\/swissbaker.ch\/wp-content\/uploads\/2022\/05\/nl-24.1_cuchaule_saudan.jpg","type":"image\/jpeg"}],"author":"azureart","twitter_card":"summary_large_image","twitter_creator":"@ch_swissbaker","twitter_site":"@ch_swissbaker","twitter_misc":{"Written by":"azureart","Est. reading time":"2 minutes"},"schema":{"@context":"https:\/\/schema.org","@graph":[{"@type":"Article","@id":"https:\/\/swissbaker.ch\/fr\/panissimo-news\/une-cuchaule-au-dessus-du-panier\/#article","isPartOf":{"@id":"https:\/\/swissbaker.ch\/fr\/panissimo-news\/une-cuchaule-au-dessus-du-panier\/"},"author":{"name":"azureart","@id":"https:\/\/swissbaker.ch\/fr\/#\/schema\/person\/058ac47619f7da53df62aba60f939b78"},"headline":"Une cuchaule au-dessus du panier","datePublished":"2019-12-04T10:20:00+00:00","dateModified":"2022-05-20T09:21:10+00:00","mainEntityOfPage":{"@id":"https:\/\/swissbaker.ch\/fr\/panissimo-news\/une-cuchaule-au-dessus-du-panier\/"},"wordCount":306,"commentCount":0,"publisher":{"@id":"https:\/\/swissbaker.ch\/fr\/#organization"},"image":{"@id":"https:\/\/swissbaker.ch\/fr\/panissimo-news\/une-cuchaule-au-dessus-du-panier\/#primaryimage"},"thumbnailUrl":"https:\/\/swissbaker.ch\/wp-content\/uploads\/2022\/05\/nl-24.1_cuchaule_saudan.jpg","articleSection":["Boulangeries\/Confiseries"],"inLanguage":"fr-FR","potentialAction":[{"@type":"CommentAction","name":"Comment","target":["https:\/\/swissbaker.ch\/fr\/panissimo-news\/une-cuchaule-au-dessus-du-panier\/#respond"]}]},{"@type":"WebPage","@id":"https:\/\/swissbaker.ch\/fr\/panissimo-news\/une-cuchaule-au-dessus-du-panier\/","url":"https:\/\/swissbaker.ch\/fr\/panissimo-news\/une-cuchaule-au-dessus-du-panier\/","name":"Une cuchaule au-dessus du panier | SBC","isPartOf":{"@id":"https:\/\/swissbaker.ch\/fr\/#website"},"primaryImageOfPage":{"@id":"https:\/\/swissbaker.ch\/fr\/panissimo-news\/une-cuchaule-au-dessus-du-panier\/#primaryimage"},"image":{"@id":"https:\/\/swissbaker.ch\/fr\/panissimo-news\/une-cuchaule-au-dessus-du-panier\/#primaryimage"},"thumbnailUrl":"https:\/\/swissbaker.ch\/wp-content\/uploads\/2022\/05\/nl-24.1_cuchaule_saudan.jpg","datePublished":"2019-12-04T10:20:00+00:00","dateModified":"2022-05-20T09:21:10+00:00","breadcrumb":{"@id":"https:\/\/swissbaker.ch\/fr\/panissimo-news\/une-cuchaule-au-dessus-du-panier\/#breadcrumb"},"inLanguage":"fr-FR","potentialAction":[{"@type":"ReadAction","target":["https:\/\/swissbaker.ch\/fr\/panissimo-news\/une-cuchaule-au-dessus-du-panier\/"]}]},{"@type":"ImageObject","inLanguage":"fr-FR","@id":"https:\/\/swissbaker.ch\/fr\/panissimo-news\/une-cuchaule-au-dessus-du-panier\/#primaryimage","url":"https:\/\/swissbaker.ch\/wp-content\/uploads\/2022\/05\/nl-24.1_cuchaule_saudan.jpg","contentUrl":"https:\/\/swissbaker.ch\/wp-content\/uploads\/2022\/05\/nl-24.1_cuchaule_saudan.jpg","width":800,"height":474,"caption":"Une cuchaule au-dessus du panier"},{"@type":"BreadcrumbList","@id":"https:\/\/swissbaker.ch\/fr\/panissimo-news\/une-cuchaule-au-dessus-du-panier\/#breadcrumb","itemListElement":[{"@type":"ListItem","position":1,"name":"","item":"https:\/\/swissbaker.ch\/fr\/"},{"@type":"ListItem","position":2,"name":"Boulangeries\/Confiseries","item":"https:\/\/swissbaker.ch\/fr\/panissimo-news\/category\/boulangeries-confiseries\/"},{"@type":"ListItem","position":3,"name":"Une cuchaule au-dessus du panier"}]},{"@type":"WebSite","@id":"https:\/\/swissbaker.ch\/fr\/#website","url":"https:\/\/swissbaker.ch\/fr\/","name":"SBC","description":"","publisher":{"@id":"https:\/\/swissbaker.ch\/fr\/#organization"},"potentialAction":[{"@type":"SearchAction","target":{"@type":"EntryPoint","urlTemplate":"https:\/\/swissbaker.ch\/fr\/?s={search_term_string}"},"query-input":{"@type":"PropertyValueSpecification","valueRequired":true,"valueName":"search_term_string"}}],"inLanguage":"fr-FR"},{"@type":"Organization","@id":"https:\/\/swissbaker.ch\/fr\/#organization","name":"Schweizerischer B\u00e4cker-Confiseurmeister-Verband","url":"https:\/\/swissbaker.ch\/fr\/","logo":{"@type":"ImageObject","inLanguage":"fr-FR","@id":"https:\/\/swissbaker.ch\/fr\/#\/schema\/logo\/image\/","url":"https:\/\/swissbaker.ch\/wp-content\/uploads\/2022\/04\/sbc-logo-yoast.jpg","contentUrl":"https:\/\/swissbaker.ch\/wp-content\/uploads\/2022\/04\/sbc-logo-yoast.jpg","width":512,"height":512,"caption":"Schweizerischer B\u00e4cker-Confiseurmeister-Verband"},"image":{"@id":"https:\/\/swissbaker.ch\/fr\/#\/schema\/logo\/image\/"},"sameAs":["https:\/\/www.facebook.com\/swissbaker.ch","https:\/\/x.com\/ch_swissbaker"]},{"@type":"Person","@id":"https:\/\/swissbaker.ch\/fr\/#\/schema\/person\/058ac47619f7da53df62aba60f939b78","name":"azureart","image":{"@type":"ImageObject","inLanguage":"fr-FR","@id":"https:\/\/swissbaker.ch\/fr\/#\/schema\/person\/image\/","url":"https:\/\/secure.gravatar.com\/avatar\/be04dd3098fd612c83067af4f7a295384c93cb6a9112f51beb9d2f477d25da61?s=96&d=mm&r=g","contentUrl":"https:\/\/secure.gravatar.com\/avatar\/be04dd3098fd612c83067af4f7a295384c93cb6a9112f51beb9d2f477d25da61?s=96&d=mm&r=g","caption":"azureart"},"sameAs":["https:\/\/swissbaker.ch"],"url":"https:\/\/swissbaker.ch\/fr\/panissimo-news\/author\/pixel-ahoi\/"}]}},"_links":{"self":[{"href":"https:\/\/swissbaker.ch\/fr\/wp-json\/wp\/v2\/posts\/10281","targetHints":{"allow":["GET"]}}],"collection":[{"href":"https:\/\/swissbaker.ch\/fr\/wp-json\/wp\/v2\/posts"}],"about":[{"href":"https:\/\/swissbaker.ch\/fr\/wp-json\/wp\/v2\/types\/post"}],"author":[{"embeddable":true,"href":"https:\/\/swissbaker.ch\/fr\/wp-json\/wp\/v2\/users\/1"}],"replies":[{"embeddable":true,"href":"https:\/\/swissbaker.ch\/fr\/wp-json\/wp\/v2\/comments?post=10281"}],"version-history":[{"count":0,"href":"https:\/\/swissbaker.ch\/fr\/wp-json\/wp\/v2\/posts\/10281\/revisions"}],"wp:featuredmedia":[{"embeddable":true,"href":"https:\/\/swissbaker.ch\/fr\/wp-json\/wp\/v2\/media\/10282"}],"wp:attachment":[{"href":"https:\/\/swissbaker.ch\/fr\/wp-json\/wp\/v2\/media?parent=10281"}],"wp:term":[{"taxonomy":"category","embeddable":true,"href":"https:\/\/swissbaker.ch\/fr\/wp-json\/wp\/v2\/categories?post=10281"},{"taxonomy":"post_tag","embeddable":true,"href":"https:\/\/swissbaker.ch\/fr\/wp-json\/wp\/v2\/tags?post=10281"}],"curies":[{"name":"wp","href":"https:\/\/api.w.org\/{rel}","templated":true}]}}