{"id":10253,"date":"2019-12-13T10:38:00","date_gmt":"2019-12-13T09:38:00","guid":{"rendered":"https:\/\/swissbaker.ch\/?p=10253"},"modified":"2022-05-20T11:13:13","modified_gmt":"2022-05-20T09:13:13","slug":"nous-nous-opposons-a-tout-surcout-supplementaire-pour-nos-membres","status":"publish","type":"post","link":"https:\/\/swissbaker.ch\/fr\/panissimo-news\/nous-nous-opposons-a-tout-surcout-supplementaire-pour-nos-membres\/","title":{"rendered":"\u00abNous nous opposons \u00e0 tout surco\u00fbt suppl\u00e9mentaire pour nos membres\u00bb"},"content":{"rendered":"\n<p><strong>Plusieurs interventions parlementaires ont eu lieu r\u00e9cemment autour de l\u2019augmentation des importations de pains et de produits boulangers. Si toutes sont rejet\u00e9es par le Conseil f\u00e9d\u00e9ral, comme par notre Comit\u00e9 central, une porte de sortie reste cependant ouverte.<\/strong><\/p>\n\n\n\n<p>La motion Hegglin,&nbsp;<a href=\"https:\/\/www.parlament.ch\/fr\/ratsbetrieb\/suche-curia-vista\/geschaeft?AffairId=20194179\" target=\"_blank\" rel=\"noreferrer noopener\">\u00abD\u00e9claration de l&#8217;origine et du lieu de transformation des pains et produits de boulangerie\u00bb<\/a>, a \u00e9t\u00e9 trait\u00e9e par le Conseil des \u00e9tats aujourd\u2019hui. L\u2019intervention a \u00e9t\u00e9 transmise par motion d\u2019ordre \u00e0 la commission.&nbsp;<br>Le comit\u00e9 central rejette fermement toutes les interventions de ce type. Comme l\u2019a indiqu\u00e9 Silvan Hotz, pr\u00e9sident de la BCS: \u00abNous ne nous opposons pas \u00e0 une indication suppl\u00e9mentaire sur le lieu de vente. En revanche, nous sommes contre le renforcement des m\u00e9canismes de contr\u00f4le et des surco\u00fbts importants pour nos membres.\u00bb<\/p>\n\n\n\n<p>La BCS propose en revanche, avec d\u2019autres acteurs de la cha\u00eene de valeur, d\u2019adresser la motion \u00e0 une commission pour examen plus approfondi, ce qui est survenu aujourd\u2019hui. La proposition: mettre en \u0153uvre la motion Hegglin sous une forme amend\u00e9e qui renoncerait \u00e0 la d\u00e9claration obligatoire du lieu d\u2019origine des mati\u00e8res premi\u00e8res, mais introduirait l\u2019indication du lieu de fabrication (indication du pays de production) du pain et des produits boulangers en vente \u2013 m\u00eame transform\u00e9s (sandwiches par ex.).<\/p>\n","protected":false},"excerpt":{"rendered":"<p>Plusieurs interventions parlementaires ont eu lieu r\u00e9cemment autour de l\u2019augmentation des importations de pains et de produits boulangers. Si toutes sont rejet\u00e9es par le Conseil f\u00e9d\u00e9ral, comme par notre Comit\u00e9 central, une porte de sortie reste cependant ouverte. La motion Hegglin,&nbsp;\u00abD\u00e9claration de l&#8217;origine et du lieu de transformation des pains et produits de boulangerie\u00bb, a \u00e9t\u00e9 trait\u00e9e par le Conseil [&hellip;]<\/p>\n","protected":false},"author":1,"featured_media":10254,"comment_status":"open","ping_status":"closed","sticky":false,"template":"","format":"standard","meta":{"_acf_changed":false,"footnotes":""},"categories":[41,44],"tags":[],"class_list":["post-10253","post","type-post","status-publish","format-standard","has-post-thumbnail","hentry","category-association","category-droit-politique"],"acf":[],"yoast_head":"<!-- This site is optimized with the Yoast SEO Premium plugin v26.8 (Yoast SEO v26.8) - https:\/\/yoast.com\/product\/yoast-seo-premium-wordpress\/ -->\n<title>\u00abNous nous opposons \u00e0 tout surco\u00fbt suppl\u00e9mentaire pour nos membres\u00bb | SBC<\/title>\n<meta name=\"robots\" content=\"index, follow, max-snippet:-1, max-image-preview:large, max-video-preview:-1\" \/>\n<link rel=\"canonical\" href=\"https:\/\/swissbaker.ch\/fr\/panissimo-news\/nous-nous-opposons-a-tout-surcout-supplementaire-pour-nos-membres\/\" \/>\n<meta property=\"og:locale\" content=\"fr_FR\" \/>\n<meta property=\"og:type\" content=\"article\" \/>\n<meta property=\"og:title\" content=\"\u00abNous nous opposons \u00e0 tout surco\u00fbt suppl\u00e9mentaire pour nos membres\u00bb\" \/>\n<meta property=\"og:description\" content=\"Plusieurs interventions parlementaires ont eu lieu r\u00e9cemment autour de l\u2019augmentation des importations de pains et de produits boulangers. Si toutes sont rejet\u00e9es par le Conseil f\u00e9d\u00e9ral, comme par notre Comit\u00e9 central, une porte de sortie reste cependant ouverte. La motion Hegglin,&nbsp;\u00abD\u00e9claration de l&#8217;origine et du lieu de transformation des pains et produits de boulangerie\u00bb, a \u00e9t\u00e9 trait\u00e9e par le Conseil [&hellip;]\" \/>\n<meta property=\"og:url\" content=\"https:\/\/swissbaker.ch\/fr\/panissimo-news\/nous-nous-opposons-a-tout-surcout-supplementaire-pour-nos-membres\/\" \/>\n<meta property=\"og:site_name\" content=\"SBC\" \/>\n<meta property=\"article:publisher\" content=\"https:\/\/www.facebook.com\/swissbaker.ch\" \/>\n<meta property=\"article:published_time\" content=\"2019-12-13T09:38:00+00:00\" \/>\n<meta property=\"article:modified_time\" content=\"2022-05-20T09:13:13+00:00\" \/>\n<meta property=\"og:image\" content=\"https:\/\/swissbaker.ch\/wp-content\/uploads\/2022\/05\/nl_24.2_brotimporte.jpg\" \/>\n\t<meta property=\"og:image:width\" content=\"800\" \/>\n\t<meta property=\"og:image:height\" content=\"474\" \/>\n\t<meta property=\"og:image:type\" content=\"image\/jpeg\" \/>\n<meta name=\"author\" content=\"azureart\" \/>\n<meta name=\"twitter:card\" content=\"summary_large_image\" \/>\n<meta name=\"twitter:creator\" content=\"@ch_swissbaker\" \/>\n<meta name=\"twitter:site\" content=\"@ch_swissbaker\" \/>\n<meta name=\"twitter:label1\" content=\"Written by\" \/>\n\t<meta name=\"twitter:data1\" content=\"azureart\" \/>\n\t<meta name=\"twitter:label2\" content=\"Est. reading time\" \/>\n\t<meta name=\"twitter:data2\" content=\"2 minutes\" \/>\n<script type=\"application\/ld+json\" class=\"yoast-schema-graph\">{\"@context\":\"https:\/\/schema.org\",\"@graph\":[{\"@type\":\"Article\",\"@id\":\"https:\/\/swissbaker.ch\/fr\/panissimo-news\/nous-nous-opposons-a-tout-surcout-supplementaire-pour-nos-membres\/#article\",\"isPartOf\":{\"@id\":\"https:\/\/swissbaker.ch\/fr\/panissimo-news\/nous-nous-opposons-a-tout-surcout-supplementaire-pour-nos-membres\/\"},\"author\":{\"name\":\"azureart\",\"@id\":\"https:\/\/swissbaker.ch\/fr\/#\/schema\/person\/058ac47619f7da53df62aba60f939b78\"},\"headline\":\"\u00abNous nous opposons \u00e0 tout surco\u00fbt suppl\u00e9mentaire pour nos membres\u00bb\",\"datePublished\":\"2019-12-13T09:38:00+00:00\",\"dateModified\":\"2022-05-20T09:13:13+00:00\",\"mainEntityOfPage\":{\"@id\":\"https:\/\/swissbaker.ch\/fr\/panissimo-news\/nous-nous-opposons-a-tout-surcout-supplementaire-pour-nos-membres\/\"},\"wordCount\":241,\"commentCount\":0,\"publisher\":{\"@id\":\"https:\/\/swissbaker.ch\/fr\/#organization\"},\"image\":{\"@id\":\"https:\/\/swissbaker.ch\/fr\/panissimo-news\/nous-nous-opposons-a-tout-surcout-supplementaire-pour-nos-membres\/#primaryimage\"},\"thumbnailUrl\":\"https:\/\/swissbaker.ch\/wp-content\/uploads\/2022\/05\/nl_24.2_brotimporte.jpg\",\"articleSection\":[\"Association\",\"Droit &amp; politique\"],\"inLanguage\":\"fr-FR\",\"potentialAction\":[{\"@type\":\"CommentAction\",\"name\":\"Comment\",\"target\":[\"https:\/\/swissbaker.ch\/fr\/panissimo-news\/nous-nous-opposons-a-tout-surcout-supplementaire-pour-nos-membres\/#respond\"]}]},{\"@type\":\"WebPage\",\"@id\":\"https:\/\/swissbaker.ch\/fr\/panissimo-news\/nous-nous-opposons-a-tout-surcout-supplementaire-pour-nos-membres\/\",\"url\":\"https:\/\/swissbaker.ch\/fr\/panissimo-news\/nous-nous-opposons-a-tout-surcout-supplementaire-pour-nos-membres\/\",\"name\":\"\u00abNous nous opposons \u00e0 tout surco\u00fbt suppl\u00e9mentaire pour nos membres\u00bb | SBC\",\"isPartOf\":{\"@id\":\"https:\/\/swissbaker.ch\/fr\/#website\"},\"primaryImageOfPage\":{\"@id\":\"https:\/\/swissbaker.ch\/fr\/panissimo-news\/nous-nous-opposons-a-tout-surcout-supplementaire-pour-nos-membres\/#primaryimage\"},\"image\":{\"@id\":\"https:\/\/swissbaker.ch\/fr\/panissimo-news\/nous-nous-opposons-a-tout-surcout-supplementaire-pour-nos-membres\/#primaryimage\"},\"thumbnailUrl\":\"https:\/\/swissbaker.ch\/wp-content\/uploads\/2022\/05\/nl_24.2_brotimporte.jpg\",\"datePublished\":\"2019-12-13T09:38:00+00:00\",\"dateModified\":\"2022-05-20T09:13:13+00:00\",\"breadcrumb\":{\"@id\":\"https:\/\/swissbaker.ch\/fr\/panissimo-news\/nous-nous-opposons-a-tout-surcout-supplementaire-pour-nos-membres\/#breadcrumb\"},\"inLanguage\":\"fr-FR\",\"potentialAction\":[{\"@type\":\"ReadAction\",\"target\":[\"https:\/\/swissbaker.ch\/fr\/panissimo-news\/nous-nous-opposons-a-tout-surcout-supplementaire-pour-nos-membres\/\"]}]},{\"@type\":\"ImageObject\",\"inLanguage\":\"fr-FR\",\"@id\":\"https:\/\/swissbaker.ch\/fr\/panissimo-news\/nous-nous-opposons-a-tout-surcout-supplementaire-pour-nos-membres\/#primaryimage\",\"url\":\"https:\/\/swissbaker.ch\/wp-content\/uploads\/2022\/05\/nl_24.2_brotimporte.jpg\",\"contentUrl\":\"https:\/\/swissbaker.ch\/wp-content\/uploads\/2022\/05\/nl_24.2_brotimporte.jpg\",\"width\":800,\"height\":474,\"caption\":\"\u00abNous nous opposons \u00e0 tout surco\u00fbt suppl\u00e9mentaire pour nos membres\u00bb\"},{\"@type\":\"BreadcrumbList\",\"@id\":\"https:\/\/swissbaker.ch\/fr\/panissimo-news\/nous-nous-opposons-a-tout-surcout-supplementaire-pour-nos-membres\/#breadcrumb\",\"itemListElement\":[{\"@type\":\"ListItem\",\"position\":1,\"name\":\"\",\"item\":\"https:\/\/swissbaker.ch\/fr\/\"},{\"@type\":\"ListItem\",\"position\":2,\"name\":\"Association\",\"item\":\"https:\/\/swissbaker.ch\/fr\/panissimo-news\/category\/association\/\"},{\"@type\":\"ListItem\",\"position\":3,\"name\":\"\u00abNous nous opposons \u00e0 tout surco\u00fbt suppl\u00e9mentaire pour nos membres\u00bb\"}]},{\"@type\":\"WebSite\",\"@id\":\"https:\/\/swissbaker.ch\/fr\/#website\",\"url\":\"https:\/\/swissbaker.ch\/fr\/\",\"name\":\"SBC\",\"description\":\"\",\"publisher\":{\"@id\":\"https:\/\/swissbaker.ch\/fr\/#organization\"},\"potentialAction\":[{\"@type\":\"SearchAction\",\"target\":{\"@type\":\"EntryPoint\",\"urlTemplate\":\"https:\/\/swissbaker.ch\/fr\/?s={search_term_string}\"},\"query-input\":{\"@type\":\"PropertyValueSpecification\",\"valueRequired\":true,\"valueName\":\"search_term_string\"}}],\"inLanguage\":\"fr-FR\"},{\"@type\":\"Organization\",\"@id\":\"https:\/\/swissbaker.ch\/fr\/#organization\",\"name\":\"Schweizerischer B\u00e4cker-Confiseurmeister-Verband\",\"url\":\"https:\/\/swissbaker.ch\/fr\/\",\"logo\":{\"@type\":\"ImageObject\",\"inLanguage\":\"fr-FR\",\"@id\":\"https:\/\/swissbaker.ch\/fr\/#\/schema\/logo\/image\/\",\"url\":\"https:\/\/swissbaker.ch\/wp-content\/uploads\/2022\/04\/sbc-logo-yoast.jpg\",\"contentUrl\":\"https:\/\/swissbaker.ch\/wp-content\/uploads\/2022\/04\/sbc-logo-yoast.jpg\",\"width\":512,\"height\":512,\"caption\":\"Schweizerischer B\u00e4cker-Confiseurmeister-Verband\"},\"image\":{\"@id\":\"https:\/\/swissbaker.ch\/fr\/#\/schema\/logo\/image\/\"},\"sameAs\":[\"https:\/\/www.facebook.com\/swissbaker.ch\",\"https:\/\/x.com\/ch_swissbaker\"]},{\"@type\":\"Person\",\"@id\":\"https:\/\/swissbaker.ch\/fr\/#\/schema\/person\/058ac47619f7da53df62aba60f939b78\",\"name\":\"azureart\",\"image\":{\"@type\":\"ImageObject\",\"inLanguage\":\"fr-FR\",\"@id\":\"https:\/\/swissbaker.ch\/fr\/#\/schema\/person\/image\/\",\"url\":\"https:\/\/secure.gravatar.com\/avatar\/be04dd3098fd612c83067af4f7a295384c93cb6a9112f51beb9d2f477d25da61?s=96&d=mm&r=g\",\"contentUrl\":\"https:\/\/secure.gravatar.com\/avatar\/be04dd3098fd612c83067af4f7a295384c93cb6a9112f51beb9d2f477d25da61?s=96&d=mm&r=g\",\"caption\":\"azureart\"},\"sameAs\":[\"https:\/\/swissbaker.ch\"],\"url\":\"https:\/\/swissbaker.ch\/fr\/panissimo-news\/author\/pixel-ahoi\/\"}]}<\/script>\n<!-- \/ Yoast SEO Premium plugin. -->","yoast_head_json":{"title":"\u00abNous nous opposons \u00e0 tout surco\u00fbt suppl\u00e9mentaire pour nos membres\u00bb | SBC","robots":{"index":"index","follow":"follow","max-snippet":"max-snippet:-1","max-image-preview":"max-image-preview:large","max-video-preview":"max-video-preview:-1"},"canonical":"https:\/\/swissbaker.ch\/fr\/panissimo-news\/nous-nous-opposons-a-tout-surcout-supplementaire-pour-nos-membres\/","og_locale":"fr_FR","og_type":"article","og_title":"\u00abNous nous opposons \u00e0 tout surco\u00fbt suppl\u00e9mentaire pour nos membres\u00bb","og_description":"Plusieurs interventions parlementaires ont eu lieu r\u00e9cemment autour de l\u2019augmentation des importations de pains et de produits boulangers. Si toutes sont rejet\u00e9es par le Conseil f\u00e9d\u00e9ral, comme par notre Comit\u00e9 central, une porte de sortie reste cependant ouverte. La motion Hegglin,&nbsp;\u00abD\u00e9claration de l&#8217;origine et du lieu de transformation des pains et produits de boulangerie\u00bb, a \u00e9t\u00e9 trait\u00e9e par le Conseil [&hellip;]","og_url":"https:\/\/swissbaker.ch\/fr\/panissimo-news\/nous-nous-opposons-a-tout-surcout-supplementaire-pour-nos-membres\/","og_site_name":"SBC","article_publisher":"https:\/\/www.facebook.com\/swissbaker.ch","article_published_time":"2019-12-13T09:38:00+00:00","article_modified_time":"2022-05-20T09:13:13+00:00","og_image":[{"width":800,"height":474,"url":"https:\/\/swissbaker.ch\/wp-content\/uploads\/2022\/05\/nl_24.2_brotimporte.jpg","type":"image\/jpeg"}],"author":"azureart","twitter_card":"summary_large_image","twitter_creator":"@ch_swissbaker","twitter_site":"@ch_swissbaker","twitter_misc":{"Written by":"azureart","Est. reading time":"2 minutes"},"schema":{"@context":"https:\/\/schema.org","@graph":[{"@type":"Article","@id":"https:\/\/swissbaker.ch\/fr\/panissimo-news\/nous-nous-opposons-a-tout-surcout-supplementaire-pour-nos-membres\/#article","isPartOf":{"@id":"https:\/\/swissbaker.ch\/fr\/panissimo-news\/nous-nous-opposons-a-tout-surcout-supplementaire-pour-nos-membres\/"},"author":{"name":"azureart","@id":"https:\/\/swissbaker.ch\/fr\/#\/schema\/person\/058ac47619f7da53df62aba60f939b78"},"headline":"\u00abNous nous opposons \u00e0 tout surco\u00fbt suppl\u00e9mentaire pour nos membres\u00bb","datePublished":"2019-12-13T09:38:00+00:00","dateModified":"2022-05-20T09:13:13+00:00","mainEntityOfPage":{"@id":"https:\/\/swissbaker.ch\/fr\/panissimo-news\/nous-nous-opposons-a-tout-surcout-supplementaire-pour-nos-membres\/"},"wordCount":241,"commentCount":0,"publisher":{"@id":"https:\/\/swissbaker.ch\/fr\/#organization"},"image":{"@id":"https:\/\/swissbaker.ch\/fr\/panissimo-news\/nous-nous-opposons-a-tout-surcout-supplementaire-pour-nos-membres\/#primaryimage"},"thumbnailUrl":"https:\/\/swissbaker.ch\/wp-content\/uploads\/2022\/05\/nl_24.2_brotimporte.jpg","articleSection":["Association","Droit &amp; politique"],"inLanguage":"fr-FR","potentialAction":[{"@type":"CommentAction","name":"Comment","target":["https:\/\/swissbaker.ch\/fr\/panissimo-news\/nous-nous-opposons-a-tout-surcout-supplementaire-pour-nos-membres\/#respond"]}]},{"@type":"WebPage","@id":"https:\/\/swissbaker.ch\/fr\/panissimo-news\/nous-nous-opposons-a-tout-surcout-supplementaire-pour-nos-membres\/","url":"https:\/\/swissbaker.ch\/fr\/panissimo-news\/nous-nous-opposons-a-tout-surcout-supplementaire-pour-nos-membres\/","name":"\u00abNous nous opposons \u00e0 tout surco\u00fbt suppl\u00e9mentaire pour nos membres\u00bb | SBC","isPartOf":{"@id":"https:\/\/swissbaker.ch\/fr\/#website"},"primaryImageOfPage":{"@id":"https:\/\/swissbaker.ch\/fr\/panissimo-news\/nous-nous-opposons-a-tout-surcout-supplementaire-pour-nos-membres\/#primaryimage"},"image":{"@id":"https:\/\/swissbaker.ch\/fr\/panissimo-news\/nous-nous-opposons-a-tout-surcout-supplementaire-pour-nos-membres\/#primaryimage"},"thumbnailUrl":"https:\/\/swissbaker.ch\/wp-content\/uploads\/2022\/05\/nl_24.2_brotimporte.jpg","datePublished":"2019-12-13T09:38:00+00:00","dateModified":"2022-05-20T09:13:13+00:00","breadcrumb":{"@id":"https:\/\/swissbaker.ch\/fr\/panissimo-news\/nous-nous-opposons-a-tout-surcout-supplementaire-pour-nos-membres\/#breadcrumb"},"inLanguage":"fr-FR","potentialAction":[{"@type":"ReadAction","target":["https:\/\/swissbaker.ch\/fr\/panissimo-news\/nous-nous-opposons-a-tout-surcout-supplementaire-pour-nos-membres\/"]}]},{"@type":"ImageObject","inLanguage":"fr-FR","@id":"https:\/\/swissbaker.ch\/fr\/panissimo-news\/nous-nous-opposons-a-tout-surcout-supplementaire-pour-nos-membres\/#primaryimage","url":"https:\/\/swissbaker.ch\/wp-content\/uploads\/2022\/05\/nl_24.2_brotimporte.jpg","contentUrl":"https:\/\/swissbaker.ch\/wp-content\/uploads\/2022\/05\/nl_24.2_brotimporte.jpg","width":800,"height":474,"caption":"\u00abNous nous opposons \u00e0 tout surco\u00fbt suppl\u00e9mentaire pour nos membres\u00bb"},{"@type":"BreadcrumbList","@id":"https:\/\/swissbaker.ch\/fr\/panissimo-news\/nous-nous-opposons-a-tout-surcout-supplementaire-pour-nos-membres\/#breadcrumb","itemListElement":[{"@type":"ListItem","position":1,"name":"","item":"https:\/\/swissbaker.ch\/fr\/"},{"@type":"ListItem","position":2,"name":"Association","item":"https:\/\/swissbaker.ch\/fr\/panissimo-news\/category\/association\/"},{"@type":"ListItem","position":3,"name":"\u00abNous nous opposons \u00e0 tout surco\u00fbt suppl\u00e9mentaire pour nos membres\u00bb"}]},{"@type":"WebSite","@id":"https:\/\/swissbaker.ch\/fr\/#website","url":"https:\/\/swissbaker.ch\/fr\/","name":"SBC","description":"","publisher":{"@id":"https:\/\/swissbaker.ch\/fr\/#organization"},"potentialAction":[{"@type":"SearchAction","target":{"@type":"EntryPoint","urlTemplate":"https:\/\/swissbaker.ch\/fr\/?s={search_term_string}"},"query-input":{"@type":"PropertyValueSpecification","valueRequired":true,"valueName":"search_term_string"}}],"inLanguage":"fr-FR"},{"@type":"Organization","@id":"https:\/\/swissbaker.ch\/fr\/#organization","name":"Schweizerischer B\u00e4cker-Confiseurmeister-Verband","url":"https:\/\/swissbaker.ch\/fr\/","logo":{"@type":"ImageObject","inLanguage":"fr-FR","@id":"https:\/\/swissbaker.ch\/fr\/#\/schema\/logo\/image\/","url":"https:\/\/swissbaker.ch\/wp-content\/uploads\/2022\/04\/sbc-logo-yoast.jpg","contentUrl":"https:\/\/swissbaker.ch\/wp-content\/uploads\/2022\/04\/sbc-logo-yoast.jpg","width":512,"height":512,"caption":"Schweizerischer B\u00e4cker-Confiseurmeister-Verband"},"image":{"@id":"https:\/\/swissbaker.ch\/fr\/#\/schema\/logo\/image\/"},"sameAs":["https:\/\/www.facebook.com\/swissbaker.ch","https:\/\/x.com\/ch_swissbaker"]},{"@type":"Person","@id":"https:\/\/swissbaker.ch\/fr\/#\/schema\/person\/058ac47619f7da53df62aba60f939b78","name":"azureart","image":{"@type":"ImageObject","inLanguage":"fr-FR","@id":"https:\/\/swissbaker.ch\/fr\/#\/schema\/person\/image\/","url":"https:\/\/secure.gravatar.com\/avatar\/be04dd3098fd612c83067af4f7a295384c93cb6a9112f51beb9d2f477d25da61?s=96&d=mm&r=g","contentUrl":"https:\/\/secure.gravatar.com\/avatar\/be04dd3098fd612c83067af4f7a295384c93cb6a9112f51beb9d2f477d25da61?s=96&d=mm&r=g","caption":"azureart"},"sameAs":["https:\/\/swissbaker.ch"],"url":"https:\/\/swissbaker.ch\/fr\/panissimo-news\/author\/pixel-ahoi\/"}]}},"_links":{"self":[{"href":"https:\/\/swissbaker.ch\/fr\/wp-json\/wp\/v2\/posts\/10253","targetHints":{"allow":["GET"]}}],"collection":[{"href":"https:\/\/swissbaker.ch\/fr\/wp-json\/wp\/v2\/posts"}],"about":[{"href":"https:\/\/swissbaker.ch\/fr\/wp-json\/wp\/v2\/types\/post"}],"author":[{"embeddable":true,"href":"https:\/\/swissbaker.ch\/fr\/wp-json\/wp\/v2\/users\/1"}],"replies":[{"embeddable":true,"href":"https:\/\/swissbaker.ch\/fr\/wp-json\/wp\/v2\/comments?post=10253"}],"version-history":[{"count":0,"href":"https:\/\/swissbaker.ch\/fr\/wp-json\/wp\/v2\/posts\/10253\/revisions"}],"wp:featuredmedia":[{"embeddable":true,"href":"https:\/\/swissbaker.ch\/fr\/wp-json\/wp\/v2\/media\/10254"}],"wp:attachment":[{"href":"https:\/\/swissbaker.ch\/fr\/wp-json\/wp\/v2\/media?parent=10253"}],"wp:term":[{"taxonomy":"category","embeddable":true,"href":"https:\/\/swissbaker.ch\/fr\/wp-json\/wp\/v2\/categories?post=10253"},{"taxonomy":"post_tag","embeddable":true,"href":"https:\/\/swissbaker.ch\/fr\/wp-json\/wp\/v2\/tags?post=10253"}],"curies":[{"name":"wp","href":"https:\/\/api.w.org\/{rel}","templated":true}]}}