{"id":10251,"date":"2019-12-16T15:21:00","date_gmt":"2019-12-16T14:21:00","guid":{"rendered":"https:\/\/swissbaker.ch\/?p=10251"},"modified":"2022-05-20T10:38:29","modified_gmt":"2022-05-20T08:38:29","slug":"le-souvenir-reconfortant-dune-boulangerie","status":"publish","type":"post","link":"https:\/\/swissbaker.ch\/fr\/panissimo-news\/le-souvenir-reconfortant-dune-boulangerie\/","title":{"rendered":"Le souvenir r\u00e9confortant d&#8217;une boulangerie"},"content":{"rendered":"\n<p><strong>Melanie B\u00e4chtold: \u00abQuand j&#8217;entre dans une boulangerie, je ressens toujours de l&#8217;hospitalit\u00e9, de la convivialit\u00e9 et le sentiment que le temps m&#8217;appartient.\u00bb<\/strong><\/p>\n\n\n\n<p>Je me souviens encore parfaitement d&#8217;une exp\u00e9rience v\u00e9cue il y a quelques ann\u00e9es alors que je voyageais avec des amis. Nous voulions attraper le dernier train \u00e0 Berne pour Thoune. A la h\u00e2te, nous nous sommes tromp\u00e9s de train ; sans arr\u00eat jusqu&#8217;en Valais\u2026<\/p>\n\n\n\n<p>Arriv\u00e9s-l\u00e0, tout est comme mort: restaurants ferm\u00e9s, personne en vue et les seules lumi\u00e8res encore allum\u00e9es sont celles des rues.<\/p>\n\n\n\n<p>Pour contrer le froid et pour passer le temps, nous traversons la localit\u00e9. A un moment donn\u00e9, nous passons devant une maison avec des lumi\u00e8res allum\u00e9es. Nous sonnons \u00e0 la porte ?<br>En nous approchant, nous voyons que la porte est ouverte. Nous jetons un coup d&#8217;\u0153il \u00e0 l&#8217;int\u00e9rieur. Quelle n\u2019est pas notre surprise en apercevant l\u2019int\u00e9rieur d\u2019une boulangerie o\u00f9 les gens sont d\u00e9j\u00e0 en plein travail.<\/p>\n\n\n\n<p>Je n&#8217;oublierai jamais \u00e0 quel point j&#8217;ai \u00e9t\u00e9 fascin\u00e9e par la d\u00e9licieuse odeur du pain frais, des miches enfarin\u00e9es, par la chaleur de la boulangerie et par l&#8217;effervescence qui y r\u00e9gnait. Pendant un court instant, le temps semblait s&#8217;\u00eatre arr\u00eat\u00e9 et j&#8217;ai oubli\u00e9 o\u00f9 j&#8217;\u00e9tais. Je me sentais r\u00e9confort\u00e9e. On nous permet de nous r\u00e9chauffer un moment, puis de prendre quelques sandwichs frais pour nous redonner des forces pour la route.<\/p>\n\n\n\n<p>Quand j&#8217;entre aujourd\u2019hui dans une boulangerie, je ressens toujours cette m\u00eame hospitalit\u00e9, cette convivialit\u00e9 et le sentiment que le temps m&#8217;appartient.<\/p>\n\n\n\n<p>Voil\u00e0 ce qu\u2019est pour moi une boulangerie!<\/p>\n\n\n\n<p><strong>Melanie B\u00e4chtold<\/strong> travaille dans l\u2019administration et le marketing en ligne. Elle aime les bonnes histoires et les voyages. Lorsqu\u2019elle est \u00e0 l\u2019\u00e9tranger, ce sont les bons produits boulangers et laitiers qui lui manquent le plus sur le plan culinaire.<\/p>\n\n\n\n<p><a href=\"https:\/\/www.swissbaker.ch\/de\/panissimo-news\/swissbaker-blog\/\">swissbaker-blog<\/a><br>Les swissbaker-blogs refl\u00e8tent l\u2019opinion de leur auteur. \u00ab panissimo \u00bb d\u00e9cline toute responsabilit\u00e9 quant \u00e0 l\u2019exactitude et l\u2019exhaustivit\u00e9 de leur contenu<\/p>\n","protected":false},"excerpt":{"rendered":"<p>Melanie B\u00e4chtold: \u00abQuand j&#8217;entre dans une boulangerie, je ressens toujours de l&#8217;hospitalit\u00e9, de la convivialit\u00e9 et le sentiment que le temps m&#8217;appartient.\u00bb Je me souviens encore parfaitement d&#8217;une exp\u00e9rience v\u00e9cue il y a quelques ann\u00e9es alors que je voyageais avec des amis. Nous voulions attraper le dernier train \u00e0 Berne pour Thoune. A la h\u00e2te, nous nous sommes tromp\u00e9s de [&hellip;]<\/p>\n","protected":false},"author":1,"featured_media":6010,"comment_status":"open","ping_status":"closed","sticky":false,"template":"","format":"standard","meta":{"_acf_changed":false,"footnotes":""},"categories":[58],"tags":[],"class_list":["post-10251","post","type-post","status-publish","format-standard","has-post-thumbnail","hentry","category-swissbaker-blog-fr"],"acf":[],"yoast_head":"<!-- This site is optimized with the Yoast SEO Premium plugin v26.8 (Yoast SEO v26.8) - https:\/\/yoast.com\/product\/yoast-seo-premium-wordpress\/ -->\n<title>Le souvenir r\u00e9confortant d&#039;une boulangerie | SBC<\/title>\n<meta name=\"robots\" content=\"index, follow, max-snippet:-1, max-image-preview:large, max-video-preview:-1\" \/>\n<link rel=\"canonical\" href=\"https:\/\/swissbaker.ch\/fr\/panissimo-news\/le-souvenir-reconfortant-dune-boulangerie\/\" \/>\n<meta property=\"og:locale\" content=\"fr_FR\" \/>\n<meta property=\"og:type\" content=\"article\" \/>\n<meta property=\"og:title\" content=\"Le souvenir r\u00e9confortant d&#039;une boulangerie\" \/>\n<meta property=\"og:description\" content=\"Melanie B\u00e4chtold: \u00abQuand j&#8217;entre dans une boulangerie, je ressens toujours de l&#8217;hospitalit\u00e9, de la convivialit\u00e9 et le sentiment que le temps m&#8217;appartient.\u00bb Je me souviens encore parfaitement d&#8217;une exp\u00e9rience v\u00e9cue il y a quelques ann\u00e9es alors que je voyageais avec des amis. Nous voulions attraper le dernier train \u00e0 Berne pour Thoune. A la h\u00e2te, nous nous sommes tromp\u00e9s de [&hellip;]\" \/>\n<meta property=\"og:url\" content=\"https:\/\/swissbaker.ch\/fr\/panissimo-news\/le-souvenir-reconfortant-dune-boulangerie\/\" \/>\n<meta property=\"og:site_name\" content=\"SBC\" \/>\n<meta property=\"article:publisher\" content=\"https:\/\/www.facebook.com\/swissbaker.ch\" \/>\n<meta property=\"article:published_time\" content=\"2019-12-16T14:21:00+00:00\" \/>\n<meta property=\"article:modified_time\" content=\"2022-05-20T08:38:29+00:00\" \/>\n<meta property=\"og:image\" content=\"https:\/\/swissbaker.ch\/wp-content\/uploads\/2022\/03\/nl_25.1_malanie_berchtold.jpg\" \/>\n\t<meta property=\"og:image:width\" content=\"800\" \/>\n\t<meta property=\"og:image:height\" content=\"474\" \/>\n\t<meta property=\"og:image:type\" content=\"image\/jpeg\" \/>\n<meta name=\"author\" content=\"azureart\" \/>\n<meta name=\"twitter:card\" content=\"summary_large_image\" \/>\n<meta name=\"twitter:creator\" content=\"@ch_swissbaker\" \/>\n<meta name=\"twitter:site\" content=\"@ch_swissbaker\" \/>\n<meta name=\"twitter:label1\" content=\"Written by\" \/>\n\t<meta name=\"twitter:data1\" content=\"azureart\" \/>\n\t<meta name=\"twitter:label2\" content=\"Est. reading time\" \/>\n\t<meta name=\"twitter:data2\" content=\"2 minutes\" \/>\n<script type=\"application\/ld+json\" class=\"yoast-schema-graph\">{\"@context\":\"https:\/\/schema.org\",\"@graph\":[{\"@type\":\"Article\",\"@id\":\"https:\/\/swissbaker.ch\/fr\/panissimo-news\/le-souvenir-reconfortant-dune-boulangerie\/#article\",\"isPartOf\":{\"@id\":\"https:\/\/swissbaker.ch\/fr\/panissimo-news\/le-souvenir-reconfortant-dune-boulangerie\/\"},\"author\":{\"name\":\"azureart\",\"@id\":\"https:\/\/swissbaker.ch\/fr\/#\/schema\/person\/058ac47619f7da53df62aba60f939b78\"},\"headline\":\"Le souvenir r\u00e9confortant d&#8217;une boulangerie\",\"datePublished\":\"2019-12-16T14:21:00+00:00\",\"dateModified\":\"2022-05-20T08:38:29+00:00\",\"mainEntityOfPage\":{\"@id\":\"https:\/\/swissbaker.ch\/fr\/panissimo-news\/le-souvenir-reconfortant-dune-boulangerie\/\"},\"wordCount\":364,\"commentCount\":0,\"publisher\":{\"@id\":\"https:\/\/swissbaker.ch\/fr\/#organization\"},\"image\":{\"@id\":\"https:\/\/swissbaker.ch\/fr\/panissimo-news\/le-souvenir-reconfortant-dune-boulangerie\/#primaryimage\"},\"thumbnailUrl\":\"https:\/\/swissbaker.ch\/wp-content\/uploads\/2022\/03\/nl_25.1_malanie_berchtold.jpg\",\"articleSection\":[\"swissbaker-blog\"],\"inLanguage\":\"fr-FR\",\"potentialAction\":[{\"@type\":\"CommentAction\",\"name\":\"Comment\",\"target\":[\"https:\/\/swissbaker.ch\/fr\/panissimo-news\/le-souvenir-reconfortant-dune-boulangerie\/#respond\"]}]},{\"@type\":\"WebPage\",\"@id\":\"https:\/\/swissbaker.ch\/fr\/panissimo-news\/le-souvenir-reconfortant-dune-boulangerie\/\",\"url\":\"https:\/\/swissbaker.ch\/fr\/panissimo-news\/le-souvenir-reconfortant-dune-boulangerie\/\",\"name\":\"Le souvenir r\u00e9confortant d'une boulangerie | SBC\",\"isPartOf\":{\"@id\":\"https:\/\/swissbaker.ch\/fr\/#website\"},\"primaryImageOfPage\":{\"@id\":\"https:\/\/swissbaker.ch\/fr\/panissimo-news\/le-souvenir-reconfortant-dune-boulangerie\/#primaryimage\"},\"image\":{\"@id\":\"https:\/\/swissbaker.ch\/fr\/panissimo-news\/le-souvenir-reconfortant-dune-boulangerie\/#primaryimage\"},\"thumbnailUrl\":\"https:\/\/swissbaker.ch\/wp-content\/uploads\/2022\/03\/nl_25.1_malanie_berchtold.jpg\",\"datePublished\":\"2019-12-16T14:21:00+00:00\",\"dateModified\":\"2022-05-20T08:38:29+00:00\",\"breadcrumb\":{\"@id\":\"https:\/\/swissbaker.ch\/fr\/panissimo-news\/le-souvenir-reconfortant-dune-boulangerie\/#breadcrumb\"},\"inLanguage\":\"fr-FR\",\"potentialAction\":[{\"@type\":\"ReadAction\",\"target\":[\"https:\/\/swissbaker.ch\/fr\/panissimo-news\/le-souvenir-reconfortant-dune-boulangerie\/\"]}]},{\"@type\":\"ImageObject\",\"inLanguage\":\"fr-FR\",\"@id\":\"https:\/\/swissbaker.ch\/fr\/panissimo-news\/le-souvenir-reconfortant-dune-boulangerie\/#primaryimage\",\"url\":\"https:\/\/swissbaker.ch\/wp-content\/uploads\/2022\/03\/nl_25.1_malanie_berchtold.jpg\",\"contentUrl\":\"https:\/\/swissbaker.ch\/wp-content\/uploads\/2022\/03\/nl_25.1_malanie_berchtold.jpg\",\"width\":800,\"height\":474,\"caption\":\"Le souvenir r\u00e9confortant d'une boulangerie\"},{\"@type\":\"BreadcrumbList\",\"@id\":\"https:\/\/swissbaker.ch\/fr\/panissimo-news\/le-souvenir-reconfortant-dune-boulangerie\/#breadcrumb\",\"itemListElement\":[{\"@type\":\"ListItem\",\"position\":1,\"name\":\"\",\"item\":\"https:\/\/swissbaker.ch\/fr\/\"},{\"@type\":\"ListItem\",\"position\":2,\"name\":\"swissbaker-blog\",\"item\":\"https:\/\/swissbaker.ch\/fr\/panissimo-news\/category\/swissbaker-blog-fr\/\"},{\"@type\":\"ListItem\",\"position\":3,\"name\":\"Le souvenir r\u00e9confortant d&rsquo;une boulangerie\"}]},{\"@type\":\"WebSite\",\"@id\":\"https:\/\/swissbaker.ch\/fr\/#website\",\"url\":\"https:\/\/swissbaker.ch\/fr\/\",\"name\":\"SBC\",\"description\":\"\",\"publisher\":{\"@id\":\"https:\/\/swissbaker.ch\/fr\/#organization\"},\"potentialAction\":[{\"@type\":\"SearchAction\",\"target\":{\"@type\":\"EntryPoint\",\"urlTemplate\":\"https:\/\/swissbaker.ch\/fr\/?s={search_term_string}\"},\"query-input\":{\"@type\":\"PropertyValueSpecification\",\"valueRequired\":true,\"valueName\":\"search_term_string\"}}],\"inLanguage\":\"fr-FR\"},{\"@type\":\"Organization\",\"@id\":\"https:\/\/swissbaker.ch\/fr\/#organization\",\"name\":\"Schweizerischer B\u00e4cker-Confiseurmeister-Verband\",\"url\":\"https:\/\/swissbaker.ch\/fr\/\",\"logo\":{\"@type\":\"ImageObject\",\"inLanguage\":\"fr-FR\",\"@id\":\"https:\/\/swissbaker.ch\/fr\/#\/schema\/logo\/image\/\",\"url\":\"https:\/\/swissbaker.ch\/wp-content\/uploads\/2022\/04\/sbc-logo-yoast.jpg\",\"contentUrl\":\"https:\/\/swissbaker.ch\/wp-content\/uploads\/2022\/04\/sbc-logo-yoast.jpg\",\"width\":512,\"height\":512,\"caption\":\"Schweizerischer B\u00e4cker-Confiseurmeister-Verband\"},\"image\":{\"@id\":\"https:\/\/swissbaker.ch\/fr\/#\/schema\/logo\/image\/\"},\"sameAs\":[\"https:\/\/www.facebook.com\/swissbaker.ch\",\"https:\/\/x.com\/ch_swissbaker\"]},{\"@type\":\"Person\",\"@id\":\"https:\/\/swissbaker.ch\/fr\/#\/schema\/person\/058ac47619f7da53df62aba60f939b78\",\"name\":\"azureart\",\"image\":{\"@type\":\"ImageObject\",\"inLanguage\":\"fr-FR\",\"@id\":\"https:\/\/swissbaker.ch\/fr\/#\/schema\/person\/image\/\",\"url\":\"https:\/\/secure.gravatar.com\/avatar\/be04dd3098fd612c83067af4f7a295384c93cb6a9112f51beb9d2f477d25da61?s=96&d=mm&r=g\",\"contentUrl\":\"https:\/\/secure.gravatar.com\/avatar\/be04dd3098fd612c83067af4f7a295384c93cb6a9112f51beb9d2f477d25da61?s=96&d=mm&r=g\",\"caption\":\"azureart\"},\"sameAs\":[\"https:\/\/swissbaker.ch\"],\"url\":\"https:\/\/swissbaker.ch\/fr\/panissimo-news\/author\/pixel-ahoi\/\"}]}<\/script>\n<!-- \/ Yoast SEO Premium plugin. -->","yoast_head_json":{"title":"Le souvenir r\u00e9confortant d'une boulangerie | SBC","robots":{"index":"index","follow":"follow","max-snippet":"max-snippet:-1","max-image-preview":"max-image-preview:large","max-video-preview":"max-video-preview:-1"},"canonical":"https:\/\/swissbaker.ch\/fr\/panissimo-news\/le-souvenir-reconfortant-dune-boulangerie\/","og_locale":"fr_FR","og_type":"article","og_title":"Le souvenir r\u00e9confortant d'une boulangerie","og_description":"Melanie B\u00e4chtold: \u00abQuand j&#8217;entre dans une boulangerie, je ressens toujours de l&#8217;hospitalit\u00e9, de la convivialit\u00e9 et le sentiment que le temps m&#8217;appartient.\u00bb Je me souviens encore parfaitement d&#8217;une exp\u00e9rience v\u00e9cue il y a quelques ann\u00e9es alors que je voyageais avec des amis. Nous voulions attraper le dernier train \u00e0 Berne pour Thoune. A la h\u00e2te, nous nous sommes tromp\u00e9s de [&hellip;]","og_url":"https:\/\/swissbaker.ch\/fr\/panissimo-news\/le-souvenir-reconfortant-dune-boulangerie\/","og_site_name":"SBC","article_publisher":"https:\/\/www.facebook.com\/swissbaker.ch","article_published_time":"2019-12-16T14:21:00+00:00","article_modified_time":"2022-05-20T08:38:29+00:00","og_image":[{"width":800,"height":474,"url":"https:\/\/swissbaker.ch\/wp-content\/uploads\/2022\/03\/nl_25.1_malanie_berchtold.jpg","type":"image\/jpeg"}],"author":"azureart","twitter_card":"summary_large_image","twitter_creator":"@ch_swissbaker","twitter_site":"@ch_swissbaker","twitter_misc":{"Written by":"azureart","Est. reading time":"2 minutes"},"schema":{"@context":"https:\/\/schema.org","@graph":[{"@type":"Article","@id":"https:\/\/swissbaker.ch\/fr\/panissimo-news\/le-souvenir-reconfortant-dune-boulangerie\/#article","isPartOf":{"@id":"https:\/\/swissbaker.ch\/fr\/panissimo-news\/le-souvenir-reconfortant-dune-boulangerie\/"},"author":{"name":"azureart","@id":"https:\/\/swissbaker.ch\/fr\/#\/schema\/person\/058ac47619f7da53df62aba60f939b78"},"headline":"Le souvenir r\u00e9confortant d&#8217;une boulangerie","datePublished":"2019-12-16T14:21:00+00:00","dateModified":"2022-05-20T08:38:29+00:00","mainEntityOfPage":{"@id":"https:\/\/swissbaker.ch\/fr\/panissimo-news\/le-souvenir-reconfortant-dune-boulangerie\/"},"wordCount":364,"commentCount":0,"publisher":{"@id":"https:\/\/swissbaker.ch\/fr\/#organization"},"image":{"@id":"https:\/\/swissbaker.ch\/fr\/panissimo-news\/le-souvenir-reconfortant-dune-boulangerie\/#primaryimage"},"thumbnailUrl":"https:\/\/swissbaker.ch\/wp-content\/uploads\/2022\/03\/nl_25.1_malanie_berchtold.jpg","articleSection":["swissbaker-blog"],"inLanguage":"fr-FR","potentialAction":[{"@type":"CommentAction","name":"Comment","target":["https:\/\/swissbaker.ch\/fr\/panissimo-news\/le-souvenir-reconfortant-dune-boulangerie\/#respond"]}]},{"@type":"WebPage","@id":"https:\/\/swissbaker.ch\/fr\/panissimo-news\/le-souvenir-reconfortant-dune-boulangerie\/","url":"https:\/\/swissbaker.ch\/fr\/panissimo-news\/le-souvenir-reconfortant-dune-boulangerie\/","name":"Le souvenir r\u00e9confortant d'une boulangerie | SBC","isPartOf":{"@id":"https:\/\/swissbaker.ch\/fr\/#website"},"primaryImageOfPage":{"@id":"https:\/\/swissbaker.ch\/fr\/panissimo-news\/le-souvenir-reconfortant-dune-boulangerie\/#primaryimage"},"image":{"@id":"https:\/\/swissbaker.ch\/fr\/panissimo-news\/le-souvenir-reconfortant-dune-boulangerie\/#primaryimage"},"thumbnailUrl":"https:\/\/swissbaker.ch\/wp-content\/uploads\/2022\/03\/nl_25.1_malanie_berchtold.jpg","datePublished":"2019-12-16T14:21:00+00:00","dateModified":"2022-05-20T08:38:29+00:00","breadcrumb":{"@id":"https:\/\/swissbaker.ch\/fr\/panissimo-news\/le-souvenir-reconfortant-dune-boulangerie\/#breadcrumb"},"inLanguage":"fr-FR","potentialAction":[{"@type":"ReadAction","target":["https:\/\/swissbaker.ch\/fr\/panissimo-news\/le-souvenir-reconfortant-dune-boulangerie\/"]}]},{"@type":"ImageObject","inLanguage":"fr-FR","@id":"https:\/\/swissbaker.ch\/fr\/panissimo-news\/le-souvenir-reconfortant-dune-boulangerie\/#primaryimage","url":"https:\/\/swissbaker.ch\/wp-content\/uploads\/2022\/03\/nl_25.1_malanie_berchtold.jpg","contentUrl":"https:\/\/swissbaker.ch\/wp-content\/uploads\/2022\/03\/nl_25.1_malanie_berchtold.jpg","width":800,"height":474,"caption":"Le souvenir r\u00e9confortant d'une boulangerie"},{"@type":"BreadcrumbList","@id":"https:\/\/swissbaker.ch\/fr\/panissimo-news\/le-souvenir-reconfortant-dune-boulangerie\/#breadcrumb","itemListElement":[{"@type":"ListItem","position":1,"name":"","item":"https:\/\/swissbaker.ch\/fr\/"},{"@type":"ListItem","position":2,"name":"swissbaker-blog","item":"https:\/\/swissbaker.ch\/fr\/panissimo-news\/category\/swissbaker-blog-fr\/"},{"@type":"ListItem","position":3,"name":"Le souvenir r\u00e9confortant d&rsquo;une boulangerie"}]},{"@type":"WebSite","@id":"https:\/\/swissbaker.ch\/fr\/#website","url":"https:\/\/swissbaker.ch\/fr\/","name":"SBC","description":"","publisher":{"@id":"https:\/\/swissbaker.ch\/fr\/#organization"},"potentialAction":[{"@type":"SearchAction","target":{"@type":"EntryPoint","urlTemplate":"https:\/\/swissbaker.ch\/fr\/?s={search_term_string}"},"query-input":{"@type":"PropertyValueSpecification","valueRequired":true,"valueName":"search_term_string"}}],"inLanguage":"fr-FR"},{"@type":"Organization","@id":"https:\/\/swissbaker.ch\/fr\/#organization","name":"Schweizerischer B\u00e4cker-Confiseurmeister-Verband","url":"https:\/\/swissbaker.ch\/fr\/","logo":{"@type":"ImageObject","inLanguage":"fr-FR","@id":"https:\/\/swissbaker.ch\/fr\/#\/schema\/logo\/image\/","url":"https:\/\/swissbaker.ch\/wp-content\/uploads\/2022\/04\/sbc-logo-yoast.jpg","contentUrl":"https:\/\/swissbaker.ch\/wp-content\/uploads\/2022\/04\/sbc-logo-yoast.jpg","width":512,"height":512,"caption":"Schweizerischer B\u00e4cker-Confiseurmeister-Verband"},"image":{"@id":"https:\/\/swissbaker.ch\/fr\/#\/schema\/logo\/image\/"},"sameAs":["https:\/\/www.facebook.com\/swissbaker.ch","https:\/\/x.com\/ch_swissbaker"]},{"@type":"Person","@id":"https:\/\/swissbaker.ch\/fr\/#\/schema\/person\/058ac47619f7da53df62aba60f939b78","name":"azureart","image":{"@type":"ImageObject","inLanguage":"fr-FR","@id":"https:\/\/swissbaker.ch\/fr\/#\/schema\/person\/image\/","url":"https:\/\/secure.gravatar.com\/avatar\/be04dd3098fd612c83067af4f7a295384c93cb6a9112f51beb9d2f477d25da61?s=96&d=mm&r=g","contentUrl":"https:\/\/secure.gravatar.com\/avatar\/be04dd3098fd612c83067af4f7a295384c93cb6a9112f51beb9d2f477d25da61?s=96&d=mm&r=g","caption":"azureart"},"sameAs":["https:\/\/swissbaker.ch"],"url":"https:\/\/swissbaker.ch\/fr\/panissimo-news\/author\/pixel-ahoi\/"}]}},"_links":{"self":[{"href":"https:\/\/swissbaker.ch\/fr\/wp-json\/wp\/v2\/posts\/10251","targetHints":{"allow":["GET"]}}],"collection":[{"href":"https:\/\/swissbaker.ch\/fr\/wp-json\/wp\/v2\/posts"}],"about":[{"href":"https:\/\/swissbaker.ch\/fr\/wp-json\/wp\/v2\/types\/post"}],"author":[{"embeddable":true,"href":"https:\/\/swissbaker.ch\/fr\/wp-json\/wp\/v2\/users\/1"}],"replies":[{"embeddable":true,"href":"https:\/\/swissbaker.ch\/fr\/wp-json\/wp\/v2\/comments?post=10251"}],"version-history":[{"count":0,"href":"https:\/\/swissbaker.ch\/fr\/wp-json\/wp\/v2\/posts\/10251\/revisions"}],"wp:featuredmedia":[{"embeddable":true,"href":"https:\/\/swissbaker.ch\/fr\/wp-json\/wp\/v2\/media\/6010"}],"wp:attachment":[{"href":"https:\/\/swissbaker.ch\/fr\/wp-json\/wp\/v2\/media?parent=10251"}],"wp:term":[{"taxonomy":"category","embeddable":true,"href":"https:\/\/swissbaker.ch\/fr\/wp-json\/wp\/v2\/categories?post=10251"},{"taxonomy":"post_tag","embeddable":true,"href":"https:\/\/swissbaker.ch\/fr\/wp-json\/wp\/v2\/tags?post=10251"}],"curies":[{"name":"wp","href":"https:\/\/api.w.org\/{rel}","templated":true}]}}