{"id":10245,"date":"2019-12-19T15:15:00","date_gmt":"2019-12-19T14:15:00","guid":{"rendered":"https:\/\/swissbaker.ch\/?p=10245"},"modified":"2022-05-20T10:27:52","modified_gmt":"2022-05-20T08:27:52","slug":"les-membres-du-comite-central-dressent-le-bilan","status":"publish","type":"post","link":"https:\/\/swissbaker.ch\/fr\/panissimo-news\/les-membres-du-comite-central-dressent-le-bilan\/","title":{"rendered":"Les membres du comit\u00e9 central dressent le bilan"},"content":{"rendered":"\n<p><strong>Cela fait pr\u00e8s de six mois que ses nouveaux membres ont pris place au sein du comit\u00e9 central de la BCS. \u00ab panissimo \u00bb a demand\u00e9 aux membres du CC de dresser un premier bilan.<\/strong><\/p>\n\n\n\n<p>Depuis, quatre r\u00e9unions ont \u00e9t\u00e9 organis\u00e9es : des sessions intenses qui ont donn\u00e9 lieu \u00e0 des discussions constructives et transparentes, malgr\u00e9 les controverses. Il faut dire que les d\u00e9fis en pr\u00e9sence sont \u00e9lev\u00e9s et complexes, et que les nouvelles structures ne sont pas encore optimis\u00e9es. Dans ce contexte, le m\u00e9lange d\u2019exp\u00e9riences et d\u2019expertises, mais aussi la force de l\u2019engagement et la passion de ses membres permettent au comit\u00e9 central (CC) de rester concentr\u00e9 sur ses objectifs.<\/p>\n\n\n\n<p>\u00ab panissimo \u00bb a demand\u00e9 aux membres du CC de dresser&nbsp;<a href=\"https:\/\/www.swissbaker.ch\/inhalte\/02_news\/2019_halbjahr2\/dezember\/zv_panissimo_20.12.2019_f.pdf\">un premier bilan.<\/a><\/p>\n","protected":false},"excerpt":{"rendered":"<p>Cela fait pr\u00e8s de six mois que ses nouveaux membres ont pris place au sein du comit\u00e9 central de la BCS. \u00ab panissimo \u00bb a demand\u00e9 aux membres du CC de dresser un premier bilan. Depuis, quatre r\u00e9unions ont \u00e9t\u00e9 organis\u00e9es : des sessions intenses qui ont donn\u00e9 lieu \u00e0 des discussions constructives et transparentes, malgr\u00e9 les controverses. Il faut [&hellip;]<\/p>\n","protected":false},"author":1,"featured_media":6007,"comment_status":"open","ping_status":"closed","sticky":false,"template":"","format":"standard","meta":{"_acf_changed":false,"footnotes":""},"categories":[41],"tags":[],"class_list":["post-10245","post","type-post","status-publish","format-standard","has-post-thumbnail","hentry","category-association"],"acf":[],"yoast_head":"<!-- This site is optimized with the Yoast SEO Premium plugin v26.8 (Yoast SEO v26.8) - https:\/\/yoast.com\/product\/yoast-seo-premium-wordpress\/ -->\n<title>Les membres du comit\u00e9 central dressent le bilan | SBC<\/title>\n<meta name=\"robots\" content=\"index, follow, max-snippet:-1, max-image-preview:large, max-video-preview:-1\" \/>\n<link rel=\"canonical\" href=\"https:\/\/swissbaker.ch\/fr\/panissimo-news\/les-membres-du-comite-central-dressent-le-bilan\/\" \/>\n<meta property=\"og:locale\" content=\"fr_FR\" \/>\n<meta property=\"og:type\" content=\"article\" \/>\n<meta property=\"og:title\" content=\"Les membres du comit\u00e9 central dressent le bilan\" \/>\n<meta property=\"og:description\" content=\"Cela fait pr\u00e8s de six mois que ses nouveaux membres ont pris place au sein du comit\u00e9 central de la BCS. \u00ab panissimo \u00bb a demand\u00e9 aux membres du CC de dresser un premier bilan. Depuis, quatre r\u00e9unions ont \u00e9t\u00e9 organis\u00e9es : des sessions intenses qui ont donn\u00e9 lieu \u00e0 des discussions constructives et transparentes, malgr\u00e9 les controverses. Il faut [&hellip;]\" \/>\n<meta property=\"og:url\" content=\"https:\/\/swissbaker.ch\/fr\/panissimo-news\/les-membres-du-comite-central-dressent-le-bilan\/\" \/>\n<meta property=\"og:site_name\" content=\"SBC\" \/>\n<meta property=\"article:publisher\" content=\"https:\/\/www.facebook.com\/swissbaker.ch\" \/>\n<meta property=\"article:published_time\" content=\"2019-12-19T14:15:00+00:00\" \/>\n<meta property=\"article:modified_time\" content=\"2022-05-20T08:27:52+00:00\" \/>\n<meta property=\"og:image\" content=\"https:\/\/swissbaker.ch\/wp-content\/uploads\/2022\/03\/nl_25.1_zv.jpg\" \/>\n\t<meta property=\"og:image:width\" content=\"800\" \/>\n\t<meta property=\"og:image:height\" content=\"474\" \/>\n\t<meta property=\"og:image:type\" content=\"image\/jpeg\" \/>\n<meta name=\"author\" content=\"azureart\" \/>\n<meta name=\"twitter:card\" content=\"summary_large_image\" \/>\n<meta name=\"twitter:creator\" content=\"@ch_swissbaker\" \/>\n<meta name=\"twitter:site\" content=\"@ch_swissbaker\" \/>\n<meta name=\"twitter:label1\" content=\"Written by\" \/>\n\t<meta name=\"twitter:data1\" content=\"azureart\" \/>\n\t<meta name=\"twitter:label2\" content=\"Est. reading time\" \/>\n\t<meta name=\"twitter:data2\" content=\"1 minute\" \/>\n<script type=\"application\/ld+json\" class=\"yoast-schema-graph\">{\"@context\":\"https:\/\/schema.org\",\"@graph\":[{\"@type\":\"Article\",\"@id\":\"https:\/\/swissbaker.ch\/fr\/panissimo-news\/les-membres-du-comite-central-dressent-le-bilan\/#article\",\"isPartOf\":{\"@id\":\"https:\/\/swissbaker.ch\/fr\/panissimo-news\/les-membres-du-comite-central-dressent-le-bilan\/\"},\"author\":{\"name\":\"azureart\",\"@id\":\"https:\/\/swissbaker.ch\/fr\/#\/schema\/person\/058ac47619f7da53df62aba60f939b78\"},\"headline\":\"Les membres du comit\u00e9 central dressent le bilan\",\"datePublished\":\"2019-12-19T14:15:00+00:00\",\"dateModified\":\"2022-05-20T08:27:52+00:00\",\"mainEntityOfPage\":{\"@id\":\"https:\/\/swissbaker.ch\/fr\/panissimo-news\/les-membres-du-comite-central-dressent-le-bilan\/\"},\"wordCount\":140,\"commentCount\":0,\"publisher\":{\"@id\":\"https:\/\/swissbaker.ch\/fr\/#organization\"},\"image\":{\"@id\":\"https:\/\/swissbaker.ch\/fr\/panissimo-news\/les-membres-du-comite-central-dressent-le-bilan\/#primaryimage\"},\"thumbnailUrl\":\"https:\/\/swissbaker.ch\/wp-content\/uploads\/2022\/03\/nl_25.1_zv.jpg\",\"articleSection\":[\"Association\"],\"inLanguage\":\"fr-FR\",\"potentialAction\":[{\"@type\":\"CommentAction\",\"name\":\"Comment\",\"target\":[\"https:\/\/swissbaker.ch\/fr\/panissimo-news\/les-membres-du-comite-central-dressent-le-bilan\/#respond\"]}]},{\"@type\":\"WebPage\",\"@id\":\"https:\/\/swissbaker.ch\/fr\/panissimo-news\/les-membres-du-comite-central-dressent-le-bilan\/\",\"url\":\"https:\/\/swissbaker.ch\/fr\/panissimo-news\/les-membres-du-comite-central-dressent-le-bilan\/\",\"name\":\"Les membres du comit\u00e9 central dressent le bilan | SBC\",\"isPartOf\":{\"@id\":\"https:\/\/swissbaker.ch\/fr\/#website\"},\"primaryImageOfPage\":{\"@id\":\"https:\/\/swissbaker.ch\/fr\/panissimo-news\/les-membres-du-comite-central-dressent-le-bilan\/#primaryimage\"},\"image\":{\"@id\":\"https:\/\/swissbaker.ch\/fr\/panissimo-news\/les-membres-du-comite-central-dressent-le-bilan\/#primaryimage\"},\"thumbnailUrl\":\"https:\/\/swissbaker.ch\/wp-content\/uploads\/2022\/03\/nl_25.1_zv.jpg\",\"datePublished\":\"2019-12-19T14:15:00+00:00\",\"dateModified\":\"2022-05-20T08:27:52+00:00\",\"breadcrumb\":{\"@id\":\"https:\/\/swissbaker.ch\/fr\/panissimo-news\/les-membres-du-comite-central-dressent-le-bilan\/#breadcrumb\"},\"inLanguage\":\"fr-FR\",\"potentialAction\":[{\"@type\":\"ReadAction\",\"target\":[\"https:\/\/swissbaker.ch\/fr\/panissimo-news\/les-membres-du-comite-central-dressent-le-bilan\/\"]}]},{\"@type\":\"ImageObject\",\"inLanguage\":\"fr-FR\",\"@id\":\"https:\/\/swissbaker.ch\/fr\/panissimo-news\/les-membres-du-comite-central-dressent-le-bilan\/#primaryimage\",\"url\":\"https:\/\/swissbaker.ch\/wp-content\/uploads\/2022\/03\/nl_25.1_zv.jpg\",\"contentUrl\":\"https:\/\/swissbaker.ch\/wp-content\/uploads\/2022\/03\/nl_25.1_zv.jpg\",\"width\":800,\"height\":474,\"caption\":\"Les membres du comit\u00e9 central dressent le bilan\"},{\"@type\":\"BreadcrumbList\",\"@id\":\"https:\/\/swissbaker.ch\/fr\/panissimo-news\/les-membres-du-comite-central-dressent-le-bilan\/#breadcrumb\",\"itemListElement\":[{\"@type\":\"ListItem\",\"position\":1,\"name\":\"\",\"item\":\"https:\/\/swissbaker.ch\/fr\/\"},{\"@type\":\"ListItem\",\"position\":2,\"name\":\"Association\",\"item\":\"https:\/\/swissbaker.ch\/fr\/panissimo-news\/category\/association\/\"},{\"@type\":\"ListItem\",\"position\":3,\"name\":\"Les membres du comit\u00e9 central dressent le bilan\"}]},{\"@type\":\"WebSite\",\"@id\":\"https:\/\/swissbaker.ch\/fr\/#website\",\"url\":\"https:\/\/swissbaker.ch\/fr\/\",\"name\":\"SBC\",\"description\":\"\",\"publisher\":{\"@id\":\"https:\/\/swissbaker.ch\/fr\/#organization\"},\"potentialAction\":[{\"@type\":\"SearchAction\",\"target\":{\"@type\":\"EntryPoint\",\"urlTemplate\":\"https:\/\/swissbaker.ch\/fr\/?s={search_term_string}\"},\"query-input\":{\"@type\":\"PropertyValueSpecification\",\"valueRequired\":true,\"valueName\":\"search_term_string\"}}],\"inLanguage\":\"fr-FR\"},{\"@type\":\"Organization\",\"@id\":\"https:\/\/swissbaker.ch\/fr\/#organization\",\"name\":\"Schweizerischer B\u00e4cker-Confiseurmeister-Verband\",\"url\":\"https:\/\/swissbaker.ch\/fr\/\",\"logo\":{\"@type\":\"ImageObject\",\"inLanguage\":\"fr-FR\",\"@id\":\"https:\/\/swissbaker.ch\/fr\/#\/schema\/logo\/image\/\",\"url\":\"https:\/\/swissbaker.ch\/wp-content\/uploads\/2022\/04\/sbc-logo-yoast.jpg\",\"contentUrl\":\"https:\/\/swissbaker.ch\/wp-content\/uploads\/2022\/04\/sbc-logo-yoast.jpg\",\"width\":512,\"height\":512,\"caption\":\"Schweizerischer B\u00e4cker-Confiseurmeister-Verband\"},\"image\":{\"@id\":\"https:\/\/swissbaker.ch\/fr\/#\/schema\/logo\/image\/\"},\"sameAs\":[\"https:\/\/www.facebook.com\/swissbaker.ch\",\"https:\/\/x.com\/ch_swissbaker\"]},{\"@type\":\"Person\",\"@id\":\"https:\/\/swissbaker.ch\/fr\/#\/schema\/person\/058ac47619f7da53df62aba60f939b78\",\"name\":\"azureart\",\"image\":{\"@type\":\"ImageObject\",\"inLanguage\":\"fr-FR\",\"@id\":\"https:\/\/swissbaker.ch\/fr\/#\/schema\/person\/image\/\",\"url\":\"https:\/\/secure.gravatar.com\/avatar\/be04dd3098fd612c83067af4f7a295384c93cb6a9112f51beb9d2f477d25da61?s=96&d=mm&r=g\",\"contentUrl\":\"https:\/\/secure.gravatar.com\/avatar\/be04dd3098fd612c83067af4f7a295384c93cb6a9112f51beb9d2f477d25da61?s=96&d=mm&r=g\",\"caption\":\"azureart\"},\"sameAs\":[\"https:\/\/swissbaker.ch\"],\"url\":\"https:\/\/swissbaker.ch\/fr\/panissimo-news\/author\/pixel-ahoi\/\"}]}<\/script>\n<!-- \/ Yoast SEO Premium plugin. -->","yoast_head_json":{"title":"Les membres du comit\u00e9 central dressent le bilan | SBC","robots":{"index":"index","follow":"follow","max-snippet":"max-snippet:-1","max-image-preview":"max-image-preview:large","max-video-preview":"max-video-preview:-1"},"canonical":"https:\/\/swissbaker.ch\/fr\/panissimo-news\/les-membres-du-comite-central-dressent-le-bilan\/","og_locale":"fr_FR","og_type":"article","og_title":"Les membres du comit\u00e9 central dressent le bilan","og_description":"Cela fait pr\u00e8s de six mois que ses nouveaux membres ont pris place au sein du comit\u00e9 central de la BCS. \u00ab panissimo \u00bb a demand\u00e9 aux membres du CC de dresser un premier bilan. Depuis, quatre r\u00e9unions ont \u00e9t\u00e9 organis\u00e9es : des sessions intenses qui ont donn\u00e9 lieu \u00e0 des discussions constructives et transparentes, malgr\u00e9 les controverses. Il faut [&hellip;]","og_url":"https:\/\/swissbaker.ch\/fr\/panissimo-news\/les-membres-du-comite-central-dressent-le-bilan\/","og_site_name":"SBC","article_publisher":"https:\/\/www.facebook.com\/swissbaker.ch","article_published_time":"2019-12-19T14:15:00+00:00","article_modified_time":"2022-05-20T08:27:52+00:00","og_image":[{"width":800,"height":474,"url":"https:\/\/swissbaker.ch\/wp-content\/uploads\/2022\/03\/nl_25.1_zv.jpg","type":"image\/jpeg"}],"author":"azureart","twitter_card":"summary_large_image","twitter_creator":"@ch_swissbaker","twitter_site":"@ch_swissbaker","twitter_misc":{"Written by":"azureart","Est. reading time":"1 minute"},"schema":{"@context":"https:\/\/schema.org","@graph":[{"@type":"Article","@id":"https:\/\/swissbaker.ch\/fr\/panissimo-news\/les-membres-du-comite-central-dressent-le-bilan\/#article","isPartOf":{"@id":"https:\/\/swissbaker.ch\/fr\/panissimo-news\/les-membres-du-comite-central-dressent-le-bilan\/"},"author":{"name":"azureart","@id":"https:\/\/swissbaker.ch\/fr\/#\/schema\/person\/058ac47619f7da53df62aba60f939b78"},"headline":"Les membres du comit\u00e9 central dressent le bilan","datePublished":"2019-12-19T14:15:00+00:00","dateModified":"2022-05-20T08:27:52+00:00","mainEntityOfPage":{"@id":"https:\/\/swissbaker.ch\/fr\/panissimo-news\/les-membres-du-comite-central-dressent-le-bilan\/"},"wordCount":140,"commentCount":0,"publisher":{"@id":"https:\/\/swissbaker.ch\/fr\/#organization"},"image":{"@id":"https:\/\/swissbaker.ch\/fr\/panissimo-news\/les-membres-du-comite-central-dressent-le-bilan\/#primaryimage"},"thumbnailUrl":"https:\/\/swissbaker.ch\/wp-content\/uploads\/2022\/03\/nl_25.1_zv.jpg","articleSection":["Association"],"inLanguage":"fr-FR","potentialAction":[{"@type":"CommentAction","name":"Comment","target":["https:\/\/swissbaker.ch\/fr\/panissimo-news\/les-membres-du-comite-central-dressent-le-bilan\/#respond"]}]},{"@type":"WebPage","@id":"https:\/\/swissbaker.ch\/fr\/panissimo-news\/les-membres-du-comite-central-dressent-le-bilan\/","url":"https:\/\/swissbaker.ch\/fr\/panissimo-news\/les-membres-du-comite-central-dressent-le-bilan\/","name":"Les membres du comit\u00e9 central dressent le bilan | SBC","isPartOf":{"@id":"https:\/\/swissbaker.ch\/fr\/#website"},"primaryImageOfPage":{"@id":"https:\/\/swissbaker.ch\/fr\/panissimo-news\/les-membres-du-comite-central-dressent-le-bilan\/#primaryimage"},"image":{"@id":"https:\/\/swissbaker.ch\/fr\/panissimo-news\/les-membres-du-comite-central-dressent-le-bilan\/#primaryimage"},"thumbnailUrl":"https:\/\/swissbaker.ch\/wp-content\/uploads\/2022\/03\/nl_25.1_zv.jpg","datePublished":"2019-12-19T14:15:00+00:00","dateModified":"2022-05-20T08:27:52+00:00","breadcrumb":{"@id":"https:\/\/swissbaker.ch\/fr\/panissimo-news\/les-membres-du-comite-central-dressent-le-bilan\/#breadcrumb"},"inLanguage":"fr-FR","potentialAction":[{"@type":"ReadAction","target":["https:\/\/swissbaker.ch\/fr\/panissimo-news\/les-membres-du-comite-central-dressent-le-bilan\/"]}]},{"@type":"ImageObject","inLanguage":"fr-FR","@id":"https:\/\/swissbaker.ch\/fr\/panissimo-news\/les-membres-du-comite-central-dressent-le-bilan\/#primaryimage","url":"https:\/\/swissbaker.ch\/wp-content\/uploads\/2022\/03\/nl_25.1_zv.jpg","contentUrl":"https:\/\/swissbaker.ch\/wp-content\/uploads\/2022\/03\/nl_25.1_zv.jpg","width":800,"height":474,"caption":"Les membres du comit\u00e9 central dressent le bilan"},{"@type":"BreadcrumbList","@id":"https:\/\/swissbaker.ch\/fr\/panissimo-news\/les-membres-du-comite-central-dressent-le-bilan\/#breadcrumb","itemListElement":[{"@type":"ListItem","position":1,"name":"","item":"https:\/\/swissbaker.ch\/fr\/"},{"@type":"ListItem","position":2,"name":"Association","item":"https:\/\/swissbaker.ch\/fr\/panissimo-news\/category\/association\/"},{"@type":"ListItem","position":3,"name":"Les membres du comit\u00e9 central dressent le bilan"}]},{"@type":"WebSite","@id":"https:\/\/swissbaker.ch\/fr\/#website","url":"https:\/\/swissbaker.ch\/fr\/","name":"SBC","description":"","publisher":{"@id":"https:\/\/swissbaker.ch\/fr\/#organization"},"potentialAction":[{"@type":"SearchAction","target":{"@type":"EntryPoint","urlTemplate":"https:\/\/swissbaker.ch\/fr\/?s={search_term_string}"},"query-input":{"@type":"PropertyValueSpecification","valueRequired":true,"valueName":"search_term_string"}}],"inLanguage":"fr-FR"},{"@type":"Organization","@id":"https:\/\/swissbaker.ch\/fr\/#organization","name":"Schweizerischer B\u00e4cker-Confiseurmeister-Verband","url":"https:\/\/swissbaker.ch\/fr\/","logo":{"@type":"ImageObject","inLanguage":"fr-FR","@id":"https:\/\/swissbaker.ch\/fr\/#\/schema\/logo\/image\/","url":"https:\/\/swissbaker.ch\/wp-content\/uploads\/2022\/04\/sbc-logo-yoast.jpg","contentUrl":"https:\/\/swissbaker.ch\/wp-content\/uploads\/2022\/04\/sbc-logo-yoast.jpg","width":512,"height":512,"caption":"Schweizerischer B\u00e4cker-Confiseurmeister-Verband"},"image":{"@id":"https:\/\/swissbaker.ch\/fr\/#\/schema\/logo\/image\/"},"sameAs":["https:\/\/www.facebook.com\/swissbaker.ch","https:\/\/x.com\/ch_swissbaker"]},{"@type":"Person","@id":"https:\/\/swissbaker.ch\/fr\/#\/schema\/person\/058ac47619f7da53df62aba60f939b78","name":"azureart","image":{"@type":"ImageObject","inLanguage":"fr-FR","@id":"https:\/\/swissbaker.ch\/fr\/#\/schema\/person\/image\/","url":"https:\/\/secure.gravatar.com\/avatar\/be04dd3098fd612c83067af4f7a295384c93cb6a9112f51beb9d2f477d25da61?s=96&d=mm&r=g","contentUrl":"https:\/\/secure.gravatar.com\/avatar\/be04dd3098fd612c83067af4f7a295384c93cb6a9112f51beb9d2f477d25da61?s=96&d=mm&r=g","caption":"azureart"},"sameAs":["https:\/\/swissbaker.ch"],"url":"https:\/\/swissbaker.ch\/fr\/panissimo-news\/author\/pixel-ahoi\/"}]}},"_links":{"self":[{"href":"https:\/\/swissbaker.ch\/fr\/wp-json\/wp\/v2\/posts\/10245","targetHints":{"allow":["GET"]}}],"collection":[{"href":"https:\/\/swissbaker.ch\/fr\/wp-json\/wp\/v2\/posts"}],"about":[{"href":"https:\/\/swissbaker.ch\/fr\/wp-json\/wp\/v2\/types\/post"}],"author":[{"embeddable":true,"href":"https:\/\/swissbaker.ch\/fr\/wp-json\/wp\/v2\/users\/1"}],"replies":[{"embeddable":true,"href":"https:\/\/swissbaker.ch\/fr\/wp-json\/wp\/v2\/comments?post=10245"}],"version-history":[{"count":0,"href":"https:\/\/swissbaker.ch\/fr\/wp-json\/wp\/v2\/posts\/10245\/revisions"}],"wp:featuredmedia":[{"embeddable":true,"href":"https:\/\/swissbaker.ch\/fr\/wp-json\/wp\/v2\/media\/6007"}],"wp:attachment":[{"href":"https:\/\/swissbaker.ch\/fr\/wp-json\/wp\/v2\/media?parent=10245"}],"wp:term":[{"taxonomy":"category","embeddable":true,"href":"https:\/\/swissbaker.ch\/fr\/wp-json\/wp\/v2\/categories?post=10245"},{"taxonomy":"post_tag","embeddable":true,"href":"https:\/\/swissbaker.ch\/fr\/wp-json\/wp\/v2\/tags?post=10245"}],"curies":[{"name":"wp","href":"https:\/\/api.w.org\/{rel}","templated":true}]}}