{"id":10176,"date":"2020-02-13T15:54:00","date_gmt":"2020-02-13T14:54:00","guid":{"rendered":"https:\/\/swissbaker.ch\/?p=10176"},"modified":"2022-05-17T15:55:51","modified_gmt":"2022-05-17T13:55:51","slug":"salon-du-chocolat-au-sommet","status":"publish","type":"post","link":"https:\/\/swissbaker.ch\/fr\/panissimo-news\/salon-du-chocolat-au-sommet\/","title":{"rendered":"Salon du chocolat au sommet"},"content":{"rendered":"\n<p><strong>Le Centre des congr\u00e8s Le Regent de Crans-Montana (VS) accueillera la 6e \u00e9dition de Choc Altitude, les 29 f\u00e9vrier et 1er mars. Le public y d\u00e9couvrira une quinzaine de stands d\u2019artisans de la r\u00e9gion et de Suisse.<\/strong><\/p>\n\n\n\n<p>Hormis les cr\u00e9ations de ses professionnels confirm\u00e9s, ils admireront les talents de la rel\u00e8ve. Les apprentis p\u00e2tissiers-confiseurs de 3<sup>e<\/sup>&nbsp;ann\u00e9e exposeront des pi\u00e8ces artistiques r\u00e9alis\u00e9es dans le cadre de leur concours. Les visiteurs du salon seront invit\u00e9 \u00e0 voter pour la pi\u00e8ce de leur choix. La remise des prix aura lieu le dimanche \u00e0 17h45.<\/p>\n\n\n\n<h2 class=\"wp-block-heading\" id=\"h-accord-art-cacao\">Accord art-cacao<\/h2>\n\n\n\n<p>Autre exposition \u00e0 savourer\u00a0: celle de Philippe Delalay dont les cr\u00e9ations raviront yeux et papilles. Le peintre et chocolatier valaisan accompagnera \u00e0 deux reprises les curieux \u00e0 travers son monde\u00a0: \u00ab\u00a0Dans un carr\u00e9 de chocolat, comme dans une peinture, il y a des parfums de voyage, des souvenirs d\u2019enfance, des promesses de bonheur\u00a0!\u00a0\u00bb<\/p>\n\n\n\n<p>Durant tout le week-end, divers ateliers seront propos\u00e9s pour toutes les cat\u00e9gories d\u2019\u00e2ge, sans oublier la projection d\u2019un film sur les secrets de la fabrication du chocolat&nbsp;: de la f\u00e8ve en Am\u00e9rique du Sud jusqu\u2019\u00e0 la tablette au c\u0153ur de la Suisse.<\/p>\n\n\n\n<p>Plus d\u2019infos&nbsp;:&nbsp;<a href=\"http:\/\/www.chocaltitude.ch\/\" target=\"_blank\" rel=\"noreferrer noopener\">www.chocaltitude.ch<\/a><\/p>\n","protected":false},"excerpt":{"rendered":"<p>Le Centre des congr\u00e8s Le Regent de Crans-Montana (VS) accueillera la 6e \u00e9dition de Choc Altitude, les 29 f\u00e9vrier et 1er mars. Le public y d\u00e9couvrira une quinzaine de stands d\u2019artisans de la r\u00e9gion et de Suisse. Hormis les cr\u00e9ations de ses professionnels confirm\u00e9s, ils admireront les talents de la rel\u00e8ve. Les apprentis p\u00e2tissiers-confiseurs de 3e&nbsp;ann\u00e9e exposeront des pi\u00e8ces artistiques [&hellip;]<\/p>\n","protected":false},"author":1,"featured_media":10177,"comment_status":"open","ping_status":"closed","sticky":false,"template":"","format":"standard","meta":{"_acf_changed":false,"footnotes":""},"categories":[46],"tags":[],"class_list":["post-10176","post","type-post","status-publish","format-standard","has-post-thumbnail","hentry","category-evenement"],"acf":[],"yoast_head":"<!-- This site is optimized with the Yoast SEO Premium plugin v26.8 (Yoast SEO v26.8) - https:\/\/yoast.com\/product\/yoast-seo-premium-wordpress\/ -->\n<title>Salon du chocolat au sommet | SBC<\/title>\n<meta name=\"robots\" content=\"index, follow, max-snippet:-1, max-image-preview:large, max-video-preview:-1\" \/>\n<link rel=\"canonical\" href=\"https:\/\/swissbaker.ch\/fr\/panissimo-news\/salon-du-chocolat-au-sommet\/\" \/>\n<meta property=\"og:locale\" content=\"fr_FR\" \/>\n<meta property=\"og:type\" content=\"article\" \/>\n<meta property=\"og:title\" content=\"Salon du chocolat au sommet\" \/>\n<meta property=\"og:description\" content=\"Le Centre des congr\u00e8s Le Regent de Crans-Montana (VS) accueillera la 6e \u00e9dition de Choc Altitude, les 29 f\u00e9vrier et 1er mars. Le public y d\u00e9couvrira une quinzaine de stands d\u2019artisans de la r\u00e9gion et de Suisse. Hormis les cr\u00e9ations de ses professionnels confirm\u00e9s, ils admireront les talents de la rel\u00e8ve. Les apprentis p\u00e2tissiers-confiseurs de 3e&nbsp;ann\u00e9e exposeront des pi\u00e8ces artistiques [&hellip;]\" \/>\n<meta property=\"og:url\" content=\"https:\/\/swissbaker.ch\/fr\/panissimo-news\/salon-du-chocolat-au-sommet\/\" \/>\n<meta property=\"og:site_name\" content=\"SBC\" \/>\n<meta property=\"article:publisher\" content=\"https:\/\/www.facebook.com\/swissbaker.ch\" \/>\n<meta property=\"article:published_time\" content=\"2020-02-13T14:54:00+00:00\" \/>\n<meta property=\"article:modified_time\" content=\"2022-05-17T13:55:51+00:00\" \/>\n<meta property=\"og:image\" content=\"https:\/\/swissbaker.ch\/wp-content\/uploads\/2022\/05\/3_2_chocoaltitude.jpeg\" \/>\n\t<meta property=\"og:image:width\" content=\"800\" \/>\n\t<meta property=\"og:image:height\" content=\"474\" \/>\n\t<meta property=\"og:image:type\" content=\"image\/jpeg\" \/>\n<meta name=\"author\" content=\"azureart\" \/>\n<meta name=\"twitter:card\" content=\"summary_large_image\" \/>\n<meta name=\"twitter:creator\" content=\"@ch_swissbaker\" \/>\n<meta name=\"twitter:site\" content=\"@ch_swissbaker\" \/>\n<meta name=\"twitter:label1\" content=\"Written by\" \/>\n\t<meta name=\"twitter:data1\" content=\"azureart\" \/>\n\t<meta name=\"twitter:label2\" content=\"Est. reading time\" \/>\n\t<meta name=\"twitter:data2\" content=\"2 minutes\" \/>\n<script type=\"application\/ld+json\" class=\"yoast-schema-graph\">{\"@context\":\"https:\/\/schema.org\",\"@graph\":[{\"@type\":\"Article\",\"@id\":\"https:\/\/swissbaker.ch\/fr\/panissimo-news\/salon-du-chocolat-au-sommet\/#article\",\"isPartOf\":{\"@id\":\"https:\/\/swissbaker.ch\/fr\/panissimo-news\/salon-du-chocolat-au-sommet\/\"},\"author\":{\"name\":\"azureart\",\"@id\":\"https:\/\/swissbaker.ch\/fr\/#\/schema\/person\/058ac47619f7da53df62aba60f939b78\"},\"headline\":\"Salon du chocolat au sommet\",\"datePublished\":\"2020-02-13T14:54:00+00:00\",\"dateModified\":\"2022-05-17T13:55:51+00:00\",\"mainEntityOfPage\":{\"@id\":\"https:\/\/swissbaker.ch\/fr\/panissimo-news\/salon-du-chocolat-au-sommet\/\"},\"wordCount\":221,\"commentCount\":0,\"publisher\":{\"@id\":\"https:\/\/swissbaker.ch\/fr\/#organization\"},\"image\":{\"@id\":\"https:\/\/swissbaker.ch\/fr\/panissimo-news\/salon-du-chocolat-au-sommet\/#primaryimage\"},\"thumbnailUrl\":\"https:\/\/swissbaker.ch\/wp-content\/uploads\/2022\/05\/3_2_chocoaltitude.jpeg\",\"articleSection\":[\"Ev\u00e9nement\"],\"inLanguage\":\"fr-FR\",\"potentialAction\":[{\"@type\":\"CommentAction\",\"name\":\"Comment\",\"target\":[\"https:\/\/swissbaker.ch\/fr\/panissimo-news\/salon-du-chocolat-au-sommet\/#respond\"]}]},{\"@type\":\"WebPage\",\"@id\":\"https:\/\/swissbaker.ch\/fr\/panissimo-news\/salon-du-chocolat-au-sommet\/\",\"url\":\"https:\/\/swissbaker.ch\/fr\/panissimo-news\/salon-du-chocolat-au-sommet\/\",\"name\":\"Salon du chocolat au sommet | SBC\",\"isPartOf\":{\"@id\":\"https:\/\/swissbaker.ch\/fr\/#website\"},\"primaryImageOfPage\":{\"@id\":\"https:\/\/swissbaker.ch\/fr\/panissimo-news\/salon-du-chocolat-au-sommet\/#primaryimage\"},\"image\":{\"@id\":\"https:\/\/swissbaker.ch\/fr\/panissimo-news\/salon-du-chocolat-au-sommet\/#primaryimage\"},\"thumbnailUrl\":\"https:\/\/swissbaker.ch\/wp-content\/uploads\/2022\/05\/3_2_chocoaltitude.jpeg\",\"datePublished\":\"2020-02-13T14:54:00+00:00\",\"dateModified\":\"2022-05-17T13:55:51+00:00\",\"breadcrumb\":{\"@id\":\"https:\/\/swissbaker.ch\/fr\/panissimo-news\/salon-du-chocolat-au-sommet\/#breadcrumb\"},\"inLanguage\":\"fr-FR\",\"potentialAction\":[{\"@type\":\"ReadAction\",\"target\":[\"https:\/\/swissbaker.ch\/fr\/panissimo-news\/salon-du-chocolat-au-sommet\/\"]}]},{\"@type\":\"ImageObject\",\"inLanguage\":\"fr-FR\",\"@id\":\"https:\/\/swissbaker.ch\/fr\/panissimo-news\/salon-du-chocolat-au-sommet\/#primaryimage\",\"url\":\"https:\/\/swissbaker.ch\/wp-content\/uploads\/2022\/05\/3_2_chocoaltitude.jpeg\",\"contentUrl\":\"https:\/\/swissbaker.ch\/wp-content\/uploads\/2022\/05\/3_2_chocoaltitude.jpeg\",\"width\":800,\"height\":474,\"caption\":\"Salon du chocolat au sommet\"},{\"@type\":\"BreadcrumbList\",\"@id\":\"https:\/\/swissbaker.ch\/fr\/panissimo-news\/salon-du-chocolat-au-sommet\/#breadcrumb\",\"itemListElement\":[{\"@type\":\"ListItem\",\"position\":1,\"name\":\"\",\"item\":\"https:\/\/swissbaker.ch\/fr\/\"},{\"@type\":\"ListItem\",\"position\":2,\"name\":\"Ev\u00e9nement\",\"item\":\"https:\/\/swissbaker.ch\/fr\/panissimo-news\/category\/evenement\/\"},{\"@type\":\"ListItem\",\"position\":3,\"name\":\"Salon du chocolat au sommet\"}]},{\"@type\":\"WebSite\",\"@id\":\"https:\/\/swissbaker.ch\/fr\/#website\",\"url\":\"https:\/\/swissbaker.ch\/fr\/\",\"name\":\"SBC\",\"description\":\"\",\"publisher\":{\"@id\":\"https:\/\/swissbaker.ch\/fr\/#organization\"},\"potentialAction\":[{\"@type\":\"SearchAction\",\"target\":{\"@type\":\"EntryPoint\",\"urlTemplate\":\"https:\/\/swissbaker.ch\/fr\/?s={search_term_string}\"},\"query-input\":{\"@type\":\"PropertyValueSpecification\",\"valueRequired\":true,\"valueName\":\"search_term_string\"}}],\"inLanguage\":\"fr-FR\"},{\"@type\":\"Organization\",\"@id\":\"https:\/\/swissbaker.ch\/fr\/#organization\",\"name\":\"Schweizerischer B\u00e4cker-Confiseurmeister-Verband\",\"url\":\"https:\/\/swissbaker.ch\/fr\/\",\"logo\":{\"@type\":\"ImageObject\",\"inLanguage\":\"fr-FR\",\"@id\":\"https:\/\/swissbaker.ch\/fr\/#\/schema\/logo\/image\/\",\"url\":\"https:\/\/swissbaker.ch\/wp-content\/uploads\/2022\/04\/sbc-logo-yoast.jpg\",\"contentUrl\":\"https:\/\/swissbaker.ch\/wp-content\/uploads\/2022\/04\/sbc-logo-yoast.jpg\",\"width\":512,\"height\":512,\"caption\":\"Schweizerischer B\u00e4cker-Confiseurmeister-Verband\"},\"image\":{\"@id\":\"https:\/\/swissbaker.ch\/fr\/#\/schema\/logo\/image\/\"},\"sameAs\":[\"https:\/\/www.facebook.com\/swissbaker.ch\",\"https:\/\/x.com\/ch_swissbaker\"]},{\"@type\":\"Person\",\"@id\":\"https:\/\/swissbaker.ch\/fr\/#\/schema\/person\/058ac47619f7da53df62aba60f939b78\",\"name\":\"azureart\",\"image\":{\"@type\":\"ImageObject\",\"inLanguage\":\"fr-FR\",\"@id\":\"https:\/\/swissbaker.ch\/fr\/#\/schema\/person\/image\/\",\"url\":\"https:\/\/secure.gravatar.com\/avatar\/be04dd3098fd612c83067af4f7a295384c93cb6a9112f51beb9d2f477d25da61?s=96&d=mm&r=g\",\"contentUrl\":\"https:\/\/secure.gravatar.com\/avatar\/be04dd3098fd612c83067af4f7a295384c93cb6a9112f51beb9d2f477d25da61?s=96&d=mm&r=g\",\"caption\":\"azureart\"},\"sameAs\":[\"https:\/\/swissbaker.ch\"],\"url\":\"https:\/\/swissbaker.ch\/fr\/panissimo-news\/author\/pixel-ahoi\/\"}]}<\/script>\n<!-- \/ Yoast SEO Premium plugin. -->","yoast_head_json":{"title":"Salon du chocolat au sommet | SBC","robots":{"index":"index","follow":"follow","max-snippet":"max-snippet:-1","max-image-preview":"max-image-preview:large","max-video-preview":"max-video-preview:-1"},"canonical":"https:\/\/swissbaker.ch\/fr\/panissimo-news\/salon-du-chocolat-au-sommet\/","og_locale":"fr_FR","og_type":"article","og_title":"Salon du chocolat au sommet","og_description":"Le Centre des congr\u00e8s Le Regent de Crans-Montana (VS) accueillera la 6e \u00e9dition de Choc Altitude, les 29 f\u00e9vrier et 1er mars. Le public y d\u00e9couvrira une quinzaine de stands d\u2019artisans de la r\u00e9gion et de Suisse. Hormis les cr\u00e9ations de ses professionnels confirm\u00e9s, ils admireront les talents de la rel\u00e8ve. Les apprentis p\u00e2tissiers-confiseurs de 3e&nbsp;ann\u00e9e exposeront des pi\u00e8ces artistiques [&hellip;]","og_url":"https:\/\/swissbaker.ch\/fr\/panissimo-news\/salon-du-chocolat-au-sommet\/","og_site_name":"SBC","article_publisher":"https:\/\/www.facebook.com\/swissbaker.ch","article_published_time":"2020-02-13T14:54:00+00:00","article_modified_time":"2022-05-17T13:55:51+00:00","og_image":[{"width":800,"height":474,"url":"https:\/\/swissbaker.ch\/wp-content\/uploads\/2022\/05\/3_2_chocoaltitude.jpeg","type":"image\/jpeg"}],"author":"azureart","twitter_card":"summary_large_image","twitter_creator":"@ch_swissbaker","twitter_site":"@ch_swissbaker","twitter_misc":{"Written by":"azureart","Est. reading time":"2 minutes"},"schema":{"@context":"https:\/\/schema.org","@graph":[{"@type":"Article","@id":"https:\/\/swissbaker.ch\/fr\/panissimo-news\/salon-du-chocolat-au-sommet\/#article","isPartOf":{"@id":"https:\/\/swissbaker.ch\/fr\/panissimo-news\/salon-du-chocolat-au-sommet\/"},"author":{"name":"azureart","@id":"https:\/\/swissbaker.ch\/fr\/#\/schema\/person\/058ac47619f7da53df62aba60f939b78"},"headline":"Salon du chocolat au sommet","datePublished":"2020-02-13T14:54:00+00:00","dateModified":"2022-05-17T13:55:51+00:00","mainEntityOfPage":{"@id":"https:\/\/swissbaker.ch\/fr\/panissimo-news\/salon-du-chocolat-au-sommet\/"},"wordCount":221,"commentCount":0,"publisher":{"@id":"https:\/\/swissbaker.ch\/fr\/#organization"},"image":{"@id":"https:\/\/swissbaker.ch\/fr\/panissimo-news\/salon-du-chocolat-au-sommet\/#primaryimage"},"thumbnailUrl":"https:\/\/swissbaker.ch\/wp-content\/uploads\/2022\/05\/3_2_chocoaltitude.jpeg","articleSection":["Ev\u00e9nement"],"inLanguage":"fr-FR","potentialAction":[{"@type":"CommentAction","name":"Comment","target":["https:\/\/swissbaker.ch\/fr\/panissimo-news\/salon-du-chocolat-au-sommet\/#respond"]}]},{"@type":"WebPage","@id":"https:\/\/swissbaker.ch\/fr\/panissimo-news\/salon-du-chocolat-au-sommet\/","url":"https:\/\/swissbaker.ch\/fr\/panissimo-news\/salon-du-chocolat-au-sommet\/","name":"Salon du chocolat au sommet | SBC","isPartOf":{"@id":"https:\/\/swissbaker.ch\/fr\/#website"},"primaryImageOfPage":{"@id":"https:\/\/swissbaker.ch\/fr\/panissimo-news\/salon-du-chocolat-au-sommet\/#primaryimage"},"image":{"@id":"https:\/\/swissbaker.ch\/fr\/panissimo-news\/salon-du-chocolat-au-sommet\/#primaryimage"},"thumbnailUrl":"https:\/\/swissbaker.ch\/wp-content\/uploads\/2022\/05\/3_2_chocoaltitude.jpeg","datePublished":"2020-02-13T14:54:00+00:00","dateModified":"2022-05-17T13:55:51+00:00","breadcrumb":{"@id":"https:\/\/swissbaker.ch\/fr\/panissimo-news\/salon-du-chocolat-au-sommet\/#breadcrumb"},"inLanguage":"fr-FR","potentialAction":[{"@type":"ReadAction","target":["https:\/\/swissbaker.ch\/fr\/panissimo-news\/salon-du-chocolat-au-sommet\/"]}]},{"@type":"ImageObject","inLanguage":"fr-FR","@id":"https:\/\/swissbaker.ch\/fr\/panissimo-news\/salon-du-chocolat-au-sommet\/#primaryimage","url":"https:\/\/swissbaker.ch\/wp-content\/uploads\/2022\/05\/3_2_chocoaltitude.jpeg","contentUrl":"https:\/\/swissbaker.ch\/wp-content\/uploads\/2022\/05\/3_2_chocoaltitude.jpeg","width":800,"height":474,"caption":"Salon du chocolat au sommet"},{"@type":"BreadcrumbList","@id":"https:\/\/swissbaker.ch\/fr\/panissimo-news\/salon-du-chocolat-au-sommet\/#breadcrumb","itemListElement":[{"@type":"ListItem","position":1,"name":"","item":"https:\/\/swissbaker.ch\/fr\/"},{"@type":"ListItem","position":2,"name":"Ev\u00e9nement","item":"https:\/\/swissbaker.ch\/fr\/panissimo-news\/category\/evenement\/"},{"@type":"ListItem","position":3,"name":"Salon du chocolat au sommet"}]},{"@type":"WebSite","@id":"https:\/\/swissbaker.ch\/fr\/#website","url":"https:\/\/swissbaker.ch\/fr\/","name":"SBC","description":"","publisher":{"@id":"https:\/\/swissbaker.ch\/fr\/#organization"},"potentialAction":[{"@type":"SearchAction","target":{"@type":"EntryPoint","urlTemplate":"https:\/\/swissbaker.ch\/fr\/?s={search_term_string}"},"query-input":{"@type":"PropertyValueSpecification","valueRequired":true,"valueName":"search_term_string"}}],"inLanguage":"fr-FR"},{"@type":"Organization","@id":"https:\/\/swissbaker.ch\/fr\/#organization","name":"Schweizerischer B\u00e4cker-Confiseurmeister-Verband","url":"https:\/\/swissbaker.ch\/fr\/","logo":{"@type":"ImageObject","inLanguage":"fr-FR","@id":"https:\/\/swissbaker.ch\/fr\/#\/schema\/logo\/image\/","url":"https:\/\/swissbaker.ch\/wp-content\/uploads\/2022\/04\/sbc-logo-yoast.jpg","contentUrl":"https:\/\/swissbaker.ch\/wp-content\/uploads\/2022\/04\/sbc-logo-yoast.jpg","width":512,"height":512,"caption":"Schweizerischer B\u00e4cker-Confiseurmeister-Verband"},"image":{"@id":"https:\/\/swissbaker.ch\/fr\/#\/schema\/logo\/image\/"},"sameAs":["https:\/\/www.facebook.com\/swissbaker.ch","https:\/\/x.com\/ch_swissbaker"]},{"@type":"Person","@id":"https:\/\/swissbaker.ch\/fr\/#\/schema\/person\/058ac47619f7da53df62aba60f939b78","name":"azureart","image":{"@type":"ImageObject","inLanguage":"fr-FR","@id":"https:\/\/swissbaker.ch\/fr\/#\/schema\/person\/image\/","url":"https:\/\/secure.gravatar.com\/avatar\/be04dd3098fd612c83067af4f7a295384c93cb6a9112f51beb9d2f477d25da61?s=96&d=mm&r=g","contentUrl":"https:\/\/secure.gravatar.com\/avatar\/be04dd3098fd612c83067af4f7a295384c93cb6a9112f51beb9d2f477d25da61?s=96&d=mm&r=g","caption":"azureart"},"sameAs":["https:\/\/swissbaker.ch"],"url":"https:\/\/swissbaker.ch\/fr\/panissimo-news\/author\/pixel-ahoi\/"}]}},"_links":{"self":[{"href":"https:\/\/swissbaker.ch\/fr\/wp-json\/wp\/v2\/posts\/10176","targetHints":{"allow":["GET"]}}],"collection":[{"href":"https:\/\/swissbaker.ch\/fr\/wp-json\/wp\/v2\/posts"}],"about":[{"href":"https:\/\/swissbaker.ch\/fr\/wp-json\/wp\/v2\/types\/post"}],"author":[{"embeddable":true,"href":"https:\/\/swissbaker.ch\/fr\/wp-json\/wp\/v2\/users\/1"}],"replies":[{"embeddable":true,"href":"https:\/\/swissbaker.ch\/fr\/wp-json\/wp\/v2\/comments?post=10176"}],"version-history":[{"count":0,"href":"https:\/\/swissbaker.ch\/fr\/wp-json\/wp\/v2\/posts\/10176\/revisions"}],"wp:featuredmedia":[{"embeddable":true,"href":"https:\/\/swissbaker.ch\/fr\/wp-json\/wp\/v2\/media\/10177"}],"wp:attachment":[{"href":"https:\/\/swissbaker.ch\/fr\/wp-json\/wp\/v2\/media?parent=10176"}],"wp:term":[{"taxonomy":"category","embeddable":true,"href":"https:\/\/swissbaker.ch\/fr\/wp-json\/wp\/v2\/categories?post=10176"},{"taxonomy":"post_tag","embeddable":true,"href":"https:\/\/swissbaker.ch\/fr\/wp-json\/wp\/v2\/tags?post=10176"}],"curies":[{"name":"wp","href":"https:\/\/api.w.org\/{rel}","templated":true}]}}