{"id":10158,"date":"2020-02-27T11:25:00","date_gmt":"2020-02-27T10:25:00","guid":{"rendered":"https:\/\/swissbaker.ch\/?p=10158"},"modified":"2022-05-17T15:22:15","modified_gmt":"2022-05-17T13:22:15","slug":"de-grands-prejudices-pour-leconomie-suisse","status":"publish","type":"post","link":"https:\/\/swissbaker.ch\/fr\/panissimo-news\/de-grands-prejudices-pour-leconomie-suisse\/","title":{"rendered":"De grands pr\u00e9judices pour l\u2019\u00e9conomie suisse"},"content":{"rendered":"\n<p><strong>Des milliards de francs \u00e9chappent chaque ann\u00e9e \u00e0 l\u2019\u00e9conomie suisse, en raison des fortes majorations de prix impos\u00e9es par des producteurs et des fournisseurs, selon une r\u00e9cente \u00e9tude. L\u2019ancien surveillant des prix Rudolf Strahm estime \u00e0 pr\u00e8s de 15 milliards la perte subie.<\/strong><\/p>\n\n\n\n<p>Une \u00e9tude de la Haute \u00e9cole sp\u00e9cialis\u00e9e du nord-ouest de la Suisse (FHNW) pour le compte de l\u2019association \u00abStop \u00e0 l\u2019\u00eelot de chert\u00e9 \u2013 pour des prix \u00e9quitables\u00bb a r\u00e9v\u00e9l\u00e9 d\u2019importantes diff\u00e9rences de prix entre la Suisse et l\u2019\u00e9tranger. Dirig\u00e9e par le professeur Mathias Binswanger, elle a mis l\u2019accent sur les secteurs de la sant\u00e9 publique, de la gastronomie ainsi que de la recherche et de la formation. En ce qui concerne les biens de consommation, les domaines de la mode, des cosm\u00e9tiques, des lentilles de contact ainsi que les aliments et couches pour b\u00e9b\u00e9s ont \u00e9t\u00e9 examin\u00e9s. R\u00e9sultat : les acheteurs suisses paient nettement plus que leurs homologues \u00e9trangers.<\/p>\n\n\n\n<h2 class=\"wp-block-heading\" id=\"h-un-potentiel-d-economie-chiffre-en-milliards\">Un potentiel d\u2019\u00e9conomie chiffr\u00e9 en milliards<\/h2>\n\n\n\n<p>Le potentiel d\u2019\u00e9conomie est \u00e9lev\u00e9. Rien que dans les domaines analys\u00e9s, les consommateurs paient 3,33 milliards de francs de trop chaque ann\u00e9e. Ils pourraient \u00e9conomiser au moins 280 francs chacun par an. Pourtant, les producteurs et les fournisseurs \u00e9trangers se refusent \u00e0 approvisionner directement les acheteurs en Suisse. A la place, ils les renvoient vers des filiales ou des sites internet suisses. Ceux-ci per\u00e7oivent des prix excessifs et profitent de mani\u00e8re cibl\u00e9e de leur pouvoir d\u2019achat. Les acheteurs en Suisse n\u2019ont souvent aucune alternative. Non seulement les artisans ou les h\u00f4pitaux, mais aussi les consommateurs sont ainsi contraints de payer une surtaxe pour les biens et services import\u00e9s. Ils sont d\u00e9savantag\u00e9s par rapport aux concurrents et aux clients \u00e9trangers.<\/p>\n\n\n\n<h2 class=\"wp-block-heading\" id=\"h-les-pme-souffrent-des-surtaxes\">Les PME souffrent des surtaxes<\/h2>\n\n\n\n<p>Les PME comptent parmi les perdants des prix major\u00e9s sur le march\u00e9 suisse. L\u2019h\u00f4tellerie et la restauration sont fortement touch\u00e9es. Chaque ann\u00e9e, l\u2019h\u00f4tellerie-restauration paie environ 290 millions de francs en trop pour des appareils, des instruments et des boissons non alcoolis\u00e9es. Viennent s\u2019ajouter d\u2019autres produits import\u00e9s qui n\u2019ont pas \u00e9t\u00e9 pris en compte par l\u2019\u00e9tude. Casimir Platzer, pr\u00e9sident de GastroSuisse, en est convaincu : \u00abLes surtaxes in\u00e9quitables appliqu\u00e9es en Suisse discriminent les \u00e9tablissements du pays par rapport \u00e0 leur concurrence \u00e9trang\u00e8re. Les \u00e9tablissements d\u2019h\u00f4tellerie et de restauration indig\u00e8nes ainsi que la totalit\u00e9 de la place touristique en p\u00e2tissent\u00bb.<\/p>\n\n\n\n<p>Ces diktats des prix affectent \u00e9galement la boulangerie-confiserie artisanale. C\u2019est pourquoi, l\u2019Association suisse des patrons boulangers-confiseurs (BCS) est repr\u00e9sent\u00e9e au sein du comit\u00e9 d\u2019initiative. \u00ab Nos membres sont d\u00e9savantag\u00e9e par rapport aux boulangeries-confiseries situ\u00e9es de l\u2019autre c\u00f4t\u00e9 des fronti\u00e8res \u00bb, rappelle le directeur Urs Wellauer.<\/p>\n\n\n\n<h2 class=\"wp-block-heading\" id=\"h-couts-d-acquisition-eleves\">Co\u00fbts d\u2019acquisition \u00e9lev\u00e9s<\/h2>\n\n\n\n<p>En raison de l\u2019absence de libert\u00e9 d\u2019approvisionnement, les h\u00f4pitaux font face \u00e0 des surco\u00fbts de 600 millions de francs par an, selon l\u2019\u00e9tude de la FHNW. \u00abLes prix surfaits rendent la sant\u00e9 publique plus ch\u00e8re et augmentent les primes\u00bb, explique Rolf Zehnder, directeur de l\u2019h\u00f4pital cantonal de Winterthour. Il a examin\u00e9 les prix de plus de 1500 biens de consommation m\u00e9dicaux. En moyenne, les prix en Suisse sont plus \u00e9lev\u00e9s d\u2019un tiers que dans les pays voisins.<\/p>\n\n\n\n<h2 class=\"wp-block-heading\" id=\"h-vetements-20-plus-chers-qu-a-l-etranger\">V\u00eatements 20% plus chers qu\u2019\u00e0 l\u2019\u00e9tranger<\/h2>\n\n\n\n<p>Le plus grand potentiel d\u2019\u00e9conomie pour les consommateurs se trouve dans l\u2019habillement. Les v\u00eatements sont en moyenne 20% plus chers qu\u2019en Allemagne. Cela signifie que 1,9 milliard de francs par an \u00e9chappent au pays. Pour les produits de soin du corps et du visage, le potentiel d\u2019\u00e9conomie annuel s\u2019\u00e9l\u00e8ve \u00e0 292 millions de francs, pour les parfums \u00e0 149 millions et pour les couches et les aliments pour b\u00e9b\u00e9s \u00e0 78 millions de francs.<\/p>\n\n\n\n<h2 class=\"wp-block-heading\" id=\"h-les-politiques-doivent-agir\">Les politiques doivent agir<\/h2>\n\n\n\n<p>Cette \u00e9tude d\u00e9montre clairement que les majorations de prix impos\u00e9es \u00e0 la Suisse rench\u00e9rissent l\u2019acquisition de biens provenant de l\u2019\u00e9tranger pour les consommateurs, les PME, les artisans et le secteur public. Elle met en lumi\u00e8re uniquement une petite partie des biens concern\u00e9s. Les dommages caus\u00e9s \u00e0 l\u2019ensemble de l\u2019\u00e9conomie suisse sont beaucoup plus importants, selon l\u2019ancien surveillant des prix Rudolf Strahm : \u00abJe pars du principe que le pr\u00e9judice \u00e9conomique total est de l\u2019ordre de 15 milliards de francs par an\u00bb. Pour Mathias Binswanger, professeur d\u2019\u00e9conomie \u00e0 la FHNW, cela ne fait aucun doute : \u00abLes entreprises, les \u00e9tablissements publics et les consommateurs doivent pouvoir acheter \u00e0 l\u2019\u00e9tranger aux prix du march\u00e9 local\u00bb.<\/p>\n\n\n\n<p>C\u2019est l\u2019objectif de l\u2019initiative populaire f\u00e9d\u00e9rale \u00abStop \u00e0 l\u2019\u00eelot de chert\u00e9 \u2013 pour des prix \u00e9quitables\u00bb (initiative pour des prix \u00e9quitables). Elle exige de la part des responsables politiques des instruments efficaces pour combattre les majorations de prix injustifi\u00e9es en Suisse. Le 9 mars, le Conseil national examinera l\u2019initiative pour des prix \u00e9quitables. L\u2019opportunit\u00e9 de pouvoir enfin garantir des prix justes en Suisse d\u00e9pend de sa d\u00e9cision.<\/p>\n","protected":false},"excerpt":{"rendered":"<p>Des milliards de francs \u00e9chappent chaque ann\u00e9e \u00e0 l\u2019\u00e9conomie suisse, en raison des fortes majorations de prix impos\u00e9es par des producteurs et des fournisseurs, selon une r\u00e9cente \u00e9tude. L\u2019ancien surveillant des prix Rudolf Strahm estime \u00e0 pr\u00e8s de 15 milliards la perte subie. Une \u00e9tude de la Haute \u00e9cole sp\u00e9cialis\u00e9e du nord-ouest de la Suisse (FHNW) pour le compte de [&hellip;]<\/p>\n","protected":false},"author":1,"featured_media":5944,"comment_status":"open","ping_status":"closed","sticky":false,"template":"","format":"standard","meta":{"_acf_changed":false,"footnotes":""},"categories":[44],"tags":[],"class_list":["post-10158","post","type-post","status-publish","format-standard","has-post-thumbnail","hentry","category-droit-politique"],"acf":[],"yoast_head":"<!-- This site is optimized with the Yoast SEO Premium plugin v26.8 (Yoast SEO v26.8) - https:\/\/yoast.com\/product\/yoast-seo-premium-wordpress\/ -->\n<title>De grands pr\u00e9judices pour l\u2019\u00e9conomie suisse | SBC<\/title>\n<meta name=\"robots\" content=\"index, follow, max-snippet:-1, max-image-preview:large, max-video-preview:-1\" \/>\n<link rel=\"canonical\" href=\"https:\/\/swissbaker.ch\/fr\/panissimo-news\/de-grands-prejudices-pour-leconomie-suisse\/\" \/>\n<meta property=\"og:locale\" content=\"fr_FR\" \/>\n<meta property=\"og:type\" content=\"article\" \/>\n<meta property=\"og:title\" content=\"De grands pr\u00e9judices pour l\u2019\u00e9conomie suisse\" \/>\n<meta property=\"og:description\" content=\"Des milliards de francs \u00e9chappent chaque ann\u00e9e \u00e0 l\u2019\u00e9conomie suisse, en raison des fortes majorations de prix impos\u00e9es par des producteurs et des fournisseurs, selon une r\u00e9cente \u00e9tude. L\u2019ancien surveillant des prix Rudolf Strahm estime \u00e0 pr\u00e8s de 15 milliards la perte subie. Une \u00e9tude de la Haute \u00e9cole sp\u00e9cialis\u00e9e du nord-ouest de la Suisse (FHNW) pour le compte de [&hellip;]\" \/>\n<meta property=\"og:url\" content=\"https:\/\/swissbaker.ch\/fr\/panissimo-news\/de-grands-prejudices-pour-leconomie-suisse\/\" \/>\n<meta property=\"og:site_name\" content=\"SBC\" \/>\n<meta property=\"article:publisher\" content=\"https:\/\/www.facebook.com\/swissbaker.ch\" \/>\n<meta property=\"article:published_time\" content=\"2020-02-27T10:25:00+00:00\" \/>\n<meta property=\"article:modified_time\" content=\"2022-05-17T13:22:15+00:00\" \/>\n<meta property=\"og:image\" content=\"https:\/\/swissbaker.ch\/wp-content\/uploads\/2022\/03\/4_2_fairpreis_beiz.jpeg\" \/>\n\t<meta property=\"og:image:width\" content=\"800\" \/>\n\t<meta property=\"og:image:height\" content=\"474\" \/>\n\t<meta property=\"og:image:type\" content=\"image\/jpeg\" \/>\n<meta name=\"author\" content=\"azureart\" \/>\n<meta name=\"twitter:card\" content=\"summary_large_image\" \/>\n<meta name=\"twitter:creator\" content=\"@ch_swissbaker\" \/>\n<meta name=\"twitter:site\" content=\"@ch_swissbaker\" \/>\n<meta name=\"twitter:label1\" content=\"Written by\" \/>\n\t<meta name=\"twitter:data1\" content=\"azureart\" \/>\n\t<meta name=\"twitter:label2\" content=\"Est. reading time\" \/>\n\t<meta name=\"twitter:data2\" content=\"5 minutes\" \/>\n<script type=\"application\/ld+json\" class=\"yoast-schema-graph\">{\"@context\":\"https:\/\/schema.org\",\"@graph\":[{\"@type\":\"Article\",\"@id\":\"https:\/\/swissbaker.ch\/fr\/panissimo-news\/de-grands-prejudices-pour-leconomie-suisse\/#article\",\"isPartOf\":{\"@id\":\"https:\/\/swissbaker.ch\/fr\/panissimo-news\/de-grands-prejudices-pour-leconomie-suisse\/\"},\"author\":{\"name\":\"azureart\",\"@id\":\"https:\/\/swissbaker.ch\/fr\/#\/schema\/person\/058ac47619f7da53df62aba60f939b78\"},\"headline\":\"De grands pr\u00e9judices pour l\u2019\u00e9conomie suisse\",\"datePublished\":\"2020-02-27T10:25:00+00:00\",\"dateModified\":\"2022-05-17T13:22:15+00:00\",\"mainEntityOfPage\":{\"@id\":\"https:\/\/swissbaker.ch\/fr\/panissimo-news\/de-grands-prejudices-pour-leconomie-suisse\/\"},\"wordCount\":860,\"commentCount\":0,\"publisher\":{\"@id\":\"https:\/\/swissbaker.ch\/fr\/#organization\"},\"image\":{\"@id\":\"https:\/\/swissbaker.ch\/fr\/panissimo-news\/de-grands-prejudices-pour-leconomie-suisse\/#primaryimage\"},\"thumbnailUrl\":\"https:\/\/swissbaker.ch\/wp-content\/uploads\/2022\/03\/4_2_fairpreis_beiz.jpeg\",\"articleSection\":[\"Droit &amp; politique\"],\"inLanguage\":\"fr-FR\",\"potentialAction\":[{\"@type\":\"CommentAction\",\"name\":\"Comment\",\"target\":[\"https:\/\/swissbaker.ch\/fr\/panissimo-news\/de-grands-prejudices-pour-leconomie-suisse\/#respond\"]}]},{\"@type\":\"WebPage\",\"@id\":\"https:\/\/swissbaker.ch\/fr\/panissimo-news\/de-grands-prejudices-pour-leconomie-suisse\/\",\"url\":\"https:\/\/swissbaker.ch\/fr\/panissimo-news\/de-grands-prejudices-pour-leconomie-suisse\/\",\"name\":\"De grands pr\u00e9judices pour l\u2019\u00e9conomie suisse | SBC\",\"isPartOf\":{\"@id\":\"https:\/\/swissbaker.ch\/fr\/#website\"},\"primaryImageOfPage\":{\"@id\":\"https:\/\/swissbaker.ch\/fr\/panissimo-news\/de-grands-prejudices-pour-leconomie-suisse\/#primaryimage\"},\"image\":{\"@id\":\"https:\/\/swissbaker.ch\/fr\/panissimo-news\/de-grands-prejudices-pour-leconomie-suisse\/#primaryimage\"},\"thumbnailUrl\":\"https:\/\/swissbaker.ch\/wp-content\/uploads\/2022\/03\/4_2_fairpreis_beiz.jpeg\",\"datePublished\":\"2020-02-27T10:25:00+00:00\",\"dateModified\":\"2022-05-17T13:22:15+00:00\",\"breadcrumb\":{\"@id\":\"https:\/\/swissbaker.ch\/fr\/panissimo-news\/de-grands-prejudices-pour-leconomie-suisse\/#breadcrumb\"},\"inLanguage\":\"fr-FR\",\"potentialAction\":[{\"@type\":\"ReadAction\",\"target\":[\"https:\/\/swissbaker.ch\/fr\/panissimo-news\/de-grands-prejudices-pour-leconomie-suisse\/\"]}]},{\"@type\":\"ImageObject\",\"inLanguage\":\"fr-FR\",\"@id\":\"https:\/\/swissbaker.ch\/fr\/panissimo-news\/de-grands-prejudices-pour-leconomie-suisse\/#primaryimage\",\"url\":\"https:\/\/swissbaker.ch\/wp-content\/uploads\/2022\/03\/4_2_fairpreis_beiz.jpeg\",\"contentUrl\":\"https:\/\/swissbaker.ch\/wp-content\/uploads\/2022\/03\/4_2_fairpreis_beiz.jpeg\",\"width\":800,\"height\":474,\"caption\":\"De grands pr\u00e9judices pour l\u2019\u00e9conomie suisse\"},{\"@type\":\"BreadcrumbList\",\"@id\":\"https:\/\/swissbaker.ch\/fr\/panissimo-news\/de-grands-prejudices-pour-leconomie-suisse\/#breadcrumb\",\"itemListElement\":[{\"@type\":\"ListItem\",\"position\":1,\"name\":\"\",\"item\":\"https:\/\/swissbaker.ch\/fr\/\"},{\"@type\":\"ListItem\",\"position\":2,\"name\":\"Droit &amp; politique\",\"item\":\"https:\/\/swissbaker.ch\/fr\/panissimo-news\/category\/droit-politique\/\"},{\"@type\":\"ListItem\",\"position\":3,\"name\":\"De grands pr\u00e9judices pour l\u2019\u00e9conomie suisse\"}]},{\"@type\":\"WebSite\",\"@id\":\"https:\/\/swissbaker.ch\/fr\/#website\",\"url\":\"https:\/\/swissbaker.ch\/fr\/\",\"name\":\"SBC\",\"description\":\"\",\"publisher\":{\"@id\":\"https:\/\/swissbaker.ch\/fr\/#organization\"},\"potentialAction\":[{\"@type\":\"SearchAction\",\"target\":{\"@type\":\"EntryPoint\",\"urlTemplate\":\"https:\/\/swissbaker.ch\/fr\/?s={search_term_string}\"},\"query-input\":{\"@type\":\"PropertyValueSpecification\",\"valueRequired\":true,\"valueName\":\"search_term_string\"}}],\"inLanguage\":\"fr-FR\"},{\"@type\":\"Organization\",\"@id\":\"https:\/\/swissbaker.ch\/fr\/#organization\",\"name\":\"Schweizerischer B\u00e4cker-Confiseurmeister-Verband\",\"url\":\"https:\/\/swissbaker.ch\/fr\/\",\"logo\":{\"@type\":\"ImageObject\",\"inLanguage\":\"fr-FR\",\"@id\":\"https:\/\/swissbaker.ch\/fr\/#\/schema\/logo\/image\/\",\"url\":\"https:\/\/swissbaker.ch\/wp-content\/uploads\/2022\/04\/sbc-logo-yoast.jpg\",\"contentUrl\":\"https:\/\/swissbaker.ch\/wp-content\/uploads\/2022\/04\/sbc-logo-yoast.jpg\",\"width\":512,\"height\":512,\"caption\":\"Schweizerischer B\u00e4cker-Confiseurmeister-Verband\"},\"image\":{\"@id\":\"https:\/\/swissbaker.ch\/fr\/#\/schema\/logo\/image\/\"},\"sameAs\":[\"https:\/\/www.facebook.com\/swissbaker.ch\",\"https:\/\/x.com\/ch_swissbaker\"]},{\"@type\":\"Person\",\"@id\":\"https:\/\/swissbaker.ch\/fr\/#\/schema\/person\/058ac47619f7da53df62aba60f939b78\",\"name\":\"azureart\",\"image\":{\"@type\":\"ImageObject\",\"inLanguage\":\"fr-FR\",\"@id\":\"https:\/\/swissbaker.ch\/fr\/#\/schema\/person\/image\/\",\"url\":\"https:\/\/secure.gravatar.com\/avatar\/be04dd3098fd612c83067af4f7a295384c93cb6a9112f51beb9d2f477d25da61?s=96&d=mm&r=g\",\"contentUrl\":\"https:\/\/secure.gravatar.com\/avatar\/be04dd3098fd612c83067af4f7a295384c93cb6a9112f51beb9d2f477d25da61?s=96&d=mm&r=g\",\"caption\":\"azureart\"},\"sameAs\":[\"https:\/\/swissbaker.ch\"],\"url\":\"https:\/\/swissbaker.ch\/fr\/panissimo-news\/author\/pixel-ahoi\/\"}]}<\/script>\n<!-- \/ Yoast SEO Premium plugin. -->","yoast_head_json":{"title":"De grands pr\u00e9judices pour l\u2019\u00e9conomie suisse | SBC","robots":{"index":"index","follow":"follow","max-snippet":"max-snippet:-1","max-image-preview":"max-image-preview:large","max-video-preview":"max-video-preview:-1"},"canonical":"https:\/\/swissbaker.ch\/fr\/panissimo-news\/de-grands-prejudices-pour-leconomie-suisse\/","og_locale":"fr_FR","og_type":"article","og_title":"De grands pr\u00e9judices pour l\u2019\u00e9conomie suisse","og_description":"Des milliards de francs \u00e9chappent chaque ann\u00e9e \u00e0 l\u2019\u00e9conomie suisse, en raison des fortes majorations de prix impos\u00e9es par des producteurs et des fournisseurs, selon une r\u00e9cente \u00e9tude. L\u2019ancien surveillant des prix Rudolf Strahm estime \u00e0 pr\u00e8s de 15 milliards la perte subie. Une \u00e9tude de la Haute \u00e9cole sp\u00e9cialis\u00e9e du nord-ouest de la Suisse (FHNW) pour le compte de [&hellip;]","og_url":"https:\/\/swissbaker.ch\/fr\/panissimo-news\/de-grands-prejudices-pour-leconomie-suisse\/","og_site_name":"SBC","article_publisher":"https:\/\/www.facebook.com\/swissbaker.ch","article_published_time":"2020-02-27T10:25:00+00:00","article_modified_time":"2022-05-17T13:22:15+00:00","og_image":[{"width":800,"height":474,"url":"https:\/\/swissbaker.ch\/wp-content\/uploads\/2022\/03\/4_2_fairpreis_beiz.jpeg","type":"image\/jpeg"}],"author":"azureart","twitter_card":"summary_large_image","twitter_creator":"@ch_swissbaker","twitter_site":"@ch_swissbaker","twitter_misc":{"Written by":"azureart","Est. reading time":"5 minutes"},"schema":{"@context":"https:\/\/schema.org","@graph":[{"@type":"Article","@id":"https:\/\/swissbaker.ch\/fr\/panissimo-news\/de-grands-prejudices-pour-leconomie-suisse\/#article","isPartOf":{"@id":"https:\/\/swissbaker.ch\/fr\/panissimo-news\/de-grands-prejudices-pour-leconomie-suisse\/"},"author":{"name":"azureart","@id":"https:\/\/swissbaker.ch\/fr\/#\/schema\/person\/058ac47619f7da53df62aba60f939b78"},"headline":"De grands pr\u00e9judices pour l\u2019\u00e9conomie suisse","datePublished":"2020-02-27T10:25:00+00:00","dateModified":"2022-05-17T13:22:15+00:00","mainEntityOfPage":{"@id":"https:\/\/swissbaker.ch\/fr\/panissimo-news\/de-grands-prejudices-pour-leconomie-suisse\/"},"wordCount":860,"commentCount":0,"publisher":{"@id":"https:\/\/swissbaker.ch\/fr\/#organization"},"image":{"@id":"https:\/\/swissbaker.ch\/fr\/panissimo-news\/de-grands-prejudices-pour-leconomie-suisse\/#primaryimage"},"thumbnailUrl":"https:\/\/swissbaker.ch\/wp-content\/uploads\/2022\/03\/4_2_fairpreis_beiz.jpeg","articleSection":["Droit &amp; politique"],"inLanguage":"fr-FR","potentialAction":[{"@type":"CommentAction","name":"Comment","target":["https:\/\/swissbaker.ch\/fr\/panissimo-news\/de-grands-prejudices-pour-leconomie-suisse\/#respond"]}]},{"@type":"WebPage","@id":"https:\/\/swissbaker.ch\/fr\/panissimo-news\/de-grands-prejudices-pour-leconomie-suisse\/","url":"https:\/\/swissbaker.ch\/fr\/panissimo-news\/de-grands-prejudices-pour-leconomie-suisse\/","name":"De grands pr\u00e9judices pour l\u2019\u00e9conomie suisse | SBC","isPartOf":{"@id":"https:\/\/swissbaker.ch\/fr\/#website"},"primaryImageOfPage":{"@id":"https:\/\/swissbaker.ch\/fr\/panissimo-news\/de-grands-prejudices-pour-leconomie-suisse\/#primaryimage"},"image":{"@id":"https:\/\/swissbaker.ch\/fr\/panissimo-news\/de-grands-prejudices-pour-leconomie-suisse\/#primaryimage"},"thumbnailUrl":"https:\/\/swissbaker.ch\/wp-content\/uploads\/2022\/03\/4_2_fairpreis_beiz.jpeg","datePublished":"2020-02-27T10:25:00+00:00","dateModified":"2022-05-17T13:22:15+00:00","breadcrumb":{"@id":"https:\/\/swissbaker.ch\/fr\/panissimo-news\/de-grands-prejudices-pour-leconomie-suisse\/#breadcrumb"},"inLanguage":"fr-FR","potentialAction":[{"@type":"ReadAction","target":["https:\/\/swissbaker.ch\/fr\/panissimo-news\/de-grands-prejudices-pour-leconomie-suisse\/"]}]},{"@type":"ImageObject","inLanguage":"fr-FR","@id":"https:\/\/swissbaker.ch\/fr\/panissimo-news\/de-grands-prejudices-pour-leconomie-suisse\/#primaryimage","url":"https:\/\/swissbaker.ch\/wp-content\/uploads\/2022\/03\/4_2_fairpreis_beiz.jpeg","contentUrl":"https:\/\/swissbaker.ch\/wp-content\/uploads\/2022\/03\/4_2_fairpreis_beiz.jpeg","width":800,"height":474,"caption":"De grands pr\u00e9judices pour l\u2019\u00e9conomie suisse"},{"@type":"BreadcrumbList","@id":"https:\/\/swissbaker.ch\/fr\/panissimo-news\/de-grands-prejudices-pour-leconomie-suisse\/#breadcrumb","itemListElement":[{"@type":"ListItem","position":1,"name":"","item":"https:\/\/swissbaker.ch\/fr\/"},{"@type":"ListItem","position":2,"name":"Droit &amp; politique","item":"https:\/\/swissbaker.ch\/fr\/panissimo-news\/category\/droit-politique\/"},{"@type":"ListItem","position":3,"name":"De grands pr\u00e9judices pour l\u2019\u00e9conomie suisse"}]},{"@type":"WebSite","@id":"https:\/\/swissbaker.ch\/fr\/#website","url":"https:\/\/swissbaker.ch\/fr\/","name":"SBC","description":"","publisher":{"@id":"https:\/\/swissbaker.ch\/fr\/#organization"},"potentialAction":[{"@type":"SearchAction","target":{"@type":"EntryPoint","urlTemplate":"https:\/\/swissbaker.ch\/fr\/?s={search_term_string}"},"query-input":{"@type":"PropertyValueSpecification","valueRequired":true,"valueName":"search_term_string"}}],"inLanguage":"fr-FR"},{"@type":"Organization","@id":"https:\/\/swissbaker.ch\/fr\/#organization","name":"Schweizerischer B\u00e4cker-Confiseurmeister-Verband","url":"https:\/\/swissbaker.ch\/fr\/","logo":{"@type":"ImageObject","inLanguage":"fr-FR","@id":"https:\/\/swissbaker.ch\/fr\/#\/schema\/logo\/image\/","url":"https:\/\/swissbaker.ch\/wp-content\/uploads\/2022\/04\/sbc-logo-yoast.jpg","contentUrl":"https:\/\/swissbaker.ch\/wp-content\/uploads\/2022\/04\/sbc-logo-yoast.jpg","width":512,"height":512,"caption":"Schweizerischer B\u00e4cker-Confiseurmeister-Verband"},"image":{"@id":"https:\/\/swissbaker.ch\/fr\/#\/schema\/logo\/image\/"},"sameAs":["https:\/\/www.facebook.com\/swissbaker.ch","https:\/\/x.com\/ch_swissbaker"]},{"@type":"Person","@id":"https:\/\/swissbaker.ch\/fr\/#\/schema\/person\/058ac47619f7da53df62aba60f939b78","name":"azureart","image":{"@type":"ImageObject","inLanguage":"fr-FR","@id":"https:\/\/swissbaker.ch\/fr\/#\/schema\/person\/image\/","url":"https:\/\/secure.gravatar.com\/avatar\/be04dd3098fd612c83067af4f7a295384c93cb6a9112f51beb9d2f477d25da61?s=96&d=mm&r=g","contentUrl":"https:\/\/secure.gravatar.com\/avatar\/be04dd3098fd612c83067af4f7a295384c93cb6a9112f51beb9d2f477d25da61?s=96&d=mm&r=g","caption":"azureart"},"sameAs":["https:\/\/swissbaker.ch"],"url":"https:\/\/swissbaker.ch\/fr\/panissimo-news\/author\/pixel-ahoi\/"}]}},"_links":{"self":[{"href":"https:\/\/swissbaker.ch\/fr\/wp-json\/wp\/v2\/posts\/10158","targetHints":{"allow":["GET"]}}],"collection":[{"href":"https:\/\/swissbaker.ch\/fr\/wp-json\/wp\/v2\/posts"}],"about":[{"href":"https:\/\/swissbaker.ch\/fr\/wp-json\/wp\/v2\/types\/post"}],"author":[{"embeddable":true,"href":"https:\/\/swissbaker.ch\/fr\/wp-json\/wp\/v2\/users\/1"}],"replies":[{"embeddable":true,"href":"https:\/\/swissbaker.ch\/fr\/wp-json\/wp\/v2\/comments?post=10158"}],"version-history":[{"count":0,"href":"https:\/\/swissbaker.ch\/fr\/wp-json\/wp\/v2\/posts\/10158\/revisions"}],"wp:featuredmedia":[{"embeddable":true,"href":"https:\/\/swissbaker.ch\/fr\/wp-json\/wp\/v2\/media\/5944"}],"wp:attachment":[{"href":"https:\/\/swissbaker.ch\/fr\/wp-json\/wp\/v2\/media?parent=10158"}],"wp:term":[{"taxonomy":"category","embeddable":true,"href":"https:\/\/swissbaker.ch\/fr\/wp-json\/wp\/v2\/categories?post=10158"},{"taxonomy":"post_tag","embeddable":true,"href":"https:\/\/swissbaker.ch\/fr\/wp-json\/wp\/v2\/tags?post=10158"}],"curies":[{"name":"wp","href":"https:\/\/api.w.org\/{rel}","templated":true}]}}