{"id":10152,"date":"2020-03-04T11:11:00","date_gmt":"2020-03-04T10:11:00","guid":{"rendered":"https:\/\/swissbaker.ch\/?p=10152"},"modified":"2022-05-17T15:15:44","modified_gmt":"2022-05-17T13:15:44","slug":"de-bons-resultats-grace-a-lextension-de-lassortiment-des-produits-frais","status":"publish","type":"post","link":"https:\/\/swissbaker.ch\/fr\/panissimo-news\/de-bons-resultats-grace-a-lextension-de-lassortiment-des-produits-frais\/","title":{"rendered":"De bons r\u00e9sultats gr\u00e2ce \u00e0 l\u2019extension de l\u2019assortiment des produits frais"},"content":{"rendered":"\n<p><strong>En 2019, Pistor AG a r\u00e9alis\u00e9 un chiffre d\u2019affaires de 646\u202fmillions de francs (+ 2,5 %). L\u2019extension de l\u2019assortiment dans le domaine des produits et les march\u00e9s obtenus gr\u00e2ce au nouveau mod\u00e8le de condition expliqueraient cette \u00e9volution, selon le communiqu\u00e9 de l\u2019entreprise.<\/strong><\/p>\n\n\n\n<p>Avec 646\u202fmillions de francs, le chiffre d\u2019affaires (CA) du propre d\u00e9p\u00f4t de Pistor AG a enregistr\u00e9 une hausse de 15,8\u202fmillions par rapport \u00e0 l\u2019ann\u00e9e pr\u00e9c\u00e9dente. La progression de 0,5\u202f% du segment de la boulangerie est \u00e0 souligner. Avec 352\u202fmillions, le segment des soci\u00e9taires continue de repr\u00e9senter 54\u202f% de l\u2019ensemble du commerce de marchandises. Le segment de la gastronomie enregistre une croissance de 5\u202f%. Il atteint un CA de 294\u202fmillions.<\/p>\n\n\n\n<h2 class=\"wp-block-heading\" id=\"h-plus-de-produits-fraiset-de-nouvelles-conditions\">Plus de produits fraiset de nouvelles conditions<\/h2>\n\n\n\n<p>Tous les segments sont en progression. Cela s\u2019explique par une nouvelle hausse des ventes des produits frais et surgel\u00e9s. Pistor a d\u00e9velopp\u00e9 son assortiment de produits frais pour r\u00e9pondre aux besoins de ses clients et, dans ce cadre, a mis en service en 2019 le Centre de transbordement (CT) milieu automatis\u00e9. La croissance la plus forte (14,1\u202f%) concerne le domaine viande. La large acceptation du nouveau mod\u00e8le de conditions, qui permet aux clients de b\u00e9n\u00e9ficier de bonus plus avantageux et de prix plus attractifs, a permis d\u2019obtenir de nouveaux march\u00e9s.<\/p>\n\n\n\n<h2 class=\"wp-block-heading\" id=\"h-des-partenariats-fructueux\">Des partenariats fructueux<\/h2>\n\n\n\n<p>Depuis 2019, Pistor est le grossiste national du groupe de cliniques priv\u00e9es Hirslanden, auquel elle fournit des produits secs et des articles d\u2019\u00e9picerie. Les contrats en cours avec B\u00fcrgenstock Selection et IG Saanenland ont \u00e9t\u00e9 prolong\u00e9s de deux et de trois ans. A travers sa coop\u00e9ration unique avec le logisticien de la sant\u00e9 Cosanum portant sur une offre de produits des secteurs food et non-food et de consommables m\u00e9dicaux dans toute la Suisse, Pistor permet aux EMS et aux h\u00f4pitaux d\u2019am\u00e9liorer leurs processus. Pistor propose des livraisons \u00e0 des services de l\u2019H\u00f4pital cantonal de Winterthour.<\/p>\n\n\n\n<h2 class=\"wp-block-heading\" id=\"h-covid-19-pas-de-penurie-de-matieres-premieres\">Covid-19\u2009: pas de p\u00e9nurie de mati\u00e8res premi\u00e8res<\/h2>\n\n\n\n<p>\u00ab\u2009Un courtier voit des probl\u00e8mes d\u2019importation de graines de courge et de tournesol, en raison du coronavirus.\u2009\u00bb Ce genre de papier a \u00e9t\u00e9 publi\u00e9 sur le net ces derniers jours.<br>Quelle est la situation dans boulangerie-confiserie\u2009? Question pos\u00e9e \u00e0 Pistor.<br>Cela a permis d\u2019\u00e9claircir les choses\u2009: il n\u2019y a pas de goulets d\u2019\u00e9trangement dans l\u2019approvisionnement en mati\u00e8res premi\u00e8res et autres produits en raison du coronavirus, selon Simone Burgener, responsable des m\u00e9dias. Des difficult\u00e9s existent toutefois en ce qui concerne les masques de protections et les d\u00e9sinfectants. \u00ab\u2009Pistor fait tout ce qui est en son pouvoir pour maintenir la disponibilit\u00e9 de ses produits. Nous surveillons constamment la situation. En fonction de la situation, nous prenons des pr\u00e9cautions pour assurer la disponibilit\u00e9\u2009\u00bb, ajoute Mme\u202fBurgener.<\/p>\n\n\n\n<p>La situation pouvant \u00e9voluer d\u2019heure en heure, il est conseiller de s\u2019informer directement \u00e0 l\u2019adresse <a href=\"https:\/\/www.pistor.ch\/de\">www.pistor.ch.<\/a><\/p>\n","protected":false},"excerpt":{"rendered":"<p>En 2019, Pistor AG a r\u00e9alis\u00e9 un chiffre d\u2019affaires de 646\u202fmillions de francs (+ 2,5 %). L\u2019extension de l\u2019assortiment dans le domaine des produits et les march\u00e9s obtenus gr\u00e2ce au nouveau mod\u00e8le de condition expliqueraient cette \u00e9volution, selon le communiqu\u00e9 de l\u2019entreprise. Avec 646\u202fmillions de francs, le chiffre d\u2019affaires (CA) du propre d\u00e9p\u00f4t de Pistor AG a enregistr\u00e9 une hausse [&hellip;]<\/p>\n","protected":false},"author":1,"featured_media":5938,"comment_status":"open","ping_status":"closed","sticky":false,"template":"","format":"standard","meta":{"_acf_changed":false,"footnotes":""},"categories":[45],"tags":[],"class_list":["post-10152","post","type-post","status-publish","format-standard","has-post-thumbnail","hentry","category-environnement-professionnel"],"acf":[],"yoast_head":"<!-- This site is optimized with the Yoast SEO Premium plugin v26.8 (Yoast SEO v26.8) - https:\/\/yoast.com\/product\/yoast-seo-premium-wordpress\/ -->\n<title>De bons r\u00e9sultats gr\u00e2ce \u00e0 l\u2019extension de l\u2019assortiment des produits frais | SBC<\/title>\n<meta name=\"robots\" content=\"index, follow, max-snippet:-1, max-image-preview:large, max-video-preview:-1\" \/>\n<link rel=\"canonical\" href=\"https:\/\/swissbaker.ch\/fr\/panissimo-news\/de-bons-resultats-grace-a-lextension-de-lassortiment-des-produits-frais\/\" \/>\n<meta property=\"og:locale\" content=\"fr_FR\" \/>\n<meta property=\"og:type\" content=\"article\" \/>\n<meta property=\"og:title\" content=\"De bons r\u00e9sultats gr\u00e2ce \u00e0 l\u2019extension de l\u2019assortiment des produits frais\" \/>\n<meta property=\"og:description\" content=\"En 2019, Pistor AG a r\u00e9alis\u00e9 un chiffre d\u2019affaires de 646\u202fmillions de francs (+ 2,5 %). L\u2019extension de l\u2019assortiment dans le domaine des produits et les march\u00e9s obtenus gr\u00e2ce au nouveau mod\u00e8le de condition expliqueraient cette \u00e9volution, selon le communiqu\u00e9 de l\u2019entreprise. Avec 646\u202fmillions de francs, le chiffre d\u2019affaires (CA) du propre d\u00e9p\u00f4t de Pistor AG a enregistr\u00e9 une hausse [&hellip;]\" \/>\n<meta property=\"og:url\" content=\"https:\/\/swissbaker.ch\/fr\/panissimo-news\/de-bons-resultats-grace-a-lextension-de-lassortiment-des-produits-frais\/\" \/>\n<meta property=\"og:site_name\" content=\"SBC\" \/>\n<meta property=\"article:publisher\" content=\"https:\/\/www.facebook.com\/swissbaker.ch\" \/>\n<meta property=\"article:published_time\" content=\"2020-03-04T10:11:00+00:00\" \/>\n<meta property=\"article:modified_time\" content=\"2022-05-17T13:15:44+00:00\" \/>\n<meta property=\"og:image\" content=\"https:\/\/swissbaker.ch\/wp-content\/uploads\/2022\/03\/5_1_pistor_colis.jpeg\" \/>\n\t<meta property=\"og:image:width\" content=\"800\" \/>\n\t<meta property=\"og:image:height\" content=\"474\" \/>\n\t<meta property=\"og:image:type\" content=\"image\/jpeg\" \/>\n<meta name=\"author\" content=\"azureart\" \/>\n<meta name=\"twitter:card\" content=\"summary_large_image\" \/>\n<meta name=\"twitter:creator\" content=\"@ch_swissbaker\" \/>\n<meta name=\"twitter:site\" content=\"@ch_swissbaker\" \/>\n<meta name=\"twitter:label1\" content=\"Written by\" \/>\n\t<meta name=\"twitter:data1\" content=\"azureart\" \/>\n\t<meta name=\"twitter:label2\" content=\"Est. reading time\" \/>\n\t<meta name=\"twitter:data2\" content=\"3 minutes\" \/>\n<script type=\"application\/ld+json\" class=\"yoast-schema-graph\">{\"@context\":\"https:\/\/schema.org\",\"@graph\":[{\"@type\":\"Article\",\"@id\":\"https:\/\/swissbaker.ch\/fr\/panissimo-news\/de-bons-resultats-grace-a-lextension-de-lassortiment-des-produits-frais\/#article\",\"isPartOf\":{\"@id\":\"https:\/\/swissbaker.ch\/fr\/panissimo-news\/de-bons-resultats-grace-a-lextension-de-lassortiment-des-produits-frais\/\"},\"author\":{\"name\":\"azureart\",\"@id\":\"https:\/\/swissbaker.ch\/fr\/#\/schema\/person\/058ac47619f7da53df62aba60f939b78\"},\"headline\":\"De bons r\u00e9sultats gr\u00e2ce \u00e0 l\u2019extension de l\u2019assortiment des produits frais\",\"datePublished\":\"2020-03-04T10:11:00+00:00\",\"dateModified\":\"2022-05-17T13:15:44+00:00\",\"mainEntityOfPage\":{\"@id\":\"https:\/\/swissbaker.ch\/fr\/panissimo-news\/de-bons-resultats-grace-a-lextension-de-lassortiment-des-produits-frais\/\"},\"wordCount\":510,\"commentCount\":0,\"publisher\":{\"@id\":\"https:\/\/swissbaker.ch\/fr\/#organization\"},\"image\":{\"@id\":\"https:\/\/swissbaker.ch\/fr\/panissimo-news\/de-bons-resultats-grace-a-lextension-de-lassortiment-des-produits-frais\/#primaryimage\"},\"thumbnailUrl\":\"https:\/\/swissbaker.ch\/wp-content\/uploads\/2022\/03\/5_1_pistor_colis.jpeg\",\"articleSection\":[\"Environnement professionnel\"],\"inLanguage\":\"fr-FR\",\"potentialAction\":[{\"@type\":\"CommentAction\",\"name\":\"Comment\",\"target\":[\"https:\/\/swissbaker.ch\/fr\/panissimo-news\/de-bons-resultats-grace-a-lextension-de-lassortiment-des-produits-frais\/#respond\"]}]},{\"@type\":\"WebPage\",\"@id\":\"https:\/\/swissbaker.ch\/fr\/panissimo-news\/de-bons-resultats-grace-a-lextension-de-lassortiment-des-produits-frais\/\",\"url\":\"https:\/\/swissbaker.ch\/fr\/panissimo-news\/de-bons-resultats-grace-a-lextension-de-lassortiment-des-produits-frais\/\",\"name\":\"De bons r\u00e9sultats gr\u00e2ce \u00e0 l\u2019extension de l\u2019assortiment des produits frais | SBC\",\"isPartOf\":{\"@id\":\"https:\/\/swissbaker.ch\/fr\/#website\"},\"primaryImageOfPage\":{\"@id\":\"https:\/\/swissbaker.ch\/fr\/panissimo-news\/de-bons-resultats-grace-a-lextension-de-lassortiment-des-produits-frais\/#primaryimage\"},\"image\":{\"@id\":\"https:\/\/swissbaker.ch\/fr\/panissimo-news\/de-bons-resultats-grace-a-lextension-de-lassortiment-des-produits-frais\/#primaryimage\"},\"thumbnailUrl\":\"https:\/\/swissbaker.ch\/wp-content\/uploads\/2022\/03\/5_1_pistor_colis.jpeg\",\"datePublished\":\"2020-03-04T10:11:00+00:00\",\"dateModified\":\"2022-05-17T13:15:44+00:00\",\"breadcrumb\":{\"@id\":\"https:\/\/swissbaker.ch\/fr\/panissimo-news\/de-bons-resultats-grace-a-lextension-de-lassortiment-des-produits-frais\/#breadcrumb\"},\"inLanguage\":\"fr-FR\",\"potentialAction\":[{\"@type\":\"ReadAction\",\"target\":[\"https:\/\/swissbaker.ch\/fr\/panissimo-news\/de-bons-resultats-grace-a-lextension-de-lassortiment-des-produits-frais\/\"]}]},{\"@type\":\"ImageObject\",\"inLanguage\":\"fr-FR\",\"@id\":\"https:\/\/swissbaker.ch\/fr\/panissimo-news\/de-bons-resultats-grace-a-lextension-de-lassortiment-des-produits-frais\/#primaryimage\",\"url\":\"https:\/\/swissbaker.ch\/wp-content\/uploads\/2022\/03\/5_1_pistor_colis.jpeg\",\"contentUrl\":\"https:\/\/swissbaker.ch\/wp-content\/uploads\/2022\/03\/5_1_pistor_colis.jpeg\",\"width\":800,\"height\":474,\"caption\":\"De bons r\u00e9sultats gr\u00e2ce \u00e0 l\u2019extension de l\u2019assortiment des produits frais\"},{\"@type\":\"BreadcrumbList\",\"@id\":\"https:\/\/swissbaker.ch\/fr\/panissimo-news\/de-bons-resultats-grace-a-lextension-de-lassortiment-des-produits-frais\/#breadcrumb\",\"itemListElement\":[{\"@type\":\"ListItem\",\"position\":1,\"name\":\"\",\"item\":\"https:\/\/swissbaker.ch\/fr\/\"},{\"@type\":\"ListItem\",\"position\":2,\"name\":\"Environnement professionnel\",\"item\":\"https:\/\/swissbaker.ch\/fr\/panissimo-news\/category\/environnement-professionnel\/\"},{\"@type\":\"ListItem\",\"position\":3,\"name\":\"De bons r\u00e9sultats gr\u00e2ce \u00e0 l\u2019extension de l\u2019assortiment des produits frais\"}]},{\"@type\":\"WebSite\",\"@id\":\"https:\/\/swissbaker.ch\/fr\/#website\",\"url\":\"https:\/\/swissbaker.ch\/fr\/\",\"name\":\"SBC\",\"description\":\"\",\"publisher\":{\"@id\":\"https:\/\/swissbaker.ch\/fr\/#organization\"},\"potentialAction\":[{\"@type\":\"SearchAction\",\"target\":{\"@type\":\"EntryPoint\",\"urlTemplate\":\"https:\/\/swissbaker.ch\/fr\/?s={search_term_string}\"},\"query-input\":{\"@type\":\"PropertyValueSpecification\",\"valueRequired\":true,\"valueName\":\"search_term_string\"}}],\"inLanguage\":\"fr-FR\"},{\"@type\":\"Organization\",\"@id\":\"https:\/\/swissbaker.ch\/fr\/#organization\",\"name\":\"Schweizerischer B\u00e4cker-Confiseurmeister-Verband\",\"url\":\"https:\/\/swissbaker.ch\/fr\/\",\"logo\":{\"@type\":\"ImageObject\",\"inLanguage\":\"fr-FR\",\"@id\":\"https:\/\/swissbaker.ch\/fr\/#\/schema\/logo\/image\/\",\"url\":\"https:\/\/swissbaker.ch\/wp-content\/uploads\/2022\/04\/sbc-logo-yoast.jpg\",\"contentUrl\":\"https:\/\/swissbaker.ch\/wp-content\/uploads\/2022\/04\/sbc-logo-yoast.jpg\",\"width\":512,\"height\":512,\"caption\":\"Schweizerischer B\u00e4cker-Confiseurmeister-Verband\"},\"image\":{\"@id\":\"https:\/\/swissbaker.ch\/fr\/#\/schema\/logo\/image\/\"},\"sameAs\":[\"https:\/\/www.facebook.com\/swissbaker.ch\",\"https:\/\/x.com\/ch_swissbaker\"]},{\"@type\":\"Person\",\"@id\":\"https:\/\/swissbaker.ch\/fr\/#\/schema\/person\/058ac47619f7da53df62aba60f939b78\",\"name\":\"azureart\",\"image\":{\"@type\":\"ImageObject\",\"inLanguage\":\"fr-FR\",\"@id\":\"https:\/\/swissbaker.ch\/fr\/#\/schema\/person\/image\/\",\"url\":\"https:\/\/secure.gravatar.com\/avatar\/be04dd3098fd612c83067af4f7a295384c93cb6a9112f51beb9d2f477d25da61?s=96&d=mm&r=g\",\"contentUrl\":\"https:\/\/secure.gravatar.com\/avatar\/be04dd3098fd612c83067af4f7a295384c93cb6a9112f51beb9d2f477d25da61?s=96&d=mm&r=g\",\"caption\":\"azureart\"},\"sameAs\":[\"https:\/\/swissbaker.ch\"],\"url\":\"https:\/\/swissbaker.ch\/fr\/panissimo-news\/author\/pixel-ahoi\/\"}]}<\/script>\n<!-- \/ Yoast SEO Premium plugin. -->","yoast_head_json":{"title":"De bons r\u00e9sultats gr\u00e2ce \u00e0 l\u2019extension de l\u2019assortiment des produits frais | SBC","robots":{"index":"index","follow":"follow","max-snippet":"max-snippet:-1","max-image-preview":"max-image-preview:large","max-video-preview":"max-video-preview:-1"},"canonical":"https:\/\/swissbaker.ch\/fr\/panissimo-news\/de-bons-resultats-grace-a-lextension-de-lassortiment-des-produits-frais\/","og_locale":"fr_FR","og_type":"article","og_title":"De bons r\u00e9sultats gr\u00e2ce \u00e0 l\u2019extension de l\u2019assortiment des produits frais","og_description":"En 2019, Pistor AG a r\u00e9alis\u00e9 un chiffre d\u2019affaires de 646\u202fmillions de francs (+ 2,5 %). L\u2019extension de l\u2019assortiment dans le domaine des produits et les march\u00e9s obtenus gr\u00e2ce au nouveau mod\u00e8le de condition expliqueraient cette \u00e9volution, selon le communiqu\u00e9 de l\u2019entreprise. Avec 646\u202fmillions de francs, le chiffre d\u2019affaires (CA) du propre d\u00e9p\u00f4t de Pistor AG a enregistr\u00e9 une hausse [&hellip;]","og_url":"https:\/\/swissbaker.ch\/fr\/panissimo-news\/de-bons-resultats-grace-a-lextension-de-lassortiment-des-produits-frais\/","og_site_name":"SBC","article_publisher":"https:\/\/www.facebook.com\/swissbaker.ch","article_published_time":"2020-03-04T10:11:00+00:00","article_modified_time":"2022-05-17T13:15:44+00:00","og_image":[{"width":800,"height":474,"url":"https:\/\/swissbaker.ch\/wp-content\/uploads\/2022\/03\/5_1_pistor_colis.jpeg","type":"image\/jpeg"}],"author":"azureart","twitter_card":"summary_large_image","twitter_creator":"@ch_swissbaker","twitter_site":"@ch_swissbaker","twitter_misc":{"Written by":"azureart","Est. reading time":"3 minutes"},"schema":{"@context":"https:\/\/schema.org","@graph":[{"@type":"Article","@id":"https:\/\/swissbaker.ch\/fr\/panissimo-news\/de-bons-resultats-grace-a-lextension-de-lassortiment-des-produits-frais\/#article","isPartOf":{"@id":"https:\/\/swissbaker.ch\/fr\/panissimo-news\/de-bons-resultats-grace-a-lextension-de-lassortiment-des-produits-frais\/"},"author":{"name":"azureart","@id":"https:\/\/swissbaker.ch\/fr\/#\/schema\/person\/058ac47619f7da53df62aba60f939b78"},"headline":"De bons r\u00e9sultats gr\u00e2ce \u00e0 l\u2019extension de l\u2019assortiment des produits frais","datePublished":"2020-03-04T10:11:00+00:00","dateModified":"2022-05-17T13:15:44+00:00","mainEntityOfPage":{"@id":"https:\/\/swissbaker.ch\/fr\/panissimo-news\/de-bons-resultats-grace-a-lextension-de-lassortiment-des-produits-frais\/"},"wordCount":510,"commentCount":0,"publisher":{"@id":"https:\/\/swissbaker.ch\/fr\/#organization"},"image":{"@id":"https:\/\/swissbaker.ch\/fr\/panissimo-news\/de-bons-resultats-grace-a-lextension-de-lassortiment-des-produits-frais\/#primaryimage"},"thumbnailUrl":"https:\/\/swissbaker.ch\/wp-content\/uploads\/2022\/03\/5_1_pistor_colis.jpeg","articleSection":["Environnement professionnel"],"inLanguage":"fr-FR","potentialAction":[{"@type":"CommentAction","name":"Comment","target":["https:\/\/swissbaker.ch\/fr\/panissimo-news\/de-bons-resultats-grace-a-lextension-de-lassortiment-des-produits-frais\/#respond"]}]},{"@type":"WebPage","@id":"https:\/\/swissbaker.ch\/fr\/panissimo-news\/de-bons-resultats-grace-a-lextension-de-lassortiment-des-produits-frais\/","url":"https:\/\/swissbaker.ch\/fr\/panissimo-news\/de-bons-resultats-grace-a-lextension-de-lassortiment-des-produits-frais\/","name":"De bons r\u00e9sultats gr\u00e2ce \u00e0 l\u2019extension de l\u2019assortiment des produits frais | SBC","isPartOf":{"@id":"https:\/\/swissbaker.ch\/fr\/#website"},"primaryImageOfPage":{"@id":"https:\/\/swissbaker.ch\/fr\/panissimo-news\/de-bons-resultats-grace-a-lextension-de-lassortiment-des-produits-frais\/#primaryimage"},"image":{"@id":"https:\/\/swissbaker.ch\/fr\/panissimo-news\/de-bons-resultats-grace-a-lextension-de-lassortiment-des-produits-frais\/#primaryimage"},"thumbnailUrl":"https:\/\/swissbaker.ch\/wp-content\/uploads\/2022\/03\/5_1_pistor_colis.jpeg","datePublished":"2020-03-04T10:11:00+00:00","dateModified":"2022-05-17T13:15:44+00:00","breadcrumb":{"@id":"https:\/\/swissbaker.ch\/fr\/panissimo-news\/de-bons-resultats-grace-a-lextension-de-lassortiment-des-produits-frais\/#breadcrumb"},"inLanguage":"fr-FR","potentialAction":[{"@type":"ReadAction","target":["https:\/\/swissbaker.ch\/fr\/panissimo-news\/de-bons-resultats-grace-a-lextension-de-lassortiment-des-produits-frais\/"]}]},{"@type":"ImageObject","inLanguage":"fr-FR","@id":"https:\/\/swissbaker.ch\/fr\/panissimo-news\/de-bons-resultats-grace-a-lextension-de-lassortiment-des-produits-frais\/#primaryimage","url":"https:\/\/swissbaker.ch\/wp-content\/uploads\/2022\/03\/5_1_pistor_colis.jpeg","contentUrl":"https:\/\/swissbaker.ch\/wp-content\/uploads\/2022\/03\/5_1_pistor_colis.jpeg","width":800,"height":474,"caption":"De bons r\u00e9sultats gr\u00e2ce \u00e0 l\u2019extension de l\u2019assortiment des produits frais"},{"@type":"BreadcrumbList","@id":"https:\/\/swissbaker.ch\/fr\/panissimo-news\/de-bons-resultats-grace-a-lextension-de-lassortiment-des-produits-frais\/#breadcrumb","itemListElement":[{"@type":"ListItem","position":1,"name":"","item":"https:\/\/swissbaker.ch\/fr\/"},{"@type":"ListItem","position":2,"name":"Environnement professionnel","item":"https:\/\/swissbaker.ch\/fr\/panissimo-news\/category\/environnement-professionnel\/"},{"@type":"ListItem","position":3,"name":"De bons r\u00e9sultats gr\u00e2ce \u00e0 l\u2019extension de l\u2019assortiment des produits frais"}]},{"@type":"WebSite","@id":"https:\/\/swissbaker.ch\/fr\/#website","url":"https:\/\/swissbaker.ch\/fr\/","name":"SBC","description":"","publisher":{"@id":"https:\/\/swissbaker.ch\/fr\/#organization"},"potentialAction":[{"@type":"SearchAction","target":{"@type":"EntryPoint","urlTemplate":"https:\/\/swissbaker.ch\/fr\/?s={search_term_string}"},"query-input":{"@type":"PropertyValueSpecification","valueRequired":true,"valueName":"search_term_string"}}],"inLanguage":"fr-FR"},{"@type":"Organization","@id":"https:\/\/swissbaker.ch\/fr\/#organization","name":"Schweizerischer B\u00e4cker-Confiseurmeister-Verband","url":"https:\/\/swissbaker.ch\/fr\/","logo":{"@type":"ImageObject","inLanguage":"fr-FR","@id":"https:\/\/swissbaker.ch\/fr\/#\/schema\/logo\/image\/","url":"https:\/\/swissbaker.ch\/wp-content\/uploads\/2022\/04\/sbc-logo-yoast.jpg","contentUrl":"https:\/\/swissbaker.ch\/wp-content\/uploads\/2022\/04\/sbc-logo-yoast.jpg","width":512,"height":512,"caption":"Schweizerischer B\u00e4cker-Confiseurmeister-Verband"},"image":{"@id":"https:\/\/swissbaker.ch\/fr\/#\/schema\/logo\/image\/"},"sameAs":["https:\/\/www.facebook.com\/swissbaker.ch","https:\/\/x.com\/ch_swissbaker"]},{"@type":"Person","@id":"https:\/\/swissbaker.ch\/fr\/#\/schema\/person\/058ac47619f7da53df62aba60f939b78","name":"azureart","image":{"@type":"ImageObject","inLanguage":"fr-FR","@id":"https:\/\/swissbaker.ch\/fr\/#\/schema\/person\/image\/","url":"https:\/\/secure.gravatar.com\/avatar\/be04dd3098fd612c83067af4f7a295384c93cb6a9112f51beb9d2f477d25da61?s=96&d=mm&r=g","contentUrl":"https:\/\/secure.gravatar.com\/avatar\/be04dd3098fd612c83067af4f7a295384c93cb6a9112f51beb9d2f477d25da61?s=96&d=mm&r=g","caption":"azureart"},"sameAs":["https:\/\/swissbaker.ch"],"url":"https:\/\/swissbaker.ch\/fr\/panissimo-news\/author\/pixel-ahoi\/"}]}},"_links":{"self":[{"href":"https:\/\/swissbaker.ch\/fr\/wp-json\/wp\/v2\/posts\/10152","targetHints":{"allow":["GET"]}}],"collection":[{"href":"https:\/\/swissbaker.ch\/fr\/wp-json\/wp\/v2\/posts"}],"about":[{"href":"https:\/\/swissbaker.ch\/fr\/wp-json\/wp\/v2\/types\/post"}],"author":[{"embeddable":true,"href":"https:\/\/swissbaker.ch\/fr\/wp-json\/wp\/v2\/users\/1"}],"replies":[{"embeddable":true,"href":"https:\/\/swissbaker.ch\/fr\/wp-json\/wp\/v2\/comments?post=10152"}],"version-history":[{"count":0,"href":"https:\/\/swissbaker.ch\/fr\/wp-json\/wp\/v2\/posts\/10152\/revisions"}],"wp:featuredmedia":[{"embeddable":true,"href":"https:\/\/swissbaker.ch\/fr\/wp-json\/wp\/v2\/media\/5938"}],"wp:attachment":[{"href":"https:\/\/swissbaker.ch\/fr\/wp-json\/wp\/v2\/media?parent=10152"}],"wp:term":[{"taxonomy":"category","embeddable":true,"href":"https:\/\/swissbaker.ch\/fr\/wp-json\/wp\/v2\/categories?post=10152"},{"taxonomy":"post_tag","embeddable":true,"href":"https:\/\/swissbaker.ch\/fr\/wp-json\/wp\/v2\/tags?post=10152"}],"curies":[{"name":"wp","href":"https:\/\/api.w.org\/{rel}","templated":true}]}}