{"id":10138,"date":"2020-03-04T10:49:00","date_gmt":"2020-03-04T09:49:00","guid":{"rendered":"https:\/\/swissbaker.ch\/?p=10138"},"modified":"2022-05-17T15:04:31","modified_gmt":"2022-05-17T13:04:31","slug":"coronavirus-se-defendre-grace-a-la-solution-par-branche-msst","status":"publish","type":"post","link":"https:\/\/swissbaker.ch\/fr\/panissimo-news\/coronavirus-se-defendre-grace-a-la-solution-par-branche-msst\/","title":{"rendered":"Coronavirus \u2013 se d\u00e9fendre gr\u00e2ce \u00e0 la solution par branche MSST"},"content":{"rendered":"\n<p><strong>Le covid-19 a atteint la Suisse. Pas de quoi c\u00e9der \u00e0 la panique, les membres de la BCS sont arm\u00e9s, gr\u00e2ce \u00e0 la solution par branche MSST. La version italienne est d\u00e9sormais \u00e9galement disponible en ligne.<\/strong><\/p>\n\n\n\n<p>La situation en Suisse n\u2019est pas une raison pour c\u00e9der \u00e0 la panique. Toutefois, la prudence est de mise. L\u2019Office f\u00e9d\u00e9ral de la sant\u00e9 publique informe la population de l\u2019\u00e9volution. Il r\u00e9\u00e9value la situation en permanence.<\/p>\n\n\n\n<p>Un outil tr\u00e8s utile est \u00e0 la disposition des membres de la BCS et de leurs collaborateurs: la solution par branche MSST.<br><a href=\"https:\/\/service.swissbaker.ch\/sbc-as\/fr#\/area\/as\/topic\/Gesundheitsvorsorge_0\/Pandemievorsorge\/info\" target=\"_blank\" rel=\"noreferrer noopener\">Dans le chapitre 6.8 \u00ab&nbsp;Pr\u00e9vention de la pand\u00e9mie<\/a>&nbsp;\u00bb se trouve une aide \u00e0 la mise en \u0153uvre intitul\u00e9e \u00ab&nbsp;6.8.4 Check-list pr\u00e9vention de la pand\u00e9mie&nbsp;\u00bb. Avec l\u2019aide de ce plan, il est important que les responsables d\u2019entreprise r\u00e9fl\u00e9chissent \u00e0 la s\u00e9curit\u00e9 des approvisionnements et \u00e0 la protection sanitaire de leurs employ\u00e9s. Une p\u00e9nurie de personnel peut rapidement limiter la production d\u2019articles de boulangerie-confiserie. A titre de mesure de pr\u00e9caution, il est donc n\u00e9cessaire d\u2019envisager les produits dont la production peut momentan\u00e9ment \u00eatre interrompue.<\/p>\n\n\n\n<p>A cette occasion, il est n\u00e9cessaire de rappeler l\u2019importance de&nbsp;:<\/p>\n\n\n\n<ul class=\"wp-block-list\"><li>se laver r\u00e9guli\u00e8rement les mains \u00e0 l\u2019eau et au savon ou avec un d\u00e9sinfectant pour les mains&nbsp;<\/li><li>de tousser ou d\u2019\u00e9ternuer dans un mouchoir ou, \u00e0 d\u00e9faut, dans le creux du coude. &nbsp;<\/li><li>Eviter les poign\u00e9es de main.<\/li><li>En cas de fi\u00e8vre et de toux, rester \u00e0 la maison.<\/li><li>Toujours t\u00e9l\u00e9phoner avant d\u2019aller chez le m\u00e9decin ou aux urgences.<\/li><li>Garder ses distances.<\/li><\/ul>\n\n\n\n<p>Organis\u00e9s en temps voulu, les artisans seront en mesure de r\u00e9agir en cas d\u2019urgence. Ils contribueront significativement \u00e0 calmer la situation.<\/p>\n\n\n\n<p><strong>La situation actuelle sur la site du OFSP<\/strong><br><a href=\"https:\/\/ofsp-coronavirus.ch\/\" target=\"_blank\" rel=\"noreferrer noopener\">https:\/\/ofsp-coronavirus.ch<\/a><\/p>\n\n\n\n<p><strong>Consid\u00e9rations juridiques \/ Demande de r\u00e9duction de l\u2019horaire de travail<\/strong><br>Un aide-m\u00e9moire de l\u2019Union suisse des arts et m\u00e9tiers intitul\u00e9 \u00abConsid\u00e9rations juridiques quant aux r\u00e9percussions possibles du coronavirus\u00bb et une notice de la BCS sur le th\u00e8me de l\u2019indemnit\u00e9 en cas de r\u00e9duction de l\u2019horaire de travail sont disponibles dans le&nbsp;<a href=\"https:\/\/www.swissbaker.ch\/fr\/login\/\" target=\"_blank\" rel=\"noreferrer noopener\">domaine prot\u00e9g\u00e9<\/a>.<\/p>\n\n\n\n<p><strong>Plate-forme italienne en ligne<\/strong><br>La version italienne de la solution par branche MSST et du guide des bonnes pratiques (GBP) est d\u00e9sormais \u00e9galement disponible en ligne.<\/p>\n\n\n\n<p><a href=\"https:\/\/service.swissbaker.ch\/sbc-as\/fr#\/area\/as\/topic\/Gesundheitsvorsorge_0\/Pandemievorsorge\/info\" target=\"_blank\" rel=\"noreferrer noopener\">Solution par branche MSST<\/a><\/p>\n","protected":false},"excerpt":{"rendered":"<p>Le covid-19 a atteint la Suisse. Pas de quoi c\u00e9der \u00e0 la panique, les membres de la BCS sont arm\u00e9s, gr\u00e2ce \u00e0 la solution par branche MSST. La version italienne est d\u00e9sormais \u00e9galement disponible en ligne. La situation en Suisse n\u2019est pas une raison pour c\u00e9der \u00e0 la panique. Toutefois, la prudence est de mise. L\u2019Office f\u00e9d\u00e9ral de la sant\u00e9 [&hellip;]<\/p>\n","protected":false},"author":1,"featured_media":5930,"comment_status":"open","ping_status":"closed","sticky":false,"template":"","format":"standard","meta":{"_acf_changed":false,"footnotes":""},"categories":[49],"tags":[],"class_list":["post-10138","post","type-post","status-publish","format-standard","has-post-thumbnail","hentry","category-sante-securite"],"acf":[],"yoast_head":"<!-- This site is optimized with the Yoast SEO Premium plugin v26.8 (Yoast SEO v26.8) - https:\/\/yoast.com\/product\/yoast-seo-premium-wordpress\/ -->\n<title>Coronavirus \u2013 se d\u00e9fendre gr\u00e2ce \u00e0 la solution par branche MSST | SBC<\/title>\n<meta name=\"robots\" content=\"index, follow, max-snippet:-1, max-image-preview:large, max-video-preview:-1\" \/>\n<link rel=\"canonical\" href=\"https:\/\/swissbaker.ch\/fr\/panissimo-news\/coronavirus-se-defendre-grace-a-la-solution-par-branche-msst\/\" \/>\n<meta property=\"og:locale\" content=\"fr_FR\" \/>\n<meta property=\"og:type\" content=\"article\" \/>\n<meta property=\"og:title\" content=\"Coronavirus \u2013 se d\u00e9fendre gr\u00e2ce \u00e0 la solution par branche MSST\" \/>\n<meta property=\"og:description\" content=\"Le covid-19 a atteint la Suisse. Pas de quoi c\u00e9der \u00e0 la panique, les membres de la BCS sont arm\u00e9s, gr\u00e2ce \u00e0 la solution par branche MSST. La version italienne est d\u00e9sormais \u00e9galement disponible en ligne. La situation en Suisse n\u2019est pas une raison pour c\u00e9der \u00e0 la panique. Toutefois, la prudence est de mise. L\u2019Office f\u00e9d\u00e9ral de la sant\u00e9 [&hellip;]\" \/>\n<meta property=\"og:url\" content=\"https:\/\/swissbaker.ch\/fr\/panissimo-news\/coronavirus-se-defendre-grace-a-la-solution-par-branche-msst\/\" \/>\n<meta property=\"og:site_name\" content=\"SBC\" \/>\n<meta property=\"article:publisher\" content=\"https:\/\/www.facebook.com\/swissbaker.ch\" \/>\n<meta property=\"article:published_time\" content=\"2020-03-04T09:49:00+00:00\" \/>\n<meta property=\"article:modified_time\" content=\"2022-05-17T13:04:31+00:00\" \/>\n<meta property=\"og:image\" content=\"https:\/\/swissbaker.ch\/wp-content\/uploads\/2022\/03\/4_2_corona_praline-1.jpeg\" \/>\n\t<meta property=\"og:image:width\" content=\"800\" \/>\n\t<meta property=\"og:image:height\" content=\"474\" \/>\n\t<meta property=\"og:image:type\" content=\"image\/jpeg\" \/>\n<meta name=\"author\" content=\"azureart\" \/>\n<meta name=\"twitter:card\" content=\"summary_large_image\" \/>\n<meta name=\"twitter:creator\" content=\"@ch_swissbaker\" \/>\n<meta name=\"twitter:site\" content=\"@ch_swissbaker\" \/>\n<meta name=\"twitter:label1\" content=\"Written by\" \/>\n\t<meta name=\"twitter:data1\" content=\"azureart\" \/>\n\t<meta name=\"twitter:label2\" content=\"Est. reading time\" \/>\n\t<meta name=\"twitter:data2\" content=\"3 minutes\" \/>\n<script type=\"application\/ld+json\" class=\"yoast-schema-graph\">{\"@context\":\"https:\/\/schema.org\",\"@graph\":[{\"@type\":\"Article\",\"@id\":\"https:\/\/swissbaker.ch\/fr\/panissimo-news\/coronavirus-se-defendre-grace-a-la-solution-par-branche-msst\/#article\",\"isPartOf\":{\"@id\":\"https:\/\/swissbaker.ch\/fr\/panissimo-news\/coronavirus-se-defendre-grace-a-la-solution-par-branche-msst\/\"},\"author\":{\"name\":\"azureart\",\"@id\":\"https:\/\/swissbaker.ch\/fr\/#\/schema\/person\/058ac47619f7da53df62aba60f939b78\"},\"headline\":\"Coronavirus \u2013 se d\u00e9fendre gr\u00e2ce \u00e0 la solution par branche MSST\",\"datePublished\":\"2020-03-04T09:49:00+00:00\",\"dateModified\":\"2022-05-17T13:04:31+00:00\",\"mainEntityOfPage\":{\"@id\":\"https:\/\/swissbaker.ch\/fr\/panissimo-news\/coronavirus-se-defendre-grace-a-la-solution-par-branche-msst\/\"},\"wordCount\":427,\"commentCount\":0,\"publisher\":{\"@id\":\"https:\/\/swissbaker.ch\/fr\/#organization\"},\"image\":{\"@id\":\"https:\/\/swissbaker.ch\/fr\/panissimo-news\/coronavirus-se-defendre-grace-a-la-solution-par-branche-msst\/#primaryimage\"},\"thumbnailUrl\":\"https:\/\/swissbaker.ch\/wp-content\/uploads\/2022\/03\/4_2_corona_praline-1.jpeg\",\"articleSection\":[\"Sant\u00e9\/S\u00e9curit\u00e9\"],\"inLanguage\":\"fr-FR\",\"potentialAction\":[{\"@type\":\"CommentAction\",\"name\":\"Comment\",\"target\":[\"https:\/\/swissbaker.ch\/fr\/panissimo-news\/coronavirus-se-defendre-grace-a-la-solution-par-branche-msst\/#respond\"]}]},{\"@type\":\"WebPage\",\"@id\":\"https:\/\/swissbaker.ch\/fr\/panissimo-news\/coronavirus-se-defendre-grace-a-la-solution-par-branche-msst\/\",\"url\":\"https:\/\/swissbaker.ch\/fr\/panissimo-news\/coronavirus-se-defendre-grace-a-la-solution-par-branche-msst\/\",\"name\":\"Coronavirus \u2013 se d\u00e9fendre gr\u00e2ce \u00e0 la solution par branche MSST | SBC\",\"isPartOf\":{\"@id\":\"https:\/\/swissbaker.ch\/fr\/#website\"},\"primaryImageOfPage\":{\"@id\":\"https:\/\/swissbaker.ch\/fr\/panissimo-news\/coronavirus-se-defendre-grace-a-la-solution-par-branche-msst\/#primaryimage\"},\"image\":{\"@id\":\"https:\/\/swissbaker.ch\/fr\/panissimo-news\/coronavirus-se-defendre-grace-a-la-solution-par-branche-msst\/#primaryimage\"},\"thumbnailUrl\":\"https:\/\/swissbaker.ch\/wp-content\/uploads\/2022\/03\/4_2_corona_praline-1.jpeg\",\"datePublished\":\"2020-03-04T09:49:00+00:00\",\"dateModified\":\"2022-05-17T13:04:31+00:00\",\"breadcrumb\":{\"@id\":\"https:\/\/swissbaker.ch\/fr\/panissimo-news\/coronavirus-se-defendre-grace-a-la-solution-par-branche-msst\/#breadcrumb\"},\"inLanguage\":\"fr-FR\",\"potentialAction\":[{\"@type\":\"ReadAction\",\"target\":[\"https:\/\/swissbaker.ch\/fr\/panissimo-news\/coronavirus-se-defendre-grace-a-la-solution-par-branche-msst\/\"]}]},{\"@type\":\"ImageObject\",\"inLanguage\":\"fr-FR\",\"@id\":\"https:\/\/swissbaker.ch\/fr\/panissimo-news\/coronavirus-se-defendre-grace-a-la-solution-par-branche-msst\/#primaryimage\",\"url\":\"https:\/\/swissbaker.ch\/wp-content\/uploads\/2022\/03\/4_2_corona_praline-1.jpeg\",\"contentUrl\":\"https:\/\/swissbaker.ch\/wp-content\/uploads\/2022\/03\/4_2_corona_praline-1.jpeg\",\"width\":800,\"height\":474,\"caption\":\"Coronavirus \u2013 se d\u00e9fendre gr\u00e2ce \u00e0 la solution par branche MSST\"},{\"@type\":\"BreadcrumbList\",\"@id\":\"https:\/\/swissbaker.ch\/fr\/panissimo-news\/coronavirus-se-defendre-grace-a-la-solution-par-branche-msst\/#breadcrumb\",\"itemListElement\":[{\"@type\":\"ListItem\",\"position\":1,\"name\":\"\",\"item\":\"https:\/\/swissbaker.ch\/fr\/\"},{\"@type\":\"ListItem\",\"position\":2,\"name\":\"Sant\u00e9\/S\u00e9curit\u00e9\",\"item\":\"https:\/\/swissbaker.ch\/fr\/panissimo-news\/category\/sante-securite\/\"},{\"@type\":\"ListItem\",\"position\":3,\"name\":\"Coronavirus \u2013 se d\u00e9fendre gr\u00e2ce \u00e0 la solution par branche MSST\"}]},{\"@type\":\"WebSite\",\"@id\":\"https:\/\/swissbaker.ch\/fr\/#website\",\"url\":\"https:\/\/swissbaker.ch\/fr\/\",\"name\":\"SBC\",\"description\":\"\",\"publisher\":{\"@id\":\"https:\/\/swissbaker.ch\/fr\/#organization\"},\"potentialAction\":[{\"@type\":\"SearchAction\",\"target\":{\"@type\":\"EntryPoint\",\"urlTemplate\":\"https:\/\/swissbaker.ch\/fr\/?s={search_term_string}\"},\"query-input\":{\"@type\":\"PropertyValueSpecification\",\"valueRequired\":true,\"valueName\":\"search_term_string\"}}],\"inLanguage\":\"fr-FR\"},{\"@type\":\"Organization\",\"@id\":\"https:\/\/swissbaker.ch\/fr\/#organization\",\"name\":\"Schweizerischer B\u00e4cker-Confiseurmeister-Verband\",\"url\":\"https:\/\/swissbaker.ch\/fr\/\",\"logo\":{\"@type\":\"ImageObject\",\"inLanguage\":\"fr-FR\",\"@id\":\"https:\/\/swissbaker.ch\/fr\/#\/schema\/logo\/image\/\",\"url\":\"https:\/\/swissbaker.ch\/wp-content\/uploads\/2022\/04\/sbc-logo-yoast.jpg\",\"contentUrl\":\"https:\/\/swissbaker.ch\/wp-content\/uploads\/2022\/04\/sbc-logo-yoast.jpg\",\"width\":512,\"height\":512,\"caption\":\"Schweizerischer B\u00e4cker-Confiseurmeister-Verband\"},\"image\":{\"@id\":\"https:\/\/swissbaker.ch\/fr\/#\/schema\/logo\/image\/\"},\"sameAs\":[\"https:\/\/www.facebook.com\/swissbaker.ch\",\"https:\/\/x.com\/ch_swissbaker\"]},{\"@type\":\"Person\",\"@id\":\"https:\/\/swissbaker.ch\/fr\/#\/schema\/person\/058ac47619f7da53df62aba60f939b78\",\"name\":\"azureart\",\"image\":{\"@type\":\"ImageObject\",\"inLanguage\":\"fr-FR\",\"@id\":\"https:\/\/swissbaker.ch\/fr\/#\/schema\/person\/image\/\",\"url\":\"https:\/\/secure.gravatar.com\/avatar\/be04dd3098fd612c83067af4f7a295384c93cb6a9112f51beb9d2f477d25da61?s=96&d=mm&r=g\",\"contentUrl\":\"https:\/\/secure.gravatar.com\/avatar\/be04dd3098fd612c83067af4f7a295384c93cb6a9112f51beb9d2f477d25da61?s=96&d=mm&r=g\",\"caption\":\"azureart\"},\"sameAs\":[\"https:\/\/swissbaker.ch\"],\"url\":\"https:\/\/swissbaker.ch\/fr\/panissimo-news\/author\/pixel-ahoi\/\"}]}<\/script>\n<!-- \/ Yoast SEO Premium plugin. -->","yoast_head_json":{"title":"Coronavirus \u2013 se d\u00e9fendre gr\u00e2ce \u00e0 la solution par branche MSST | SBC","robots":{"index":"index","follow":"follow","max-snippet":"max-snippet:-1","max-image-preview":"max-image-preview:large","max-video-preview":"max-video-preview:-1"},"canonical":"https:\/\/swissbaker.ch\/fr\/panissimo-news\/coronavirus-se-defendre-grace-a-la-solution-par-branche-msst\/","og_locale":"fr_FR","og_type":"article","og_title":"Coronavirus \u2013 se d\u00e9fendre gr\u00e2ce \u00e0 la solution par branche MSST","og_description":"Le covid-19 a atteint la Suisse. Pas de quoi c\u00e9der \u00e0 la panique, les membres de la BCS sont arm\u00e9s, gr\u00e2ce \u00e0 la solution par branche MSST. La version italienne est d\u00e9sormais \u00e9galement disponible en ligne. La situation en Suisse n\u2019est pas une raison pour c\u00e9der \u00e0 la panique. Toutefois, la prudence est de mise. L\u2019Office f\u00e9d\u00e9ral de la sant\u00e9 [&hellip;]","og_url":"https:\/\/swissbaker.ch\/fr\/panissimo-news\/coronavirus-se-defendre-grace-a-la-solution-par-branche-msst\/","og_site_name":"SBC","article_publisher":"https:\/\/www.facebook.com\/swissbaker.ch","article_published_time":"2020-03-04T09:49:00+00:00","article_modified_time":"2022-05-17T13:04:31+00:00","og_image":[{"width":800,"height":474,"url":"https:\/\/swissbaker.ch\/wp-content\/uploads\/2022\/03\/4_2_corona_praline-1.jpeg","type":"image\/jpeg"}],"author":"azureart","twitter_card":"summary_large_image","twitter_creator":"@ch_swissbaker","twitter_site":"@ch_swissbaker","twitter_misc":{"Written by":"azureart","Est. reading time":"3 minutes"},"schema":{"@context":"https:\/\/schema.org","@graph":[{"@type":"Article","@id":"https:\/\/swissbaker.ch\/fr\/panissimo-news\/coronavirus-se-defendre-grace-a-la-solution-par-branche-msst\/#article","isPartOf":{"@id":"https:\/\/swissbaker.ch\/fr\/panissimo-news\/coronavirus-se-defendre-grace-a-la-solution-par-branche-msst\/"},"author":{"name":"azureart","@id":"https:\/\/swissbaker.ch\/fr\/#\/schema\/person\/058ac47619f7da53df62aba60f939b78"},"headline":"Coronavirus \u2013 se d\u00e9fendre gr\u00e2ce \u00e0 la solution par branche MSST","datePublished":"2020-03-04T09:49:00+00:00","dateModified":"2022-05-17T13:04:31+00:00","mainEntityOfPage":{"@id":"https:\/\/swissbaker.ch\/fr\/panissimo-news\/coronavirus-se-defendre-grace-a-la-solution-par-branche-msst\/"},"wordCount":427,"commentCount":0,"publisher":{"@id":"https:\/\/swissbaker.ch\/fr\/#organization"},"image":{"@id":"https:\/\/swissbaker.ch\/fr\/panissimo-news\/coronavirus-se-defendre-grace-a-la-solution-par-branche-msst\/#primaryimage"},"thumbnailUrl":"https:\/\/swissbaker.ch\/wp-content\/uploads\/2022\/03\/4_2_corona_praline-1.jpeg","articleSection":["Sant\u00e9\/S\u00e9curit\u00e9"],"inLanguage":"fr-FR","potentialAction":[{"@type":"CommentAction","name":"Comment","target":["https:\/\/swissbaker.ch\/fr\/panissimo-news\/coronavirus-se-defendre-grace-a-la-solution-par-branche-msst\/#respond"]}]},{"@type":"WebPage","@id":"https:\/\/swissbaker.ch\/fr\/panissimo-news\/coronavirus-se-defendre-grace-a-la-solution-par-branche-msst\/","url":"https:\/\/swissbaker.ch\/fr\/panissimo-news\/coronavirus-se-defendre-grace-a-la-solution-par-branche-msst\/","name":"Coronavirus \u2013 se d\u00e9fendre gr\u00e2ce \u00e0 la solution par branche MSST | SBC","isPartOf":{"@id":"https:\/\/swissbaker.ch\/fr\/#website"},"primaryImageOfPage":{"@id":"https:\/\/swissbaker.ch\/fr\/panissimo-news\/coronavirus-se-defendre-grace-a-la-solution-par-branche-msst\/#primaryimage"},"image":{"@id":"https:\/\/swissbaker.ch\/fr\/panissimo-news\/coronavirus-se-defendre-grace-a-la-solution-par-branche-msst\/#primaryimage"},"thumbnailUrl":"https:\/\/swissbaker.ch\/wp-content\/uploads\/2022\/03\/4_2_corona_praline-1.jpeg","datePublished":"2020-03-04T09:49:00+00:00","dateModified":"2022-05-17T13:04:31+00:00","breadcrumb":{"@id":"https:\/\/swissbaker.ch\/fr\/panissimo-news\/coronavirus-se-defendre-grace-a-la-solution-par-branche-msst\/#breadcrumb"},"inLanguage":"fr-FR","potentialAction":[{"@type":"ReadAction","target":["https:\/\/swissbaker.ch\/fr\/panissimo-news\/coronavirus-se-defendre-grace-a-la-solution-par-branche-msst\/"]}]},{"@type":"ImageObject","inLanguage":"fr-FR","@id":"https:\/\/swissbaker.ch\/fr\/panissimo-news\/coronavirus-se-defendre-grace-a-la-solution-par-branche-msst\/#primaryimage","url":"https:\/\/swissbaker.ch\/wp-content\/uploads\/2022\/03\/4_2_corona_praline-1.jpeg","contentUrl":"https:\/\/swissbaker.ch\/wp-content\/uploads\/2022\/03\/4_2_corona_praline-1.jpeg","width":800,"height":474,"caption":"Coronavirus \u2013 se d\u00e9fendre gr\u00e2ce \u00e0 la solution par branche MSST"},{"@type":"BreadcrumbList","@id":"https:\/\/swissbaker.ch\/fr\/panissimo-news\/coronavirus-se-defendre-grace-a-la-solution-par-branche-msst\/#breadcrumb","itemListElement":[{"@type":"ListItem","position":1,"name":"","item":"https:\/\/swissbaker.ch\/fr\/"},{"@type":"ListItem","position":2,"name":"Sant\u00e9\/S\u00e9curit\u00e9","item":"https:\/\/swissbaker.ch\/fr\/panissimo-news\/category\/sante-securite\/"},{"@type":"ListItem","position":3,"name":"Coronavirus \u2013 se d\u00e9fendre gr\u00e2ce \u00e0 la solution par branche MSST"}]},{"@type":"WebSite","@id":"https:\/\/swissbaker.ch\/fr\/#website","url":"https:\/\/swissbaker.ch\/fr\/","name":"SBC","description":"","publisher":{"@id":"https:\/\/swissbaker.ch\/fr\/#organization"},"potentialAction":[{"@type":"SearchAction","target":{"@type":"EntryPoint","urlTemplate":"https:\/\/swissbaker.ch\/fr\/?s={search_term_string}"},"query-input":{"@type":"PropertyValueSpecification","valueRequired":true,"valueName":"search_term_string"}}],"inLanguage":"fr-FR"},{"@type":"Organization","@id":"https:\/\/swissbaker.ch\/fr\/#organization","name":"Schweizerischer B\u00e4cker-Confiseurmeister-Verband","url":"https:\/\/swissbaker.ch\/fr\/","logo":{"@type":"ImageObject","inLanguage":"fr-FR","@id":"https:\/\/swissbaker.ch\/fr\/#\/schema\/logo\/image\/","url":"https:\/\/swissbaker.ch\/wp-content\/uploads\/2022\/04\/sbc-logo-yoast.jpg","contentUrl":"https:\/\/swissbaker.ch\/wp-content\/uploads\/2022\/04\/sbc-logo-yoast.jpg","width":512,"height":512,"caption":"Schweizerischer B\u00e4cker-Confiseurmeister-Verband"},"image":{"@id":"https:\/\/swissbaker.ch\/fr\/#\/schema\/logo\/image\/"},"sameAs":["https:\/\/www.facebook.com\/swissbaker.ch","https:\/\/x.com\/ch_swissbaker"]},{"@type":"Person","@id":"https:\/\/swissbaker.ch\/fr\/#\/schema\/person\/058ac47619f7da53df62aba60f939b78","name":"azureart","image":{"@type":"ImageObject","inLanguage":"fr-FR","@id":"https:\/\/swissbaker.ch\/fr\/#\/schema\/person\/image\/","url":"https:\/\/secure.gravatar.com\/avatar\/be04dd3098fd612c83067af4f7a295384c93cb6a9112f51beb9d2f477d25da61?s=96&d=mm&r=g","contentUrl":"https:\/\/secure.gravatar.com\/avatar\/be04dd3098fd612c83067af4f7a295384c93cb6a9112f51beb9d2f477d25da61?s=96&d=mm&r=g","caption":"azureart"},"sameAs":["https:\/\/swissbaker.ch"],"url":"https:\/\/swissbaker.ch\/fr\/panissimo-news\/author\/pixel-ahoi\/"}]}},"_links":{"self":[{"href":"https:\/\/swissbaker.ch\/fr\/wp-json\/wp\/v2\/posts\/10138","targetHints":{"allow":["GET"]}}],"collection":[{"href":"https:\/\/swissbaker.ch\/fr\/wp-json\/wp\/v2\/posts"}],"about":[{"href":"https:\/\/swissbaker.ch\/fr\/wp-json\/wp\/v2\/types\/post"}],"author":[{"embeddable":true,"href":"https:\/\/swissbaker.ch\/fr\/wp-json\/wp\/v2\/users\/1"}],"replies":[{"embeddable":true,"href":"https:\/\/swissbaker.ch\/fr\/wp-json\/wp\/v2\/comments?post=10138"}],"version-history":[{"count":0,"href":"https:\/\/swissbaker.ch\/fr\/wp-json\/wp\/v2\/posts\/10138\/revisions"}],"wp:featuredmedia":[{"embeddable":true,"href":"https:\/\/swissbaker.ch\/fr\/wp-json\/wp\/v2\/media\/5930"}],"wp:attachment":[{"href":"https:\/\/swissbaker.ch\/fr\/wp-json\/wp\/v2\/media?parent=10138"}],"wp:term":[{"taxonomy":"category","embeddable":true,"href":"https:\/\/swissbaker.ch\/fr\/wp-json\/wp\/v2\/categories?post=10138"},{"taxonomy":"post_tag","embeddable":true,"href":"https:\/\/swissbaker.ch\/fr\/wp-json\/wp\/v2\/tags?post=10138"}],"curies":[{"name":"wp","href":"https:\/\/api.w.org\/{rel}","templated":true}]}}