{"id":10132,"date":"2020-03-05T14:58:00","date_gmt":"2020-03-05T13:58:00","guid":{"rendered":"https:\/\/swissbaker.ch\/?p=10132"},"modified":"2022-05-17T14:59:40","modified_gmt":"2022-05-17T12:59:40","slug":"le-coronavirus-soffre-deux-salons-du-chocolat","status":"publish","type":"post","link":"https:\/\/swissbaker.ch\/fr\/panissimo-news\/le-coronavirus-soffre-deux-salons-du-chocolat\/","title":{"rendered":"Le coronavirus s\u2019offre deux salons du chocolat"},"content":{"rendered":"\n<p><strong>En raison de la pr\u00e9sence du coronavirus en Suisse et de la d\u00e9cision du Conseil f\u00e9d\u00e9ral d\u2019interdire les manifestations de plus de 1000 personnes, Choc Altitude \u00e0 Crans-Montana (VS) et Festichoc \u00e0 Versoix (GE) n\u2019ouvrent pas leur porte cette ann\u00e9e.<\/strong><\/p>\n\n\n\n<h2 class=\"wp-block-heading\" id=\"h-le-coronavirus-s-offre-deux-salons-du-chocolat\">Le coronavirus s\u2019offre deux salons du chocolat<\/h2>\n\n\n\n<p>La veille de l\u2019ouverture de la 6e \u00e9dition de Choc Altitude \u00e0 Crans-Montana (VS), la Conf\u00e9d\u00e9ration a annonc\u00e9 l\u2019interdiction des manifestations de plus de 1000 personnes, le vendredi 28\u202ff\u00e9vrier. Objectif de la Berne f\u00e9d\u00e9rale: endiguer la propagation du coronavirus dans le pays. Apr\u00e8s des discussions avec les autorit\u00e9s valaisannes, les organisateurs du salon ont annul\u00e9 l\u2019\u00e9dition 2020. \u00abMalheureusement, au vu des manifestations d\u00e9j\u00e0 agend\u00e9es au Centre de congr\u00e8s Le R\u00e9gent, nous n\u2019avions pas de date pour repousser le salon\u00bb, explique Romy G\u00e9rard. L\u2019adjointe du centre pr\u00e9cise que l\u2019\u00e9dition 2021 est d\u2019ores et d\u00e9j\u00e0 pr\u00e9vue les 6 et 7\u202fmars.<\/p>\n\n\n\n<h2 class=\"wp-block-heading\" id=\"h-manque-a-gagner\">Manque \u00e0 gagner<\/h2>\n\n\n\n<p>Les exposants seront \u00e9videmment tous rembours\u00e9s. Toutefois, le manque \u00e0 gagner du week-end s\u2019\u00e9l\u00e8verait \u00e0 plusieurs milliers de francs, \u00e0 en croire certains chocolatiers. \u00abLa marchandise n\u2019est pas perdue. Nous la vendrons en magasin. L\u2019\u00e9coulement du stock prendra nettement plus de temps\u00bb, pr\u00e9cise le Genevois Jo\u00ebl M\u00e9rigonde. La situation impactera directement la branche, car les achats qui s\u2019y font sont surtout des acquisitions plaisir, selon le confiseur.<\/p>\n\n\n\n<h2 class=\"wp-block-heading\" id=\"h-difficile-decision\">\u00ab Difficile d\u00e9cision \u00bb<\/h2>\n\n\n\n<p>Quant \u00e0 l\u2019autre salon romand d\u00e9di\u00e9 au chocolat, Festichoc pr\u00e9vu les 28 et 29 mars \u00e0 Versoix (GE), ses organisateurs et les autorit\u00e9s communales ont \u00e9valu\u00e9 la situation. Ils ont finalement annonc\u00e9 son annulation, mercredi 4 mars. \u00ab Une difficile d\u00e9cision \u00bb ; selon les mots du responsable de l\u2019organisation Alex Goldenberg. La 16e \u00e9dition de Festichoc se d\u00e9roulera par cons\u00e9quent les 21 et 22 mars 2021. Quant au concours des pi\u00e8ces artistiques des apprentis cantonaux, le communiqu\u00e9 pr\u00e9cise qu\u2019il aura lieu, mais\u2026 virtuellement.<\/p>\n","protected":false},"excerpt":{"rendered":"<p>En raison de la pr\u00e9sence du coronavirus en Suisse et de la d\u00e9cision du Conseil f\u00e9d\u00e9ral d\u2019interdire les manifestations de plus de 1000 personnes, Choc Altitude \u00e0 Crans-Montana (VS) et Festichoc \u00e0 Versoix (GE) n\u2019ouvrent pas leur porte cette ann\u00e9e. Le coronavirus s\u2019offre deux salons du chocolat La veille de l\u2019ouverture de la 6e \u00e9dition de Choc Altitude \u00e0 Crans-Montana [&hellip;]<\/p>\n","protected":false},"author":1,"featured_media":10133,"comment_status":"open","ping_status":"closed","sticky":false,"template":"","format":"standard","meta":{"_acf_changed":false,"footnotes":""},"categories":[46],"tags":[],"class_list":["post-10132","post","type-post","status-publish","format-standard","has-post-thumbnail","hentry","category-evenement"],"acf":[],"yoast_head":"<!-- This site is optimized with the Yoast SEO Premium plugin v26.8 (Yoast SEO v26.8) - https:\/\/yoast.com\/product\/yoast-seo-premium-wordpress\/ -->\n<title>Le coronavirus s\u2019offre deux salons du chocolat | SBC<\/title>\n<meta name=\"robots\" content=\"index, follow, max-snippet:-1, max-image-preview:large, max-video-preview:-1\" \/>\n<link rel=\"canonical\" href=\"https:\/\/swissbaker.ch\/fr\/panissimo-news\/le-coronavirus-soffre-deux-salons-du-chocolat\/\" \/>\n<meta property=\"og:locale\" content=\"fr_FR\" \/>\n<meta property=\"og:type\" content=\"article\" \/>\n<meta property=\"og:title\" content=\"Le coronavirus s\u2019offre deux salons du chocolat\" \/>\n<meta property=\"og:description\" content=\"En raison de la pr\u00e9sence du coronavirus en Suisse et de la d\u00e9cision du Conseil f\u00e9d\u00e9ral d\u2019interdire les manifestations de plus de 1000 personnes, Choc Altitude \u00e0 Crans-Montana (VS) et Festichoc \u00e0 Versoix (GE) n\u2019ouvrent pas leur porte cette ann\u00e9e. Le coronavirus s\u2019offre deux salons du chocolat La veille de l\u2019ouverture de la 6e \u00e9dition de Choc Altitude \u00e0 Crans-Montana [&hellip;]\" \/>\n<meta property=\"og:url\" content=\"https:\/\/swissbaker.ch\/fr\/panissimo-news\/le-coronavirus-soffre-deux-salons-du-chocolat\/\" \/>\n<meta property=\"og:site_name\" content=\"SBC\" \/>\n<meta property=\"article:publisher\" content=\"https:\/\/www.facebook.com\/swissbaker.ch\" \/>\n<meta property=\"article:published_time\" content=\"2020-03-05T13:58:00+00:00\" \/>\n<meta property=\"article:modified_time\" content=\"2022-05-17T12:59:40+00:00\" \/>\n<meta property=\"og:image\" content=\"https:\/\/swissbaker.ch\/wp-content\/uploads\/2022\/05\/5_1_festichoc.jpeg\" \/>\n\t<meta property=\"og:image:width\" content=\"800\" \/>\n\t<meta property=\"og:image:height\" content=\"474\" \/>\n\t<meta property=\"og:image:type\" content=\"image\/jpeg\" \/>\n<meta name=\"author\" content=\"azureart\" \/>\n<meta name=\"twitter:card\" content=\"summary_large_image\" \/>\n<meta name=\"twitter:creator\" content=\"@ch_swissbaker\" \/>\n<meta name=\"twitter:site\" content=\"@ch_swissbaker\" \/>\n<meta name=\"twitter:label1\" content=\"Written by\" \/>\n\t<meta name=\"twitter:data1\" content=\"azureart\" \/>\n\t<meta name=\"twitter:label2\" content=\"Est. reading time\" \/>\n\t<meta name=\"twitter:data2\" content=\"2 minutes\" \/>\n<script type=\"application\/ld+json\" class=\"yoast-schema-graph\">{\"@context\":\"https:\/\/schema.org\",\"@graph\":[{\"@type\":\"Article\",\"@id\":\"https:\/\/swissbaker.ch\/fr\/panissimo-news\/le-coronavirus-soffre-deux-salons-du-chocolat\/#article\",\"isPartOf\":{\"@id\":\"https:\/\/swissbaker.ch\/fr\/panissimo-news\/le-coronavirus-soffre-deux-salons-du-chocolat\/\"},\"author\":{\"name\":\"azureart\",\"@id\":\"https:\/\/swissbaker.ch\/fr\/#\/schema\/person\/058ac47619f7da53df62aba60f939b78\"},\"headline\":\"Le coronavirus s\u2019offre deux salons du chocolat\",\"datePublished\":\"2020-03-05T13:58:00+00:00\",\"dateModified\":\"2022-05-17T12:59:40+00:00\",\"mainEntityOfPage\":{\"@id\":\"https:\/\/swissbaker.ch\/fr\/panissimo-news\/le-coronavirus-soffre-deux-salons-du-chocolat\/\"},\"wordCount\":337,\"commentCount\":0,\"publisher\":{\"@id\":\"https:\/\/swissbaker.ch\/fr\/#organization\"},\"image\":{\"@id\":\"https:\/\/swissbaker.ch\/fr\/panissimo-news\/le-coronavirus-soffre-deux-salons-du-chocolat\/#primaryimage\"},\"thumbnailUrl\":\"https:\/\/swissbaker.ch\/wp-content\/uploads\/2022\/05\/5_1_festichoc.jpeg\",\"articleSection\":[\"Ev\u00e9nement\"],\"inLanguage\":\"fr-FR\",\"potentialAction\":[{\"@type\":\"CommentAction\",\"name\":\"Comment\",\"target\":[\"https:\/\/swissbaker.ch\/fr\/panissimo-news\/le-coronavirus-soffre-deux-salons-du-chocolat\/#respond\"]}]},{\"@type\":\"WebPage\",\"@id\":\"https:\/\/swissbaker.ch\/fr\/panissimo-news\/le-coronavirus-soffre-deux-salons-du-chocolat\/\",\"url\":\"https:\/\/swissbaker.ch\/fr\/panissimo-news\/le-coronavirus-soffre-deux-salons-du-chocolat\/\",\"name\":\"Le coronavirus s\u2019offre deux salons du chocolat | SBC\",\"isPartOf\":{\"@id\":\"https:\/\/swissbaker.ch\/fr\/#website\"},\"primaryImageOfPage\":{\"@id\":\"https:\/\/swissbaker.ch\/fr\/panissimo-news\/le-coronavirus-soffre-deux-salons-du-chocolat\/#primaryimage\"},\"image\":{\"@id\":\"https:\/\/swissbaker.ch\/fr\/panissimo-news\/le-coronavirus-soffre-deux-salons-du-chocolat\/#primaryimage\"},\"thumbnailUrl\":\"https:\/\/swissbaker.ch\/wp-content\/uploads\/2022\/05\/5_1_festichoc.jpeg\",\"datePublished\":\"2020-03-05T13:58:00+00:00\",\"dateModified\":\"2022-05-17T12:59:40+00:00\",\"breadcrumb\":{\"@id\":\"https:\/\/swissbaker.ch\/fr\/panissimo-news\/le-coronavirus-soffre-deux-salons-du-chocolat\/#breadcrumb\"},\"inLanguage\":\"fr-FR\",\"potentialAction\":[{\"@type\":\"ReadAction\",\"target\":[\"https:\/\/swissbaker.ch\/fr\/panissimo-news\/le-coronavirus-soffre-deux-salons-du-chocolat\/\"]}]},{\"@type\":\"ImageObject\",\"inLanguage\":\"fr-FR\",\"@id\":\"https:\/\/swissbaker.ch\/fr\/panissimo-news\/le-coronavirus-soffre-deux-salons-du-chocolat\/#primaryimage\",\"url\":\"https:\/\/swissbaker.ch\/wp-content\/uploads\/2022\/05\/5_1_festichoc.jpeg\",\"contentUrl\":\"https:\/\/swissbaker.ch\/wp-content\/uploads\/2022\/05\/5_1_festichoc.jpeg\",\"width\":800,\"height\":474,\"caption\":\"Le coronavirus s\u2019offre deux salons du chocolat\"},{\"@type\":\"BreadcrumbList\",\"@id\":\"https:\/\/swissbaker.ch\/fr\/panissimo-news\/le-coronavirus-soffre-deux-salons-du-chocolat\/#breadcrumb\",\"itemListElement\":[{\"@type\":\"ListItem\",\"position\":1,\"name\":\"\",\"item\":\"https:\/\/swissbaker.ch\/fr\/\"},{\"@type\":\"ListItem\",\"position\":2,\"name\":\"Ev\u00e9nement\",\"item\":\"https:\/\/swissbaker.ch\/fr\/panissimo-news\/category\/evenement\/\"},{\"@type\":\"ListItem\",\"position\":3,\"name\":\"Le coronavirus s\u2019offre deux salons du chocolat\"}]},{\"@type\":\"WebSite\",\"@id\":\"https:\/\/swissbaker.ch\/fr\/#website\",\"url\":\"https:\/\/swissbaker.ch\/fr\/\",\"name\":\"SBC\",\"description\":\"\",\"publisher\":{\"@id\":\"https:\/\/swissbaker.ch\/fr\/#organization\"},\"potentialAction\":[{\"@type\":\"SearchAction\",\"target\":{\"@type\":\"EntryPoint\",\"urlTemplate\":\"https:\/\/swissbaker.ch\/fr\/?s={search_term_string}\"},\"query-input\":{\"@type\":\"PropertyValueSpecification\",\"valueRequired\":true,\"valueName\":\"search_term_string\"}}],\"inLanguage\":\"fr-FR\"},{\"@type\":\"Organization\",\"@id\":\"https:\/\/swissbaker.ch\/fr\/#organization\",\"name\":\"Schweizerischer B\u00e4cker-Confiseurmeister-Verband\",\"url\":\"https:\/\/swissbaker.ch\/fr\/\",\"logo\":{\"@type\":\"ImageObject\",\"inLanguage\":\"fr-FR\",\"@id\":\"https:\/\/swissbaker.ch\/fr\/#\/schema\/logo\/image\/\",\"url\":\"https:\/\/swissbaker.ch\/wp-content\/uploads\/2022\/04\/sbc-logo-yoast.jpg\",\"contentUrl\":\"https:\/\/swissbaker.ch\/wp-content\/uploads\/2022\/04\/sbc-logo-yoast.jpg\",\"width\":512,\"height\":512,\"caption\":\"Schweizerischer B\u00e4cker-Confiseurmeister-Verband\"},\"image\":{\"@id\":\"https:\/\/swissbaker.ch\/fr\/#\/schema\/logo\/image\/\"},\"sameAs\":[\"https:\/\/www.facebook.com\/swissbaker.ch\",\"https:\/\/x.com\/ch_swissbaker\"]},{\"@type\":\"Person\",\"@id\":\"https:\/\/swissbaker.ch\/fr\/#\/schema\/person\/058ac47619f7da53df62aba60f939b78\",\"name\":\"azureart\",\"image\":{\"@type\":\"ImageObject\",\"inLanguage\":\"fr-FR\",\"@id\":\"https:\/\/swissbaker.ch\/fr\/#\/schema\/person\/image\/\",\"url\":\"https:\/\/secure.gravatar.com\/avatar\/be04dd3098fd612c83067af4f7a295384c93cb6a9112f51beb9d2f477d25da61?s=96&d=mm&r=g\",\"contentUrl\":\"https:\/\/secure.gravatar.com\/avatar\/be04dd3098fd612c83067af4f7a295384c93cb6a9112f51beb9d2f477d25da61?s=96&d=mm&r=g\",\"caption\":\"azureart\"},\"sameAs\":[\"https:\/\/swissbaker.ch\"],\"url\":\"https:\/\/swissbaker.ch\/fr\/panissimo-news\/author\/pixel-ahoi\/\"}]}<\/script>\n<!-- \/ Yoast SEO Premium plugin. -->","yoast_head_json":{"title":"Le coronavirus s\u2019offre deux salons du chocolat | SBC","robots":{"index":"index","follow":"follow","max-snippet":"max-snippet:-1","max-image-preview":"max-image-preview:large","max-video-preview":"max-video-preview:-1"},"canonical":"https:\/\/swissbaker.ch\/fr\/panissimo-news\/le-coronavirus-soffre-deux-salons-du-chocolat\/","og_locale":"fr_FR","og_type":"article","og_title":"Le coronavirus s\u2019offre deux salons du chocolat","og_description":"En raison de la pr\u00e9sence du coronavirus en Suisse et de la d\u00e9cision du Conseil f\u00e9d\u00e9ral d\u2019interdire les manifestations de plus de 1000 personnes, Choc Altitude \u00e0 Crans-Montana (VS) et Festichoc \u00e0 Versoix (GE) n\u2019ouvrent pas leur porte cette ann\u00e9e. Le coronavirus s\u2019offre deux salons du chocolat La veille de l\u2019ouverture de la 6e \u00e9dition de Choc Altitude \u00e0 Crans-Montana [&hellip;]","og_url":"https:\/\/swissbaker.ch\/fr\/panissimo-news\/le-coronavirus-soffre-deux-salons-du-chocolat\/","og_site_name":"SBC","article_publisher":"https:\/\/www.facebook.com\/swissbaker.ch","article_published_time":"2020-03-05T13:58:00+00:00","article_modified_time":"2022-05-17T12:59:40+00:00","og_image":[{"width":800,"height":474,"url":"https:\/\/swissbaker.ch\/wp-content\/uploads\/2022\/05\/5_1_festichoc.jpeg","type":"image\/jpeg"}],"author":"azureart","twitter_card":"summary_large_image","twitter_creator":"@ch_swissbaker","twitter_site":"@ch_swissbaker","twitter_misc":{"Written by":"azureart","Est. reading time":"2 minutes"},"schema":{"@context":"https:\/\/schema.org","@graph":[{"@type":"Article","@id":"https:\/\/swissbaker.ch\/fr\/panissimo-news\/le-coronavirus-soffre-deux-salons-du-chocolat\/#article","isPartOf":{"@id":"https:\/\/swissbaker.ch\/fr\/panissimo-news\/le-coronavirus-soffre-deux-salons-du-chocolat\/"},"author":{"name":"azureart","@id":"https:\/\/swissbaker.ch\/fr\/#\/schema\/person\/058ac47619f7da53df62aba60f939b78"},"headline":"Le coronavirus s\u2019offre deux salons du chocolat","datePublished":"2020-03-05T13:58:00+00:00","dateModified":"2022-05-17T12:59:40+00:00","mainEntityOfPage":{"@id":"https:\/\/swissbaker.ch\/fr\/panissimo-news\/le-coronavirus-soffre-deux-salons-du-chocolat\/"},"wordCount":337,"commentCount":0,"publisher":{"@id":"https:\/\/swissbaker.ch\/fr\/#organization"},"image":{"@id":"https:\/\/swissbaker.ch\/fr\/panissimo-news\/le-coronavirus-soffre-deux-salons-du-chocolat\/#primaryimage"},"thumbnailUrl":"https:\/\/swissbaker.ch\/wp-content\/uploads\/2022\/05\/5_1_festichoc.jpeg","articleSection":["Ev\u00e9nement"],"inLanguage":"fr-FR","potentialAction":[{"@type":"CommentAction","name":"Comment","target":["https:\/\/swissbaker.ch\/fr\/panissimo-news\/le-coronavirus-soffre-deux-salons-du-chocolat\/#respond"]}]},{"@type":"WebPage","@id":"https:\/\/swissbaker.ch\/fr\/panissimo-news\/le-coronavirus-soffre-deux-salons-du-chocolat\/","url":"https:\/\/swissbaker.ch\/fr\/panissimo-news\/le-coronavirus-soffre-deux-salons-du-chocolat\/","name":"Le coronavirus s\u2019offre deux salons du chocolat | SBC","isPartOf":{"@id":"https:\/\/swissbaker.ch\/fr\/#website"},"primaryImageOfPage":{"@id":"https:\/\/swissbaker.ch\/fr\/panissimo-news\/le-coronavirus-soffre-deux-salons-du-chocolat\/#primaryimage"},"image":{"@id":"https:\/\/swissbaker.ch\/fr\/panissimo-news\/le-coronavirus-soffre-deux-salons-du-chocolat\/#primaryimage"},"thumbnailUrl":"https:\/\/swissbaker.ch\/wp-content\/uploads\/2022\/05\/5_1_festichoc.jpeg","datePublished":"2020-03-05T13:58:00+00:00","dateModified":"2022-05-17T12:59:40+00:00","breadcrumb":{"@id":"https:\/\/swissbaker.ch\/fr\/panissimo-news\/le-coronavirus-soffre-deux-salons-du-chocolat\/#breadcrumb"},"inLanguage":"fr-FR","potentialAction":[{"@type":"ReadAction","target":["https:\/\/swissbaker.ch\/fr\/panissimo-news\/le-coronavirus-soffre-deux-salons-du-chocolat\/"]}]},{"@type":"ImageObject","inLanguage":"fr-FR","@id":"https:\/\/swissbaker.ch\/fr\/panissimo-news\/le-coronavirus-soffre-deux-salons-du-chocolat\/#primaryimage","url":"https:\/\/swissbaker.ch\/wp-content\/uploads\/2022\/05\/5_1_festichoc.jpeg","contentUrl":"https:\/\/swissbaker.ch\/wp-content\/uploads\/2022\/05\/5_1_festichoc.jpeg","width":800,"height":474,"caption":"Le coronavirus s\u2019offre deux salons du chocolat"},{"@type":"BreadcrumbList","@id":"https:\/\/swissbaker.ch\/fr\/panissimo-news\/le-coronavirus-soffre-deux-salons-du-chocolat\/#breadcrumb","itemListElement":[{"@type":"ListItem","position":1,"name":"","item":"https:\/\/swissbaker.ch\/fr\/"},{"@type":"ListItem","position":2,"name":"Ev\u00e9nement","item":"https:\/\/swissbaker.ch\/fr\/panissimo-news\/category\/evenement\/"},{"@type":"ListItem","position":3,"name":"Le coronavirus s\u2019offre deux salons du chocolat"}]},{"@type":"WebSite","@id":"https:\/\/swissbaker.ch\/fr\/#website","url":"https:\/\/swissbaker.ch\/fr\/","name":"SBC","description":"","publisher":{"@id":"https:\/\/swissbaker.ch\/fr\/#organization"},"potentialAction":[{"@type":"SearchAction","target":{"@type":"EntryPoint","urlTemplate":"https:\/\/swissbaker.ch\/fr\/?s={search_term_string}"},"query-input":{"@type":"PropertyValueSpecification","valueRequired":true,"valueName":"search_term_string"}}],"inLanguage":"fr-FR"},{"@type":"Organization","@id":"https:\/\/swissbaker.ch\/fr\/#organization","name":"Schweizerischer B\u00e4cker-Confiseurmeister-Verband","url":"https:\/\/swissbaker.ch\/fr\/","logo":{"@type":"ImageObject","inLanguage":"fr-FR","@id":"https:\/\/swissbaker.ch\/fr\/#\/schema\/logo\/image\/","url":"https:\/\/swissbaker.ch\/wp-content\/uploads\/2022\/04\/sbc-logo-yoast.jpg","contentUrl":"https:\/\/swissbaker.ch\/wp-content\/uploads\/2022\/04\/sbc-logo-yoast.jpg","width":512,"height":512,"caption":"Schweizerischer B\u00e4cker-Confiseurmeister-Verband"},"image":{"@id":"https:\/\/swissbaker.ch\/fr\/#\/schema\/logo\/image\/"},"sameAs":["https:\/\/www.facebook.com\/swissbaker.ch","https:\/\/x.com\/ch_swissbaker"]},{"@type":"Person","@id":"https:\/\/swissbaker.ch\/fr\/#\/schema\/person\/058ac47619f7da53df62aba60f939b78","name":"azureart","image":{"@type":"ImageObject","inLanguage":"fr-FR","@id":"https:\/\/swissbaker.ch\/fr\/#\/schema\/person\/image\/","url":"https:\/\/secure.gravatar.com\/avatar\/be04dd3098fd612c83067af4f7a295384c93cb6a9112f51beb9d2f477d25da61?s=96&d=mm&r=g","contentUrl":"https:\/\/secure.gravatar.com\/avatar\/be04dd3098fd612c83067af4f7a295384c93cb6a9112f51beb9d2f477d25da61?s=96&d=mm&r=g","caption":"azureart"},"sameAs":["https:\/\/swissbaker.ch"],"url":"https:\/\/swissbaker.ch\/fr\/panissimo-news\/author\/pixel-ahoi\/"}]}},"_links":{"self":[{"href":"https:\/\/swissbaker.ch\/fr\/wp-json\/wp\/v2\/posts\/10132","targetHints":{"allow":["GET"]}}],"collection":[{"href":"https:\/\/swissbaker.ch\/fr\/wp-json\/wp\/v2\/posts"}],"about":[{"href":"https:\/\/swissbaker.ch\/fr\/wp-json\/wp\/v2\/types\/post"}],"author":[{"embeddable":true,"href":"https:\/\/swissbaker.ch\/fr\/wp-json\/wp\/v2\/users\/1"}],"replies":[{"embeddable":true,"href":"https:\/\/swissbaker.ch\/fr\/wp-json\/wp\/v2\/comments?post=10132"}],"version-history":[{"count":0,"href":"https:\/\/swissbaker.ch\/fr\/wp-json\/wp\/v2\/posts\/10132\/revisions"}],"wp:featuredmedia":[{"embeddable":true,"href":"https:\/\/swissbaker.ch\/fr\/wp-json\/wp\/v2\/media\/10133"}],"wp:attachment":[{"href":"https:\/\/swissbaker.ch\/fr\/wp-json\/wp\/v2\/media?parent=10132"}],"wp:term":[{"taxonomy":"category","embeddable":true,"href":"https:\/\/swissbaker.ch\/fr\/wp-json\/wp\/v2\/categories?post=10132"},{"taxonomy":"post_tag","embeddable":true,"href":"https:\/\/swissbaker.ch\/fr\/wp-json\/wp\/v2\/tags?post=10132"}],"curies":[{"name":"wp","href":"https:\/\/api.w.org\/{rel}","templated":true}]}}