{"id":10130,"date":"2020-03-09T10:36:00","date_gmt":"2020-03-09T09:36:00","guid":{"rendered":"https:\/\/swissbaker.ch\/?p=10130"},"modified":"2022-05-17T14:57:33","modified_gmt":"2022-05-17T12:57:33","slug":"comment-eviter-les-chutes","status":"publish","type":"post","link":"https:\/\/swissbaker.ch\/fr\/panissimo-news\/comment-eviter-les-chutes\/","title":{"rendered":"Comment \u00e9viter les chutes"},"content":{"rendered":"\n<p><strong>Lorsque la chute se produit, en cons\u00e9quence d\u2019un service d\u2019hiver insuffisant, se pose la question des responsabilit\u00e9s. L\u2019id\u00e9al reste toutefois de pr\u00e9venir ce type d\u2019accidents.<\/strong><\/p>\n\n\n\n<p>Le d\u00e9gagement des routes et des trottoirs publics rel\u00e8ve en g\u00e9n\u00e9ral de la responsabilit\u00e9 des services d\u2019exploitation des communes ou des cantons. Cependant, apr\u00e8s une nuit enneig\u00e9e, il n\u2019est pas possible d\u2019exiger que la voirie soit totalement d\u00e9neig\u00e9e au petit matin.<br>Dans ces conditions, il importe de faire preuve de bon sens. En cas d\u2019accident, il est peu probable que la responsabilit\u00e9 des pouvoirs publics soit engag\u00e9e. C\u2019est ce qu\u2019indique l\u2019assureur Suva dans sa derni\u00e8re newsletter, tout en conseillant notamment de se d\u00e9placer avec des chaussures appropri\u00e9es.<\/p>\n\n\n\n<h2 class=\"wp-block-heading\" id=\"h-responsabilite-en-cas-d-accidents-sur-des-terrains-prives\">Responsabilit\u00e9 en cas d\u2019accidents sur des terrains priv\u00e9s<\/h2>\n\n\n\n<p>Tout propri\u00e9taire est responsable de l\u2019entretien de sa propri\u00e9t\u00e9 priv\u00e9e, selon le droit des obligations. En cas de manquement \u00e0 cette obligation, il peut \u00eatre tenu pour responsable des dommages qui en<br>d\u00e9coulent. Cependant, sa responsabilit\u00e9 peut aussi \u00eatre relativis\u00e9e au m\u00eame titre que celle des autorit\u00e9s publiques, selon les circonstances.<br>Sa responsabilit\u00e9 pourra \u00eatre engag\u00e9e en cas de chute d\u2019un client devant l\u2019entr\u00e9e de son magasin pendant les heures d\u2019ouverture, ou du facteur \u00e0 midi devant sa porte, par exemple. Ce ne sera probablement<br>pas le cas si ces m\u00eames \u00e9v\u00e9nements se produisent \u00e0 6 heures du matin. Il reviendra au tribunal civil du lieu de l\u2019accident de trancher la question.<br>Avec une bonne pr\u00e9paration et un service d\u2019hiver correctement planifi\u00e9, les responsables de service de conciergerie sont \u00e0 m\u00eame de prot\u00e9ger leurs concitoyens contre des \u00e9v\u00e9nements douloureux. C\u2019est pourquoi<br>ils doivent pr\u00e9parer activement la p\u00e9riode hivernale.<\/p>\n\n\n\n<h2 class=\"wp-block-heading\" id=\"h-quelques-conseils\">Quelques conseils<\/h2>\n\n\n\n<ul class=\"wp-block-list\"><li>Consulter les pr\u00e9visions m\u00e9t\u00e9o, affecter une personne au d\u00e9blaiement de la neige.<\/li><li>D\u00e9neiger avant le passage des v\u00e9hicules et des pi\u00e9tons.<\/li><li>En cas de neige et de gel, s\u2019occuper en priorit\u00e9 des acc\u00e8s aux b\u00e2timents et des zones de livraison.<\/li><li>L\u2019usage de tapis d\u2019accueil et de panneaux d\u2019avertissements diminue les risques.<\/li><li>Signaler tout probl\u00e8me de s\u00e9curit\u00e9 au propri\u00e9taire du b\u00e2timent.<\/li><li>Placer les d\u00e9p\u00f4ts de neige de mani\u00e8re \u00e0 faciliter leur \u00e9coulement.<\/li><li>En cas de risque de formation de stalactites ou de chutes de neige depuis le toit, apposez un avertissement.<\/li><\/ul>\n","protected":false},"excerpt":{"rendered":"<p>Lorsque la chute se produit, en cons\u00e9quence d\u2019un service d\u2019hiver insuffisant, se pose la question des responsabilit\u00e9s. L\u2019id\u00e9al reste toutefois de pr\u00e9venir ce type d\u2019accidents. Le d\u00e9gagement des routes et des trottoirs publics rel\u00e8ve en g\u00e9n\u00e9ral de la responsabilit\u00e9 des services d\u2019exploitation des communes ou des cantons. Cependant, apr\u00e8s une nuit enneig\u00e9e, il n\u2019est pas possible d\u2019exiger que la voirie [&hellip;]<\/p>\n","protected":false},"author":1,"featured_media":5924,"comment_status":"open","ping_status":"closed","sticky":false,"template":"","format":"standard","meta":{"_acf_changed":false,"footnotes":""},"categories":[54],"tags":[],"class_list":["post-10130","post","type-post","status-publish","format-standard","has-post-thumbnail","hentry","category-conseils"],"acf":[],"yoast_head":"<!-- This site is optimized with the Yoast SEO Premium plugin v26.8 (Yoast SEO v26.8) - https:\/\/yoast.com\/product\/yoast-seo-premium-wordpress\/ -->\n<title>Comment \u00e9viter les chutes | SBC<\/title>\n<meta name=\"robots\" content=\"index, follow, max-snippet:-1, max-image-preview:large, max-video-preview:-1\" \/>\n<link rel=\"canonical\" href=\"https:\/\/swissbaker.ch\/fr\/panissimo-news\/comment-eviter-les-chutes\/\" \/>\n<meta property=\"og:locale\" content=\"fr_FR\" \/>\n<meta property=\"og:type\" content=\"article\" \/>\n<meta property=\"og:title\" content=\"Comment \u00e9viter les chutes\" \/>\n<meta property=\"og:description\" content=\"Lorsque la chute se produit, en cons\u00e9quence d\u2019un service d\u2019hiver insuffisant, se pose la question des responsabilit\u00e9s. L\u2019id\u00e9al reste toutefois de pr\u00e9venir ce type d\u2019accidents. Le d\u00e9gagement des routes et des trottoirs publics rel\u00e8ve en g\u00e9n\u00e9ral de la responsabilit\u00e9 des services d\u2019exploitation des communes ou des cantons. Cependant, apr\u00e8s une nuit enneig\u00e9e, il n\u2019est pas possible d\u2019exiger que la voirie [&hellip;]\" \/>\n<meta property=\"og:url\" content=\"https:\/\/swissbaker.ch\/fr\/panissimo-news\/comment-eviter-les-chutes\/\" \/>\n<meta property=\"og:site_name\" content=\"SBC\" \/>\n<meta property=\"article:publisher\" content=\"https:\/\/www.facebook.com\/swissbaker.ch\" \/>\n<meta property=\"article:published_time\" content=\"2020-03-09T09:36:00+00:00\" \/>\n<meta property=\"article:modified_time\" content=\"2022-05-17T12:57:33+00:00\" \/>\n<meta property=\"og:image\" content=\"https:\/\/swissbaker.ch\/wp-content\/uploads\/2022\/03\/Stuerze-vermeiden.jpeg\" \/>\n\t<meta property=\"og:image:width\" content=\"800\" \/>\n\t<meta property=\"og:image:height\" content=\"474\" \/>\n\t<meta property=\"og:image:type\" content=\"image\/jpeg\" \/>\n<meta name=\"author\" content=\"azureart\" \/>\n<meta name=\"twitter:card\" content=\"summary_large_image\" \/>\n<meta name=\"twitter:creator\" content=\"@ch_swissbaker\" \/>\n<meta name=\"twitter:site\" content=\"@ch_swissbaker\" \/>\n<meta name=\"twitter:label1\" content=\"Written by\" \/>\n\t<meta name=\"twitter:data1\" content=\"azureart\" \/>\n\t<meta name=\"twitter:label2\" content=\"Est. reading time\" \/>\n\t<meta name=\"twitter:data2\" content=\"3 minutes\" \/>\n<script type=\"application\/ld+json\" class=\"yoast-schema-graph\">{\"@context\":\"https:\/\/schema.org\",\"@graph\":[{\"@type\":\"Article\",\"@id\":\"https:\/\/swissbaker.ch\/fr\/panissimo-news\/comment-eviter-les-chutes\/#article\",\"isPartOf\":{\"@id\":\"https:\/\/swissbaker.ch\/fr\/panissimo-news\/comment-eviter-les-chutes\/\"},\"author\":{\"name\":\"azureart\",\"@id\":\"https:\/\/swissbaker.ch\/fr\/#\/schema\/person\/058ac47619f7da53df62aba60f939b78\"},\"headline\":\"Comment \u00e9viter les chutes\",\"datePublished\":\"2020-03-09T09:36:00+00:00\",\"dateModified\":\"2022-05-17T12:57:33+00:00\",\"mainEntityOfPage\":{\"@id\":\"https:\/\/swissbaker.ch\/fr\/panissimo-news\/comment-eviter-les-chutes\/\"},\"wordCount\":428,\"commentCount\":0,\"publisher\":{\"@id\":\"https:\/\/swissbaker.ch\/fr\/#organization\"},\"image\":{\"@id\":\"https:\/\/swissbaker.ch\/fr\/panissimo-news\/comment-eviter-les-chutes\/#primaryimage\"},\"thumbnailUrl\":\"https:\/\/swissbaker.ch\/wp-content\/uploads\/2022\/03\/Stuerze-vermeiden.jpeg\",\"articleSection\":[\"Conseils\"],\"inLanguage\":\"fr-FR\",\"potentialAction\":[{\"@type\":\"CommentAction\",\"name\":\"Comment\",\"target\":[\"https:\/\/swissbaker.ch\/fr\/panissimo-news\/comment-eviter-les-chutes\/#respond\"]}]},{\"@type\":\"WebPage\",\"@id\":\"https:\/\/swissbaker.ch\/fr\/panissimo-news\/comment-eviter-les-chutes\/\",\"url\":\"https:\/\/swissbaker.ch\/fr\/panissimo-news\/comment-eviter-les-chutes\/\",\"name\":\"Comment \u00e9viter les chutes | SBC\",\"isPartOf\":{\"@id\":\"https:\/\/swissbaker.ch\/fr\/#website\"},\"primaryImageOfPage\":{\"@id\":\"https:\/\/swissbaker.ch\/fr\/panissimo-news\/comment-eviter-les-chutes\/#primaryimage\"},\"image\":{\"@id\":\"https:\/\/swissbaker.ch\/fr\/panissimo-news\/comment-eviter-les-chutes\/#primaryimage\"},\"thumbnailUrl\":\"https:\/\/swissbaker.ch\/wp-content\/uploads\/2022\/03\/Stuerze-vermeiden.jpeg\",\"datePublished\":\"2020-03-09T09:36:00+00:00\",\"dateModified\":\"2022-05-17T12:57:33+00:00\",\"breadcrumb\":{\"@id\":\"https:\/\/swissbaker.ch\/fr\/panissimo-news\/comment-eviter-les-chutes\/#breadcrumb\"},\"inLanguage\":\"fr-FR\",\"potentialAction\":[{\"@type\":\"ReadAction\",\"target\":[\"https:\/\/swissbaker.ch\/fr\/panissimo-news\/comment-eviter-les-chutes\/\"]}]},{\"@type\":\"ImageObject\",\"inLanguage\":\"fr-FR\",\"@id\":\"https:\/\/swissbaker.ch\/fr\/panissimo-news\/comment-eviter-les-chutes\/#primaryimage\",\"url\":\"https:\/\/swissbaker.ch\/wp-content\/uploads\/2022\/03\/Stuerze-vermeiden.jpeg\",\"contentUrl\":\"https:\/\/swissbaker.ch\/wp-content\/uploads\/2022\/03\/Stuerze-vermeiden.jpeg\",\"width\":800,\"height\":474,\"caption\":\"Comment \u00e9viter les chutes\"},{\"@type\":\"BreadcrumbList\",\"@id\":\"https:\/\/swissbaker.ch\/fr\/panissimo-news\/comment-eviter-les-chutes\/#breadcrumb\",\"itemListElement\":[{\"@type\":\"ListItem\",\"position\":1,\"name\":\"\",\"item\":\"https:\/\/swissbaker.ch\/fr\/\"},{\"@type\":\"ListItem\",\"position\":2,\"name\":\"Conseils\",\"item\":\"https:\/\/swissbaker.ch\/fr\/panissimo-news\/category\/conseils\/\"},{\"@type\":\"ListItem\",\"position\":3,\"name\":\"Comment \u00e9viter les chutes\"}]},{\"@type\":\"WebSite\",\"@id\":\"https:\/\/swissbaker.ch\/fr\/#website\",\"url\":\"https:\/\/swissbaker.ch\/fr\/\",\"name\":\"SBC\",\"description\":\"\",\"publisher\":{\"@id\":\"https:\/\/swissbaker.ch\/fr\/#organization\"},\"potentialAction\":[{\"@type\":\"SearchAction\",\"target\":{\"@type\":\"EntryPoint\",\"urlTemplate\":\"https:\/\/swissbaker.ch\/fr\/?s={search_term_string}\"},\"query-input\":{\"@type\":\"PropertyValueSpecification\",\"valueRequired\":true,\"valueName\":\"search_term_string\"}}],\"inLanguage\":\"fr-FR\"},{\"@type\":\"Organization\",\"@id\":\"https:\/\/swissbaker.ch\/fr\/#organization\",\"name\":\"Schweizerischer B\u00e4cker-Confiseurmeister-Verband\",\"url\":\"https:\/\/swissbaker.ch\/fr\/\",\"logo\":{\"@type\":\"ImageObject\",\"inLanguage\":\"fr-FR\",\"@id\":\"https:\/\/swissbaker.ch\/fr\/#\/schema\/logo\/image\/\",\"url\":\"https:\/\/swissbaker.ch\/wp-content\/uploads\/2022\/04\/sbc-logo-yoast.jpg\",\"contentUrl\":\"https:\/\/swissbaker.ch\/wp-content\/uploads\/2022\/04\/sbc-logo-yoast.jpg\",\"width\":512,\"height\":512,\"caption\":\"Schweizerischer B\u00e4cker-Confiseurmeister-Verband\"},\"image\":{\"@id\":\"https:\/\/swissbaker.ch\/fr\/#\/schema\/logo\/image\/\"},\"sameAs\":[\"https:\/\/www.facebook.com\/swissbaker.ch\",\"https:\/\/x.com\/ch_swissbaker\"]},{\"@type\":\"Person\",\"@id\":\"https:\/\/swissbaker.ch\/fr\/#\/schema\/person\/058ac47619f7da53df62aba60f939b78\",\"name\":\"azureart\",\"image\":{\"@type\":\"ImageObject\",\"inLanguage\":\"fr-FR\",\"@id\":\"https:\/\/swissbaker.ch\/fr\/#\/schema\/person\/image\/\",\"url\":\"https:\/\/secure.gravatar.com\/avatar\/be04dd3098fd612c83067af4f7a295384c93cb6a9112f51beb9d2f477d25da61?s=96&d=mm&r=g\",\"contentUrl\":\"https:\/\/secure.gravatar.com\/avatar\/be04dd3098fd612c83067af4f7a295384c93cb6a9112f51beb9d2f477d25da61?s=96&d=mm&r=g\",\"caption\":\"azureart\"},\"sameAs\":[\"https:\/\/swissbaker.ch\"],\"url\":\"https:\/\/swissbaker.ch\/fr\/panissimo-news\/author\/pixel-ahoi\/\"}]}<\/script>\n<!-- \/ Yoast SEO Premium plugin. -->","yoast_head_json":{"title":"Comment \u00e9viter les chutes | SBC","robots":{"index":"index","follow":"follow","max-snippet":"max-snippet:-1","max-image-preview":"max-image-preview:large","max-video-preview":"max-video-preview:-1"},"canonical":"https:\/\/swissbaker.ch\/fr\/panissimo-news\/comment-eviter-les-chutes\/","og_locale":"fr_FR","og_type":"article","og_title":"Comment \u00e9viter les chutes","og_description":"Lorsque la chute se produit, en cons\u00e9quence d\u2019un service d\u2019hiver insuffisant, se pose la question des responsabilit\u00e9s. L\u2019id\u00e9al reste toutefois de pr\u00e9venir ce type d\u2019accidents. Le d\u00e9gagement des routes et des trottoirs publics rel\u00e8ve en g\u00e9n\u00e9ral de la responsabilit\u00e9 des services d\u2019exploitation des communes ou des cantons. Cependant, apr\u00e8s une nuit enneig\u00e9e, il n\u2019est pas possible d\u2019exiger que la voirie [&hellip;]","og_url":"https:\/\/swissbaker.ch\/fr\/panissimo-news\/comment-eviter-les-chutes\/","og_site_name":"SBC","article_publisher":"https:\/\/www.facebook.com\/swissbaker.ch","article_published_time":"2020-03-09T09:36:00+00:00","article_modified_time":"2022-05-17T12:57:33+00:00","og_image":[{"width":800,"height":474,"url":"https:\/\/swissbaker.ch\/wp-content\/uploads\/2022\/03\/Stuerze-vermeiden.jpeg","type":"image\/jpeg"}],"author":"azureart","twitter_card":"summary_large_image","twitter_creator":"@ch_swissbaker","twitter_site":"@ch_swissbaker","twitter_misc":{"Written by":"azureart","Est. reading time":"3 minutes"},"schema":{"@context":"https:\/\/schema.org","@graph":[{"@type":"Article","@id":"https:\/\/swissbaker.ch\/fr\/panissimo-news\/comment-eviter-les-chutes\/#article","isPartOf":{"@id":"https:\/\/swissbaker.ch\/fr\/panissimo-news\/comment-eviter-les-chutes\/"},"author":{"name":"azureart","@id":"https:\/\/swissbaker.ch\/fr\/#\/schema\/person\/058ac47619f7da53df62aba60f939b78"},"headline":"Comment \u00e9viter les chutes","datePublished":"2020-03-09T09:36:00+00:00","dateModified":"2022-05-17T12:57:33+00:00","mainEntityOfPage":{"@id":"https:\/\/swissbaker.ch\/fr\/panissimo-news\/comment-eviter-les-chutes\/"},"wordCount":428,"commentCount":0,"publisher":{"@id":"https:\/\/swissbaker.ch\/fr\/#organization"},"image":{"@id":"https:\/\/swissbaker.ch\/fr\/panissimo-news\/comment-eviter-les-chutes\/#primaryimage"},"thumbnailUrl":"https:\/\/swissbaker.ch\/wp-content\/uploads\/2022\/03\/Stuerze-vermeiden.jpeg","articleSection":["Conseils"],"inLanguage":"fr-FR","potentialAction":[{"@type":"CommentAction","name":"Comment","target":["https:\/\/swissbaker.ch\/fr\/panissimo-news\/comment-eviter-les-chutes\/#respond"]}]},{"@type":"WebPage","@id":"https:\/\/swissbaker.ch\/fr\/panissimo-news\/comment-eviter-les-chutes\/","url":"https:\/\/swissbaker.ch\/fr\/panissimo-news\/comment-eviter-les-chutes\/","name":"Comment \u00e9viter les chutes | SBC","isPartOf":{"@id":"https:\/\/swissbaker.ch\/fr\/#website"},"primaryImageOfPage":{"@id":"https:\/\/swissbaker.ch\/fr\/panissimo-news\/comment-eviter-les-chutes\/#primaryimage"},"image":{"@id":"https:\/\/swissbaker.ch\/fr\/panissimo-news\/comment-eviter-les-chutes\/#primaryimage"},"thumbnailUrl":"https:\/\/swissbaker.ch\/wp-content\/uploads\/2022\/03\/Stuerze-vermeiden.jpeg","datePublished":"2020-03-09T09:36:00+00:00","dateModified":"2022-05-17T12:57:33+00:00","breadcrumb":{"@id":"https:\/\/swissbaker.ch\/fr\/panissimo-news\/comment-eviter-les-chutes\/#breadcrumb"},"inLanguage":"fr-FR","potentialAction":[{"@type":"ReadAction","target":["https:\/\/swissbaker.ch\/fr\/panissimo-news\/comment-eviter-les-chutes\/"]}]},{"@type":"ImageObject","inLanguage":"fr-FR","@id":"https:\/\/swissbaker.ch\/fr\/panissimo-news\/comment-eviter-les-chutes\/#primaryimage","url":"https:\/\/swissbaker.ch\/wp-content\/uploads\/2022\/03\/Stuerze-vermeiden.jpeg","contentUrl":"https:\/\/swissbaker.ch\/wp-content\/uploads\/2022\/03\/Stuerze-vermeiden.jpeg","width":800,"height":474,"caption":"Comment \u00e9viter les chutes"},{"@type":"BreadcrumbList","@id":"https:\/\/swissbaker.ch\/fr\/panissimo-news\/comment-eviter-les-chutes\/#breadcrumb","itemListElement":[{"@type":"ListItem","position":1,"name":"","item":"https:\/\/swissbaker.ch\/fr\/"},{"@type":"ListItem","position":2,"name":"Conseils","item":"https:\/\/swissbaker.ch\/fr\/panissimo-news\/category\/conseils\/"},{"@type":"ListItem","position":3,"name":"Comment \u00e9viter les chutes"}]},{"@type":"WebSite","@id":"https:\/\/swissbaker.ch\/fr\/#website","url":"https:\/\/swissbaker.ch\/fr\/","name":"SBC","description":"","publisher":{"@id":"https:\/\/swissbaker.ch\/fr\/#organization"},"potentialAction":[{"@type":"SearchAction","target":{"@type":"EntryPoint","urlTemplate":"https:\/\/swissbaker.ch\/fr\/?s={search_term_string}"},"query-input":{"@type":"PropertyValueSpecification","valueRequired":true,"valueName":"search_term_string"}}],"inLanguage":"fr-FR"},{"@type":"Organization","@id":"https:\/\/swissbaker.ch\/fr\/#organization","name":"Schweizerischer B\u00e4cker-Confiseurmeister-Verband","url":"https:\/\/swissbaker.ch\/fr\/","logo":{"@type":"ImageObject","inLanguage":"fr-FR","@id":"https:\/\/swissbaker.ch\/fr\/#\/schema\/logo\/image\/","url":"https:\/\/swissbaker.ch\/wp-content\/uploads\/2022\/04\/sbc-logo-yoast.jpg","contentUrl":"https:\/\/swissbaker.ch\/wp-content\/uploads\/2022\/04\/sbc-logo-yoast.jpg","width":512,"height":512,"caption":"Schweizerischer B\u00e4cker-Confiseurmeister-Verband"},"image":{"@id":"https:\/\/swissbaker.ch\/fr\/#\/schema\/logo\/image\/"},"sameAs":["https:\/\/www.facebook.com\/swissbaker.ch","https:\/\/x.com\/ch_swissbaker"]},{"@type":"Person","@id":"https:\/\/swissbaker.ch\/fr\/#\/schema\/person\/058ac47619f7da53df62aba60f939b78","name":"azureart","image":{"@type":"ImageObject","inLanguage":"fr-FR","@id":"https:\/\/swissbaker.ch\/fr\/#\/schema\/person\/image\/","url":"https:\/\/secure.gravatar.com\/avatar\/be04dd3098fd612c83067af4f7a295384c93cb6a9112f51beb9d2f477d25da61?s=96&d=mm&r=g","contentUrl":"https:\/\/secure.gravatar.com\/avatar\/be04dd3098fd612c83067af4f7a295384c93cb6a9112f51beb9d2f477d25da61?s=96&d=mm&r=g","caption":"azureart"},"sameAs":["https:\/\/swissbaker.ch"],"url":"https:\/\/swissbaker.ch\/fr\/panissimo-news\/author\/pixel-ahoi\/"}]}},"_links":{"self":[{"href":"https:\/\/swissbaker.ch\/fr\/wp-json\/wp\/v2\/posts\/10130","targetHints":{"allow":["GET"]}}],"collection":[{"href":"https:\/\/swissbaker.ch\/fr\/wp-json\/wp\/v2\/posts"}],"about":[{"href":"https:\/\/swissbaker.ch\/fr\/wp-json\/wp\/v2\/types\/post"}],"author":[{"embeddable":true,"href":"https:\/\/swissbaker.ch\/fr\/wp-json\/wp\/v2\/users\/1"}],"replies":[{"embeddable":true,"href":"https:\/\/swissbaker.ch\/fr\/wp-json\/wp\/v2\/comments?post=10130"}],"version-history":[{"count":0,"href":"https:\/\/swissbaker.ch\/fr\/wp-json\/wp\/v2\/posts\/10130\/revisions"}],"wp:featuredmedia":[{"embeddable":true,"href":"https:\/\/swissbaker.ch\/fr\/wp-json\/wp\/v2\/media\/5924"}],"wp:attachment":[{"href":"https:\/\/swissbaker.ch\/fr\/wp-json\/wp\/v2\/media?parent=10130"}],"wp:term":[{"taxonomy":"category","embeddable":true,"href":"https:\/\/swissbaker.ch\/fr\/wp-json\/wp\/v2\/categories?post=10130"},{"taxonomy":"post_tag","embeddable":true,"href":"https:\/\/swissbaker.ch\/fr\/wp-json\/wp\/v2\/tags?post=10130"}],"curies":[{"name":"wp","href":"https:\/\/api.w.org\/{rel}","templated":true}]}}