{"id":10122,"date":"2020-03-11T10:02:00","date_gmt":"2020-03-11T09:02:00","guid":{"rendered":"https:\/\/swissbaker.ch\/?p=10122"},"modified":"2022-05-17T14:48:23","modified_gmt":"2022-05-17T12:48:23","slug":"un-cadeau-inespere-a-la-boulangerie-artisanale","status":"publish","type":"post","link":"https:\/\/swissbaker.ch\/fr\/panissimo-news\/un-cadeau-inespere-a-la-boulangerie-artisanale\/","title":{"rendered":"Un cadeau inesp\u00e9r\u00e9 \u00e0 la boulangerie artisanale"},"content":{"rendered":"\n<p><strong>Avec en toile de fond l\u2019allocution de la pr\u00e9sidente de la Conf\u00e9d\u00e9ration, l\u2019ancien Grand Ma\u00eetre de l\u2019Ordre des chevaliers du bon pain, Rodolphe Simon insiste sur le r\u00f4le essentiel de la communication au sein de la branche et de ses associations.<\/strong><\/p>\n\n\n\n<p>La communication est un facteur essentiel, dans la conduite d\u2019une entreprise, industrielle ou artisanale. Les d\u00e9fis relevant des avantages d\u2019un produit, de son image aupr\u00e8s du public-consommateur d\u00e9pendent des nouveaux outils technologiques et informatiques. Les rapports de force ont chang\u00e9. Le pain n\u2019\u00e9chappe pas \u00e0 ces nouvelles r\u00e8gles\u2009! Analys\u00e9 en produit marketing, le pain est cit\u00e9 souvent en t\u00eate de classement par les instituts ou institutions sp\u00e9cialis\u00e9s en d\u00e9veloppement marketing.<br>Le consommateur d\u2019aujourd\u2019hui est par d\u00e9finition\u2009:<\/p>\n\n\n\n<ul class=\"wp-block-list\"><li>stress\u00e9 par une vie tr\u00e9pidante<\/li><li>anxieux par ses conditions de travail, bonnes ou mauvaises<\/li><li>d\u00e9contenanc\u00e9 par l\u2019offre pl\u00e9thorique de nouveaux produits dans son univers quotidien<\/li><\/ul>\n\n\n\n<p><br>Les slogans modernes li\u00e9s \u00e0 l\u2019environnement ou \u00e0 l\u2019\u00e9cologie l\u2019interpellent certainement, sans qu\u2019il soit convaincu qu\u2019il peut ou doit modifier son comportement alimentaire.<br>L\u2019artisan boulanger-p\u00e2tissier \u00e0 un r\u00f4le essentiel \u00e0 jouer au front de vente comme dans son laboratoire. Si le pain reste un produit universel aux valeurs nutritives confirm\u00e9es encore faut-il le faire savoir aux jeunes consommateurs.<br>L\u2019artisan boulanger intervient comme garant d\u2019une production locale, en symbiose avec l\u2019agriculteur qui produit des c\u00e9r\u00e9ales indig\u00e8nes, exempts de pesticides ou produits de synth\u00e8se.<\/p>\n\n\n\n<h2 class=\"wp-block-heading\" id=\"h-reload-un-concept-d-avenir\">Reload, un concept d\u2019avenir<\/h2>\n\n\n\n<p>Les responsables de l\u2019Association suisse des patrons boulangers-confiseurs sont sur le bon chemin, en ayant mis en place Reload. Ce processus de r\u00e9organisation regroupe les \u00e9l\u00e9ments dynamiques de la corporation. Nos jeunes coll\u00e8gues ont \u00e0 leur disposition un outil moderne.<\/p>\n\n\n\n<p>On parle beaucoup de lobbying sans savoir exactement ce que cet anglicisme recouvre. En r\u00e9alit\u00e9, nos \u00e9lus politiques sont quotidiennement harcel\u00e9s par les repr\u00e9sentants des diff\u00e9rents secteurs d\u2019activit\u00e9 li\u00e9s aux assurances, aux produits de sant\u00e9, comme aussi aux partenaires de l\u2019agriculture et de l\u2019alimentation\u2009!<br>Les d\u00e9cisions prises par les \u00e9diles de gauche comme de droite, sont teint\u00e9es et avalis\u00e9es en tenant compte des pressions des lobbyistes les plus influents. C\u2019est la r\u00e8gle. Il faut l\u2019accepter, tout en essayant de participer directement ou indirectement \u00e0 ces \u00ab\u2009travaux d\u2019antichambre\u2009\u00bb utiles et n\u00e9cessaires.<br>Dans un pays comme la Suisse, modeste par ses dimensions g\u00e9ographiques, aux r\u00e8gles politiques cantonales et f\u00e9d\u00e9rales r\u00e9gl\u00e9es comme une bo\u00eete \u00e0 musique, les relations entre les pouvoirs \u00e9conomiques et politiques sont simplifi\u00e9es par une proximit\u00e9 r\u00e9elle entre les partenaires. Tout le monde se conna\u00eet\u2026 plus ou moins. La communication devient plus ais\u00e9e. Elle s\u2019inscrit comme une r\u00e8gle \u00e9vidente d\u2019affirmer sa pr\u00e9sence sur le devant de la sc\u00e8ne politique et \u00e9conomique.<\/p>\n\n\n\n<h2 class=\"wp-block-heading\" id=\"h-audacieuse-demarche\">Audacieuse d\u00e9marche<\/h2>\n\n\n\n<p>La Pr\u00e9sidente de la Conf\u00e9d\u00e9ration Simonetta Summaruga a eu l\u2019heureuse initiative de pr\u00e9senter ses v\u0153ux 2020 dans une boulangerie artisanale.<br>D\u00e9marche audacieuse, mais g\u00e9n\u00e9ratrice d\u2019incidences commerciales \u00e9videntes au front de vente, et par r\u00e9percussion dans toute la branche artisanale de la boulangerie.<br>Le soussign\u00e9 a pris l\u2019initiative de f\u00e9liciter personnellement la pr\u00e9sidente. Et j\u2019offre volontiers \u00e0 la lecture de mes coll\u00e8gues boulangers du pays la r\u00e9ponse chaleureuse de la pr\u00e9sidente amoureuse de sa boulangerie de quartier. C\u2019est la meilleure communication en direct offerte \u00e0 la boulangerie.<\/p>\n\n\n\n<h2 class=\"wp-block-heading\" id=\"h-rodolph-simon\">Rodolph Simon<\/h2>\n\n\n\n<p>Ancien pr\u00e9sident romand, membre du comit\u00e9 directeur de l\u2019ASPBP et Grand Ma\u00eetre de l\u2019Ordre des chevaliers du bon pain, Rodolphe Simon est un retrait\u00e9 actif. Il se passionne chaque jour pour la vie de la boulangerie. R\u00e9cemment, il a publi\u00e9 \u00ab\u2009l\u2019Odeur du pain\u2009\u00bb.<\/p>\n\n\n\n<p><a href=\"https:\/\/www.swissbaker.ch\/de\/panissimo-news\/swissbaker-blog\/\">swissbaker-blog<\/a><br>Les swissbaker-blogs refl\u00e8tent l\u2019opinion de leur auteur. \u00ab panissimo \u00bb d\u00e9cline toute responsabilit\u00e9 quant \u00e0 l\u2019exactitude et l\u2019exhaustivit\u00e9 de leur contenu<\/p>\n","protected":false},"excerpt":{"rendered":"<p>Avec en toile de fond l\u2019allocution de la pr\u00e9sidente de la Conf\u00e9d\u00e9ration, l\u2019ancien Grand Ma\u00eetre de l\u2019Ordre des chevaliers du bon pain, Rodolphe Simon insiste sur le r\u00f4le essentiel de la communication au sein de la branche et de ses associations. La communication est un facteur essentiel, dans la conduite d\u2019une entreprise, industrielle ou artisanale. Les d\u00e9fis relevant des avantages [&hellip;]<\/p>\n","protected":false},"author":1,"featured_media":5913,"comment_status":"open","ping_status":"closed","sticky":false,"template":"","format":"standard","meta":{"_acf_changed":false,"footnotes":""},"categories":[58],"tags":[],"class_list":["post-10122","post","type-post","status-publish","format-standard","has-post-thumbnail","hentry","category-swissbaker-blog-fr"],"acf":[],"yoast_head":"<!-- This site is optimized with the Yoast SEO Premium plugin v26.8 (Yoast SEO v26.8) - https:\/\/yoast.com\/product\/yoast-seo-premium-wordpress\/ -->\n<title>Un cadeau inesp\u00e9r\u00e9 \u00e0 la boulangerie artisanale | SBC<\/title>\n<meta name=\"robots\" content=\"index, follow, max-snippet:-1, max-image-preview:large, max-video-preview:-1\" \/>\n<link rel=\"canonical\" href=\"https:\/\/swissbaker.ch\/fr\/panissimo-news\/un-cadeau-inespere-a-la-boulangerie-artisanale\/\" \/>\n<meta property=\"og:locale\" content=\"fr_FR\" \/>\n<meta property=\"og:type\" content=\"article\" \/>\n<meta property=\"og:title\" content=\"Un cadeau inesp\u00e9r\u00e9 \u00e0 la boulangerie artisanale\" \/>\n<meta property=\"og:description\" content=\"Avec en toile de fond l\u2019allocution de la pr\u00e9sidente de la Conf\u00e9d\u00e9ration, l\u2019ancien Grand Ma\u00eetre de l\u2019Ordre des chevaliers du bon pain, Rodolphe Simon insiste sur le r\u00f4le essentiel de la communication au sein de la branche et de ses associations. La communication est un facteur essentiel, dans la conduite d\u2019une entreprise, industrielle ou artisanale. Les d\u00e9fis relevant des avantages [&hellip;]\" \/>\n<meta property=\"og:url\" content=\"https:\/\/swissbaker.ch\/fr\/panissimo-news\/un-cadeau-inespere-a-la-boulangerie-artisanale\/\" \/>\n<meta property=\"og:site_name\" content=\"SBC\" \/>\n<meta property=\"article:publisher\" content=\"https:\/\/www.facebook.com\/swissbaker.ch\" \/>\n<meta property=\"article:published_time\" content=\"2020-03-11T09:02:00+00:00\" \/>\n<meta property=\"article:modified_time\" content=\"2022-05-17T12:48:23+00:00\" \/>\n<meta property=\"og:image\" content=\"https:\/\/swissbaker.ch\/wp-content\/uploads\/2022\/03\/5_2_blog_rudolphe_simon.jpeg\" \/>\n\t<meta property=\"og:image:width\" content=\"800\" \/>\n\t<meta property=\"og:image:height\" content=\"474\" \/>\n\t<meta property=\"og:image:type\" content=\"image\/jpeg\" \/>\n<meta name=\"author\" content=\"azureart\" \/>\n<meta name=\"twitter:card\" content=\"summary_large_image\" \/>\n<meta name=\"twitter:creator\" content=\"@ch_swissbaker\" \/>\n<meta name=\"twitter:site\" content=\"@ch_swissbaker\" \/>\n<meta name=\"twitter:label1\" content=\"Written by\" \/>\n\t<meta name=\"twitter:data1\" content=\"azureart\" \/>\n\t<meta name=\"twitter:label2\" content=\"Est. reading time\" \/>\n\t<meta name=\"twitter:data2\" content=\"4 minutes\" \/>\n<script type=\"application\/ld+json\" class=\"yoast-schema-graph\">{\"@context\":\"https:\/\/schema.org\",\"@graph\":[{\"@type\":\"Article\",\"@id\":\"https:\/\/swissbaker.ch\/fr\/panissimo-news\/un-cadeau-inespere-a-la-boulangerie-artisanale\/#article\",\"isPartOf\":{\"@id\":\"https:\/\/swissbaker.ch\/fr\/panissimo-news\/un-cadeau-inespere-a-la-boulangerie-artisanale\/\"},\"author\":{\"name\":\"azureart\",\"@id\":\"https:\/\/swissbaker.ch\/fr\/#\/schema\/person\/058ac47619f7da53df62aba60f939b78\"},\"headline\":\"Un cadeau inesp\u00e9r\u00e9 \u00e0 la boulangerie artisanale\",\"datePublished\":\"2020-03-11T09:02:00+00:00\",\"dateModified\":\"2022-05-17T12:48:23+00:00\",\"mainEntityOfPage\":{\"@id\":\"https:\/\/swissbaker.ch\/fr\/panissimo-news\/un-cadeau-inespere-a-la-boulangerie-artisanale\/\"},\"wordCount\":688,\"commentCount\":0,\"publisher\":{\"@id\":\"https:\/\/swissbaker.ch\/fr\/#organization\"},\"image\":{\"@id\":\"https:\/\/swissbaker.ch\/fr\/panissimo-news\/un-cadeau-inespere-a-la-boulangerie-artisanale\/#primaryimage\"},\"thumbnailUrl\":\"https:\/\/swissbaker.ch\/wp-content\/uploads\/2022\/03\/5_2_blog_rudolphe_simon.jpeg\",\"articleSection\":[\"swissbaker-blog\"],\"inLanguage\":\"fr-FR\",\"potentialAction\":[{\"@type\":\"CommentAction\",\"name\":\"Comment\",\"target\":[\"https:\/\/swissbaker.ch\/fr\/panissimo-news\/un-cadeau-inespere-a-la-boulangerie-artisanale\/#respond\"]}]},{\"@type\":\"WebPage\",\"@id\":\"https:\/\/swissbaker.ch\/fr\/panissimo-news\/un-cadeau-inespere-a-la-boulangerie-artisanale\/\",\"url\":\"https:\/\/swissbaker.ch\/fr\/panissimo-news\/un-cadeau-inespere-a-la-boulangerie-artisanale\/\",\"name\":\"Un cadeau inesp\u00e9r\u00e9 \u00e0 la boulangerie artisanale | SBC\",\"isPartOf\":{\"@id\":\"https:\/\/swissbaker.ch\/fr\/#website\"},\"primaryImageOfPage\":{\"@id\":\"https:\/\/swissbaker.ch\/fr\/panissimo-news\/un-cadeau-inespere-a-la-boulangerie-artisanale\/#primaryimage\"},\"image\":{\"@id\":\"https:\/\/swissbaker.ch\/fr\/panissimo-news\/un-cadeau-inespere-a-la-boulangerie-artisanale\/#primaryimage\"},\"thumbnailUrl\":\"https:\/\/swissbaker.ch\/wp-content\/uploads\/2022\/03\/5_2_blog_rudolphe_simon.jpeg\",\"datePublished\":\"2020-03-11T09:02:00+00:00\",\"dateModified\":\"2022-05-17T12:48:23+00:00\",\"breadcrumb\":{\"@id\":\"https:\/\/swissbaker.ch\/fr\/panissimo-news\/un-cadeau-inespere-a-la-boulangerie-artisanale\/#breadcrumb\"},\"inLanguage\":\"fr-FR\",\"potentialAction\":[{\"@type\":\"ReadAction\",\"target\":[\"https:\/\/swissbaker.ch\/fr\/panissimo-news\/un-cadeau-inespere-a-la-boulangerie-artisanale\/\"]}]},{\"@type\":\"ImageObject\",\"inLanguage\":\"fr-FR\",\"@id\":\"https:\/\/swissbaker.ch\/fr\/panissimo-news\/un-cadeau-inespere-a-la-boulangerie-artisanale\/#primaryimage\",\"url\":\"https:\/\/swissbaker.ch\/wp-content\/uploads\/2022\/03\/5_2_blog_rudolphe_simon.jpeg\",\"contentUrl\":\"https:\/\/swissbaker.ch\/wp-content\/uploads\/2022\/03\/5_2_blog_rudolphe_simon.jpeg\",\"width\":800,\"height\":474,\"caption\":\"Un cadeau inesp\u00e9r\u00e9 \u00e0 la boulangerie artisanale\"},{\"@type\":\"BreadcrumbList\",\"@id\":\"https:\/\/swissbaker.ch\/fr\/panissimo-news\/un-cadeau-inespere-a-la-boulangerie-artisanale\/#breadcrumb\",\"itemListElement\":[{\"@type\":\"ListItem\",\"position\":1,\"name\":\"\",\"item\":\"https:\/\/swissbaker.ch\/fr\/\"},{\"@type\":\"ListItem\",\"position\":2,\"name\":\"swissbaker-blog\",\"item\":\"https:\/\/swissbaker.ch\/fr\/panissimo-news\/category\/swissbaker-blog-fr\/\"},{\"@type\":\"ListItem\",\"position\":3,\"name\":\"Un cadeau inesp\u00e9r\u00e9 \u00e0 la boulangerie artisanale\"}]},{\"@type\":\"WebSite\",\"@id\":\"https:\/\/swissbaker.ch\/fr\/#website\",\"url\":\"https:\/\/swissbaker.ch\/fr\/\",\"name\":\"SBC\",\"description\":\"\",\"publisher\":{\"@id\":\"https:\/\/swissbaker.ch\/fr\/#organization\"},\"potentialAction\":[{\"@type\":\"SearchAction\",\"target\":{\"@type\":\"EntryPoint\",\"urlTemplate\":\"https:\/\/swissbaker.ch\/fr\/?s={search_term_string}\"},\"query-input\":{\"@type\":\"PropertyValueSpecification\",\"valueRequired\":true,\"valueName\":\"search_term_string\"}}],\"inLanguage\":\"fr-FR\"},{\"@type\":\"Organization\",\"@id\":\"https:\/\/swissbaker.ch\/fr\/#organization\",\"name\":\"Schweizerischer B\u00e4cker-Confiseurmeister-Verband\",\"url\":\"https:\/\/swissbaker.ch\/fr\/\",\"logo\":{\"@type\":\"ImageObject\",\"inLanguage\":\"fr-FR\",\"@id\":\"https:\/\/swissbaker.ch\/fr\/#\/schema\/logo\/image\/\",\"url\":\"https:\/\/swissbaker.ch\/wp-content\/uploads\/2022\/04\/sbc-logo-yoast.jpg\",\"contentUrl\":\"https:\/\/swissbaker.ch\/wp-content\/uploads\/2022\/04\/sbc-logo-yoast.jpg\",\"width\":512,\"height\":512,\"caption\":\"Schweizerischer B\u00e4cker-Confiseurmeister-Verband\"},\"image\":{\"@id\":\"https:\/\/swissbaker.ch\/fr\/#\/schema\/logo\/image\/\"},\"sameAs\":[\"https:\/\/www.facebook.com\/swissbaker.ch\",\"https:\/\/x.com\/ch_swissbaker\"]},{\"@type\":\"Person\",\"@id\":\"https:\/\/swissbaker.ch\/fr\/#\/schema\/person\/058ac47619f7da53df62aba60f939b78\",\"name\":\"azureart\",\"image\":{\"@type\":\"ImageObject\",\"inLanguage\":\"fr-FR\",\"@id\":\"https:\/\/swissbaker.ch\/fr\/#\/schema\/person\/image\/\",\"url\":\"https:\/\/secure.gravatar.com\/avatar\/be04dd3098fd612c83067af4f7a295384c93cb6a9112f51beb9d2f477d25da61?s=96&d=mm&r=g\",\"contentUrl\":\"https:\/\/secure.gravatar.com\/avatar\/be04dd3098fd612c83067af4f7a295384c93cb6a9112f51beb9d2f477d25da61?s=96&d=mm&r=g\",\"caption\":\"azureart\"},\"sameAs\":[\"https:\/\/swissbaker.ch\"],\"url\":\"https:\/\/swissbaker.ch\/fr\/panissimo-news\/author\/pixel-ahoi\/\"}]}<\/script>\n<!-- \/ Yoast SEO Premium plugin. -->","yoast_head_json":{"title":"Un cadeau inesp\u00e9r\u00e9 \u00e0 la boulangerie artisanale | SBC","robots":{"index":"index","follow":"follow","max-snippet":"max-snippet:-1","max-image-preview":"max-image-preview:large","max-video-preview":"max-video-preview:-1"},"canonical":"https:\/\/swissbaker.ch\/fr\/panissimo-news\/un-cadeau-inespere-a-la-boulangerie-artisanale\/","og_locale":"fr_FR","og_type":"article","og_title":"Un cadeau inesp\u00e9r\u00e9 \u00e0 la boulangerie artisanale","og_description":"Avec en toile de fond l\u2019allocution de la pr\u00e9sidente de la Conf\u00e9d\u00e9ration, l\u2019ancien Grand Ma\u00eetre de l\u2019Ordre des chevaliers du bon pain, Rodolphe Simon insiste sur le r\u00f4le essentiel de la communication au sein de la branche et de ses associations. La communication est un facteur essentiel, dans la conduite d\u2019une entreprise, industrielle ou artisanale. Les d\u00e9fis relevant des avantages [&hellip;]","og_url":"https:\/\/swissbaker.ch\/fr\/panissimo-news\/un-cadeau-inespere-a-la-boulangerie-artisanale\/","og_site_name":"SBC","article_publisher":"https:\/\/www.facebook.com\/swissbaker.ch","article_published_time":"2020-03-11T09:02:00+00:00","article_modified_time":"2022-05-17T12:48:23+00:00","og_image":[{"width":800,"height":474,"url":"https:\/\/swissbaker.ch\/wp-content\/uploads\/2022\/03\/5_2_blog_rudolphe_simon.jpeg","type":"image\/jpeg"}],"author":"azureart","twitter_card":"summary_large_image","twitter_creator":"@ch_swissbaker","twitter_site":"@ch_swissbaker","twitter_misc":{"Written by":"azureart","Est. reading time":"4 minutes"},"schema":{"@context":"https:\/\/schema.org","@graph":[{"@type":"Article","@id":"https:\/\/swissbaker.ch\/fr\/panissimo-news\/un-cadeau-inespere-a-la-boulangerie-artisanale\/#article","isPartOf":{"@id":"https:\/\/swissbaker.ch\/fr\/panissimo-news\/un-cadeau-inespere-a-la-boulangerie-artisanale\/"},"author":{"name":"azureart","@id":"https:\/\/swissbaker.ch\/fr\/#\/schema\/person\/058ac47619f7da53df62aba60f939b78"},"headline":"Un cadeau inesp\u00e9r\u00e9 \u00e0 la boulangerie artisanale","datePublished":"2020-03-11T09:02:00+00:00","dateModified":"2022-05-17T12:48:23+00:00","mainEntityOfPage":{"@id":"https:\/\/swissbaker.ch\/fr\/panissimo-news\/un-cadeau-inespere-a-la-boulangerie-artisanale\/"},"wordCount":688,"commentCount":0,"publisher":{"@id":"https:\/\/swissbaker.ch\/fr\/#organization"},"image":{"@id":"https:\/\/swissbaker.ch\/fr\/panissimo-news\/un-cadeau-inespere-a-la-boulangerie-artisanale\/#primaryimage"},"thumbnailUrl":"https:\/\/swissbaker.ch\/wp-content\/uploads\/2022\/03\/5_2_blog_rudolphe_simon.jpeg","articleSection":["swissbaker-blog"],"inLanguage":"fr-FR","potentialAction":[{"@type":"CommentAction","name":"Comment","target":["https:\/\/swissbaker.ch\/fr\/panissimo-news\/un-cadeau-inespere-a-la-boulangerie-artisanale\/#respond"]}]},{"@type":"WebPage","@id":"https:\/\/swissbaker.ch\/fr\/panissimo-news\/un-cadeau-inespere-a-la-boulangerie-artisanale\/","url":"https:\/\/swissbaker.ch\/fr\/panissimo-news\/un-cadeau-inespere-a-la-boulangerie-artisanale\/","name":"Un cadeau inesp\u00e9r\u00e9 \u00e0 la boulangerie artisanale | SBC","isPartOf":{"@id":"https:\/\/swissbaker.ch\/fr\/#website"},"primaryImageOfPage":{"@id":"https:\/\/swissbaker.ch\/fr\/panissimo-news\/un-cadeau-inespere-a-la-boulangerie-artisanale\/#primaryimage"},"image":{"@id":"https:\/\/swissbaker.ch\/fr\/panissimo-news\/un-cadeau-inespere-a-la-boulangerie-artisanale\/#primaryimage"},"thumbnailUrl":"https:\/\/swissbaker.ch\/wp-content\/uploads\/2022\/03\/5_2_blog_rudolphe_simon.jpeg","datePublished":"2020-03-11T09:02:00+00:00","dateModified":"2022-05-17T12:48:23+00:00","breadcrumb":{"@id":"https:\/\/swissbaker.ch\/fr\/panissimo-news\/un-cadeau-inespere-a-la-boulangerie-artisanale\/#breadcrumb"},"inLanguage":"fr-FR","potentialAction":[{"@type":"ReadAction","target":["https:\/\/swissbaker.ch\/fr\/panissimo-news\/un-cadeau-inespere-a-la-boulangerie-artisanale\/"]}]},{"@type":"ImageObject","inLanguage":"fr-FR","@id":"https:\/\/swissbaker.ch\/fr\/panissimo-news\/un-cadeau-inespere-a-la-boulangerie-artisanale\/#primaryimage","url":"https:\/\/swissbaker.ch\/wp-content\/uploads\/2022\/03\/5_2_blog_rudolphe_simon.jpeg","contentUrl":"https:\/\/swissbaker.ch\/wp-content\/uploads\/2022\/03\/5_2_blog_rudolphe_simon.jpeg","width":800,"height":474,"caption":"Un cadeau inesp\u00e9r\u00e9 \u00e0 la boulangerie artisanale"},{"@type":"BreadcrumbList","@id":"https:\/\/swissbaker.ch\/fr\/panissimo-news\/un-cadeau-inespere-a-la-boulangerie-artisanale\/#breadcrumb","itemListElement":[{"@type":"ListItem","position":1,"name":"","item":"https:\/\/swissbaker.ch\/fr\/"},{"@type":"ListItem","position":2,"name":"swissbaker-blog","item":"https:\/\/swissbaker.ch\/fr\/panissimo-news\/category\/swissbaker-blog-fr\/"},{"@type":"ListItem","position":3,"name":"Un cadeau inesp\u00e9r\u00e9 \u00e0 la boulangerie artisanale"}]},{"@type":"WebSite","@id":"https:\/\/swissbaker.ch\/fr\/#website","url":"https:\/\/swissbaker.ch\/fr\/","name":"SBC","description":"","publisher":{"@id":"https:\/\/swissbaker.ch\/fr\/#organization"},"potentialAction":[{"@type":"SearchAction","target":{"@type":"EntryPoint","urlTemplate":"https:\/\/swissbaker.ch\/fr\/?s={search_term_string}"},"query-input":{"@type":"PropertyValueSpecification","valueRequired":true,"valueName":"search_term_string"}}],"inLanguage":"fr-FR"},{"@type":"Organization","@id":"https:\/\/swissbaker.ch\/fr\/#organization","name":"Schweizerischer B\u00e4cker-Confiseurmeister-Verband","url":"https:\/\/swissbaker.ch\/fr\/","logo":{"@type":"ImageObject","inLanguage":"fr-FR","@id":"https:\/\/swissbaker.ch\/fr\/#\/schema\/logo\/image\/","url":"https:\/\/swissbaker.ch\/wp-content\/uploads\/2022\/04\/sbc-logo-yoast.jpg","contentUrl":"https:\/\/swissbaker.ch\/wp-content\/uploads\/2022\/04\/sbc-logo-yoast.jpg","width":512,"height":512,"caption":"Schweizerischer B\u00e4cker-Confiseurmeister-Verband"},"image":{"@id":"https:\/\/swissbaker.ch\/fr\/#\/schema\/logo\/image\/"},"sameAs":["https:\/\/www.facebook.com\/swissbaker.ch","https:\/\/x.com\/ch_swissbaker"]},{"@type":"Person","@id":"https:\/\/swissbaker.ch\/fr\/#\/schema\/person\/058ac47619f7da53df62aba60f939b78","name":"azureart","image":{"@type":"ImageObject","inLanguage":"fr-FR","@id":"https:\/\/swissbaker.ch\/fr\/#\/schema\/person\/image\/","url":"https:\/\/secure.gravatar.com\/avatar\/be04dd3098fd612c83067af4f7a295384c93cb6a9112f51beb9d2f477d25da61?s=96&d=mm&r=g","contentUrl":"https:\/\/secure.gravatar.com\/avatar\/be04dd3098fd612c83067af4f7a295384c93cb6a9112f51beb9d2f477d25da61?s=96&d=mm&r=g","caption":"azureart"},"sameAs":["https:\/\/swissbaker.ch"],"url":"https:\/\/swissbaker.ch\/fr\/panissimo-news\/author\/pixel-ahoi\/"}]}},"_links":{"self":[{"href":"https:\/\/swissbaker.ch\/fr\/wp-json\/wp\/v2\/posts\/10122","targetHints":{"allow":["GET"]}}],"collection":[{"href":"https:\/\/swissbaker.ch\/fr\/wp-json\/wp\/v2\/posts"}],"about":[{"href":"https:\/\/swissbaker.ch\/fr\/wp-json\/wp\/v2\/types\/post"}],"author":[{"embeddable":true,"href":"https:\/\/swissbaker.ch\/fr\/wp-json\/wp\/v2\/users\/1"}],"replies":[{"embeddable":true,"href":"https:\/\/swissbaker.ch\/fr\/wp-json\/wp\/v2\/comments?post=10122"}],"version-history":[{"count":0,"href":"https:\/\/swissbaker.ch\/fr\/wp-json\/wp\/v2\/posts\/10122\/revisions"}],"wp:featuredmedia":[{"embeddable":true,"href":"https:\/\/swissbaker.ch\/fr\/wp-json\/wp\/v2\/media\/5913"}],"wp:attachment":[{"href":"https:\/\/swissbaker.ch\/fr\/wp-json\/wp\/v2\/media?parent=10122"}],"wp:term":[{"taxonomy":"category","embeddable":true,"href":"https:\/\/swissbaker.ch\/fr\/wp-json\/wp\/v2\/categories?post=10122"},{"taxonomy":"post_tag","embeddable":true,"href":"https:\/\/swissbaker.ch\/fr\/wp-json\/wp\/v2\/tags?post=10122"}],"curies":[{"name":"wp","href":"https:\/\/api.w.org\/{rel}","templated":true}]}}