{"id":10108,"date":"2020-03-18T09:40:00","date_gmt":"2020-03-18T08:40:00","guid":{"rendered":"https:\/\/swissbaker.ch\/?p=10108"},"modified":"2022-05-17T14:30:35","modified_gmt":"2022-05-17T12:30:35","slug":"promotion-de-la-releve-avec-leau-minerale-sectorielle","status":"publish","type":"post","link":"https:\/\/swissbaker.ch\/fr\/panissimo-news\/promotion-de-la-releve-avec-leau-minerale-sectorielle\/","title":{"rendered":"Promotion de la rel\u00e8ve avec l\u2019eau min\u00e9rale sectorielle"},"content":{"rendered":"\n<p><strong>La nouvelle \u00e9tiquette de l\u2019eau min\u00e9rale de la branche originaire du c\u0153ur de la Suisse renforce l\u2019image de la marque. En outre, la valeur ajout\u00e9e en faveur de la promotion de la rel\u00e8ve est augment\u00e9e.<\/strong><\/p>\n\n\n\n<p>Plus de 400 points de vente proposent avec succ\u00e8s l\u2019eau min\u00e9rale de la branche dans leur assortiment. Ils agissent ainsi activement en faveur de la rel\u00e8ve. En collaboration avec Mineralquelle Bad Knutwill AG, l\u2019Association suisse des patrons boulangers-confiseurs (BCS) commercialise cette eau depuis seize ans.<\/p>\n\n\n\n<h2 class=\"wp-block-heading\" id=\"h-changement-d-appellation\">Changement d\u2019appellation<\/h2>\n\n\n\n<p>L\u2019ann\u00e9e derni\u00e8re, l\u2019eau min\u00e9rale Swissbaker est devenue l\u2019eau min\u00e9rale des boulangers-confiseurs, afin d\u2019inclure l\u2019ensemble des membres de la BCS. Produit de marque d\u2019une source r\u00e9gionale du centre de la Suisse s\u2019int\u00e8gre parfaitement dans l\u2019assortiment des boulangeries-confiseries artisanales.<br>Le go\u00fbt de cette eau min\u00e9rale est rafra\u00eechissant et agr\u00e9able. Sa min\u00e9ralisation est \u00e9quilibr\u00e9e.<\/p>\n\n\n\n<h2 class=\"wp-block-heading\" id=\"h-promouvoir-ensemble-la-releve\">Promouvoir ensemble la rel\u00e8ve<\/h2>\n\n\n\n<p>Le logo des boulangers et celui des confiseurs ainsi que la promotion de la rel\u00e8ve <a href=\"https:\/\/forme-ton-avenir.ch\/fr\/\">Forme ton avenir<\/a> b\u00e9n\u00e9ficient visuellement de davantage de poids qu\u2019auparavant. Les membres de l\u2019association qui vendent cette eau min\u00e9rale apportent une aide pr\u00e9cieuse envers la rel\u00e8ve. Une plus-value gratuite pour leur entreprise et pour l\u2019ensemble de la branche.<\/p>\n\n\n\n<h2 class=\"wp-block-heading\" id=\"h-des-conditions-attractives\">Des conditions attractives<\/h2>\n\n\n\n<p>Les membres de la BCS profitent de prix et d\u2019actions aupr\u00e8s de <a href=\"https:\/\/www.pistor.ch\/de\">Pistor AG<\/a>. En mars et en juin, ils b\u00e9n\u00e9ficieront d\u2019une remise de 10\u202f% \u00e0 l\u2019achat de l\u2019eau min\u00e9rale des boulangers-confiseurs.<\/p>\n","protected":false},"excerpt":{"rendered":"<p>La nouvelle \u00e9tiquette de l\u2019eau min\u00e9rale de la branche originaire du c\u0153ur de la Suisse renforce l\u2019image de la marque. En outre, la valeur ajout\u00e9e en faveur de la promotion de la rel\u00e8ve est augment\u00e9e. Plus de 400 points de vente proposent avec succ\u00e8s l\u2019eau min\u00e9rale de la branche dans leur assortiment. Ils agissent ainsi activement en faveur de la [&hellip;]<\/p>\n","protected":false},"author":1,"featured_media":5905,"comment_status":"open","ping_status":"closed","sticky":false,"template":"","format":"standard","meta":{"_acf_changed":false,"footnotes":""},"categories":[41,47,50],"tags":[],"class_list":["post-10108","post","type-post","status-publish","format-standard","has-post-thumbnail","hentry","category-association","category-formation-releve","category-vente-marketing"],"acf":[],"yoast_head":"<!-- This site is optimized with the Yoast SEO Premium plugin v26.8 (Yoast SEO v26.8) - https:\/\/yoast.com\/product\/yoast-seo-premium-wordpress\/ -->\n<title>Promotion de la rel\u00e8ve avec l\u2019eau min\u00e9rale sectorielle | SBC<\/title>\n<meta name=\"robots\" content=\"index, follow, max-snippet:-1, max-image-preview:large, max-video-preview:-1\" \/>\n<link rel=\"canonical\" href=\"https:\/\/swissbaker.ch\/fr\/panissimo-news\/promotion-de-la-releve-avec-leau-minerale-sectorielle\/\" \/>\n<meta property=\"og:locale\" content=\"fr_FR\" \/>\n<meta property=\"og:type\" content=\"article\" \/>\n<meta property=\"og:title\" content=\"Promotion de la rel\u00e8ve avec l\u2019eau min\u00e9rale sectorielle\" \/>\n<meta property=\"og:description\" content=\"La nouvelle \u00e9tiquette de l\u2019eau min\u00e9rale de la branche originaire du c\u0153ur de la Suisse renforce l\u2019image de la marque. En outre, la valeur ajout\u00e9e en faveur de la promotion de la rel\u00e8ve est augment\u00e9e. Plus de 400 points de vente proposent avec succ\u00e8s l\u2019eau min\u00e9rale de la branche dans leur assortiment. Ils agissent ainsi activement en faveur de la [&hellip;]\" \/>\n<meta property=\"og:url\" content=\"https:\/\/swissbaker.ch\/fr\/panissimo-news\/promotion-de-la-releve-avec-leau-minerale-sectorielle\/\" \/>\n<meta property=\"og:site_name\" content=\"SBC\" \/>\n<meta property=\"article:publisher\" content=\"https:\/\/www.facebook.com\/swissbaker.ch\" \/>\n<meta property=\"article:published_time\" content=\"2020-03-18T08:40:00+00:00\" \/>\n<meta property=\"article:modified_time\" content=\"2022-05-17T12:30:35+00:00\" \/>\n<meta property=\"og:image\" content=\"https:\/\/swissbaker.ch\/wp-content\/uploads\/2022\/03\/6_1_mineral.jpeg\" \/>\n\t<meta property=\"og:image:width\" content=\"800\" \/>\n\t<meta property=\"og:image:height\" content=\"474\" \/>\n\t<meta property=\"og:image:type\" content=\"image\/jpeg\" \/>\n<meta name=\"author\" content=\"azureart\" \/>\n<meta name=\"twitter:card\" content=\"summary_large_image\" \/>\n<meta name=\"twitter:creator\" content=\"@ch_swissbaker\" \/>\n<meta name=\"twitter:site\" content=\"@ch_swissbaker\" \/>\n<meta name=\"twitter:label1\" content=\"Written by\" \/>\n\t<meta name=\"twitter:data1\" content=\"azureart\" \/>\n\t<meta name=\"twitter:label2\" content=\"Est. reading time\" \/>\n\t<meta name=\"twitter:data2\" content=\"2 minutes\" \/>\n<script type=\"application\/ld+json\" class=\"yoast-schema-graph\">{\"@context\":\"https:\/\/schema.org\",\"@graph\":[{\"@type\":\"Article\",\"@id\":\"https:\/\/swissbaker.ch\/fr\/panissimo-news\/promotion-de-la-releve-avec-leau-minerale-sectorielle\/#article\",\"isPartOf\":{\"@id\":\"https:\/\/swissbaker.ch\/fr\/panissimo-news\/promotion-de-la-releve-avec-leau-minerale-sectorielle\/\"},\"author\":{\"name\":\"azureart\",\"@id\":\"https:\/\/swissbaker.ch\/fr\/#\/schema\/person\/058ac47619f7da53df62aba60f939b78\"},\"headline\":\"Promotion de la rel\u00e8ve avec l\u2019eau min\u00e9rale sectorielle\",\"datePublished\":\"2020-03-18T08:40:00+00:00\",\"dateModified\":\"2022-05-17T12:30:35+00:00\",\"mainEntityOfPage\":{\"@id\":\"https:\/\/swissbaker.ch\/fr\/panissimo-news\/promotion-de-la-releve-avec-leau-minerale-sectorielle\/\"},\"wordCount\":284,\"commentCount\":0,\"publisher\":{\"@id\":\"https:\/\/swissbaker.ch\/fr\/#organization\"},\"image\":{\"@id\":\"https:\/\/swissbaker.ch\/fr\/panissimo-news\/promotion-de-la-releve-avec-leau-minerale-sectorielle\/#primaryimage\"},\"thumbnailUrl\":\"https:\/\/swissbaker.ch\/wp-content\/uploads\/2022\/03\/6_1_mineral.jpeg\",\"articleSection\":[\"Association\",\"Formation\/Rel\u00e8ve\",\"Vente\/Marketing\"],\"inLanguage\":\"fr-FR\",\"potentialAction\":[{\"@type\":\"CommentAction\",\"name\":\"Comment\",\"target\":[\"https:\/\/swissbaker.ch\/fr\/panissimo-news\/promotion-de-la-releve-avec-leau-minerale-sectorielle\/#respond\"]}]},{\"@type\":\"WebPage\",\"@id\":\"https:\/\/swissbaker.ch\/fr\/panissimo-news\/promotion-de-la-releve-avec-leau-minerale-sectorielle\/\",\"url\":\"https:\/\/swissbaker.ch\/fr\/panissimo-news\/promotion-de-la-releve-avec-leau-minerale-sectorielle\/\",\"name\":\"Promotion de la rel\u00e8ve avec l\u2019eau min\u00e9rale sectorielle | SBC\",\"isPartOf\":{\"@id\":\"https:\/\/swissbaker.ch\/fr\/#website\"},\"primaryImageOfPage\":{\"@id\":\"https:\/\/swissbaker.ch\/fr\/panissimo-news\/promotion-de-la-releve-avec-leau-minerale-sectorielle\/#primaryimage\"},\"image\":{\"@id\":\"https:\/\/swissbaker.ch\/fr\/panissimo-news\/promotion-de-la-releve-avec-leau-minerale-sectorielle\/#primaryimage\"},\"thumbnailUrl\":\"https:\/\/swissbaker.ch\/wp-content\/uploads\/2022\/03\/6_1_mineral.jpeg\",\"datePublished\":\"2020-03-18T08:40:00+00:00\",\"dateModified\":\"2022-05-17T12:30:35+00:00\",\"breadcrumb\":{\"@id\":\"https:\/\/swissbaker.ch\/fr\/panissimo-news\/promotion-de-la-releve-avec-leau-minerale-sectorielle\/#breadcrumb\"},\"inLanguage\":\"fr-FR\",\"potentialAction\":[{\"@type\":\"ReadAction\",\"target\":[\"https:\/\/swissbaker.ch\/fr\/panissimo-news\/promotion-de-la-releve-avec-leau-minerale-sectorielle\/\"]}]},{\"@type\":\"ImageObject\",\"inLanguage\":\"fr-FR\",\"@id\":\"https:\/\/swissbaker.ch\/fr\/panissimo-news\/promotion-de-la-releve-avec-leau-minerale-sectorielle\/#primaryimage\",\"url\":\"https:\/\/swissbaker.ch\/wp-content\/uploads\/2022\/03\/6_1_mineral.jpeg\",\"contentUrl\":\"https:\/\/swissbaker.ch\/wp-content\/uploads\/2022\/03\/6_1_mineral.jpeg\",\"width\":800,\"height\":474,\"caption\":\"Promotion de la rel\u00e8ve avec l\u2019eau min\u00e9rale sectorielle\"},{\"@type\":\"BreadcrumbList\",\"@id\":\"https:\/\/swissbaker.ch\/fr\/panissimo-news\/promotion-de-la-releve-avec-leau-minerale-sectorielle\/#breadcrumb\",\"itemListElement\":[{\"@type\":\"ListItem\",\"position\":1,\"name\":\"\",\"item\":\"https:\/\/swissbaker.ch\/fr\/\"},{\"@type\":\"ListItem\",\"position\":2,\"name\":\"Association\",\"item\":\"https:\/\/swissbaker.ch\/fr\/panissimo-news\/category\/association\/\"},{\"@type\":\"ListItem\",\"position\":3,\"name\":\"Promotion de la rel\u00e8ve avec l\u2019eau min\u00e9rale sectorielle\"}]},{\"@type\":\"WebSite\",\"@id\":\"https:\/\/swissbaker.ch\/fr\/#website\",\"url\":\"https:\/\/swissbaker.ch\/fr\/\",\"name\":\"SBC\",\"description\":\"\",\"publisher\":{\"@id\":\"https:\/\/swissbaker.ch\/fr\/#organization\"},\"potentialAction\":[{\"@type\":\"SearchAction\",\"target\":{\"@type\":\"EntryPoint\",\"urlTemplate\":\"https:\/\/swissbaker.ch\/fr\/?s={search_term_string}\"},\"query-input\":{\"@type\":\"PropertyValueSpecification\",\"valueRequired\":true,\"valueName\":\"search_term_string\"}}],\"inLanguage\":\"fr-FR\"},{\"@type\":\"Organization\",\"@id\":\"https:\/\/swissbaker.ch\/fr\/#organization\",\"name\":\"Schweizerischer B\u00e4cker-Confiseurmeister-Verband\",\"url\":\"https:\/\/swissbaker.ch\/fr\/\",\"logo\":{\"@type\":\"ImageObject\",\"inLanguage\":\"fr-FR\",\"@id\":\"https:\/\/swissbaker.ch\/fr\/#\/schema\/logo\/image\/\",\"url\":\"https:\/\/swissbaker.ch\/wp-content\/uploads\/2022\/04\/sbc-logo-yoast.jpg\",\"contentUrl\":\"https:\/\/swissbaker.ch\/wp-content\/uploads\/2022\/04\/sbc-logo-yoast.jpg\",\"width\":512,\"height\":512,\"caption\":\"Schweizerischer B\u00e4cker-Confiseurmeister-Verband\"},\"image\":{\"@id\":\"https:\/\/swissbaker.ch\/fr\/#\/schema\/logo\/image\/\"},\"sameAs\":[\"https:\/\/www.facebook.com\/swissbaker.ch\",\"https:\/\/x.com\/ch_swissbaker\"]},{\"@type\":\"Person\",\"@id\":\"https:\/\/swissbaker.ch\/fr\/#\/schema\/person\/058ac47619f7da53df62aba60f939b78\",\"name\":\"azureart\",\"image\":{\"@type\":\"ImageObject\",\"inLanguage\":\"fr-FR\",\"@id\":\"https:\/\/swissbaker.ch\/fr\/#\/schema\/person\/image\/\",\"url\":\"https:\/\/secure.gravatar.com\/avatar\/be04dd3098fd612c83067af4f7a295384c93cb6a9112f51beb9d2f477d25da61?s=96&d=mm&r=g\",\"contentUrl\":\"https:\/\/secure.gravatar.com\/avatar\/be04dd3098fd612c83067af4f7a295384c93cb6a9112f51beb9d2f477d25da61?s=96&d=mm&r=g\",\"caption\":\"azureart\"},\"sameAs\":[\"https:\/\/swissbaker.ch\"],\"url\":\"https:\/\/swissbaker.ch\/fr\/panissimo-news\/author\/pixel-ahoi\/\"}]}<\/script>\n<!-- \/ Yoast SEO Premium plugin. -->","yoast_head_json":{"title":"Promotion de la rel\u00e8ve avec l\u2019eau min\u00e9rale sectorielle | SBC","robots":{"index":"index","follow":"follow","max-snippet":"max-snippet:-1","max-image-preview":"max-image-preview:large","max-video-preview":"max-video-preview:-1"},"canonical":"https:\/\/swissbaker.ch\/fr\/panissimo-news\/promotion-de-la-releve-avec-leau-minerale-sectorielle\/","og_locale":"fr_FR","og_type":"article","og_title":"Promotion de la rel\u00e8ve avec l\u2019eau min\u00e9rale sectorielle","og_description":"La nouvelle \u00e9tiquette de l\u2019eau min\u00e9rale de la branche originaire du c\u0153ur de la Suisse renforce l\u2019image de la marque. En outre, la valeur ajout\u00e9e en faveur de la promotion de la rel\u00e8ve est augment\u00e9e. Plus de 400 points de vente proposent avec succ\u00e8s l\u2019eau min\u00e9rale de la branche dans leur assortiment. Ils agissent ainsi activement en faveur de la [&hellip;]","og_url":"https:\/\/swissbaker.ch\/fr\/panissimo-news\/promotion-de-la-releve-avec-leau-minerale-sectorielle\/","og_site_name":"SBC","article_publisher":"https:\/\/www.facebook.com\/swissbaker.ch","article_published_time":"2020-03-18T08:40:00+00:00","article_modified_time":"2022-05-17T12:30:35+00:00","og_image":[{"width":800,"height":474,"url":"https:\/\/swissbaker.ch\/wp-content\/uploads\/2022\/03\/6_1_mineral.jpeg","type":"image\/jpeg"}],"author":"azureart","twitter_card":"summary_large_image","twitter_creator":"@ch_swissbaker","twitter_site":"@ch_swissbaker","twitter_misc":{"Written by":"azureart","Est. reading time":"2 minutes"},"schema":{"@context":"https:\/\/schema.org","@graph":[{"@type":"Article","@id":"https:\/\/swissbaker.ch\/fr\/panissimo-news\/promotion-de-la-releve-avec-leau-minerale-sectorielle\/#article","isPartOf":{"@id":"https:\/\/swissbaker.ch\/fr\/panissimo-news\/promotion-de-la-releve-avec-leau-minerale-sectorielle\/"},"author":{"name":"azureart","@id":"https:\/\/swissbaker.ch\/fr\/#\/schema\/person\/058ac47619f7da53df62aba60f939b78"},"headline":"Promotion de la rel\u00e8ve avec l\u2019eau min\u00e9rale sectorielle","datePublished":"2020-03-18T08:40:00+00:00","dateModified":"2022-05-17T12:30:35+00:00","mainEntityOfPage":{"@id":"https:\/\/swissbaker.ch\/fr\/panissimo-news\/promotion-de-la-releve-avec-leau-minerale-sectorielle\/"},"wordCount":284,"commentCount":0,"publisher":{"@id":"https:\/\/swissbaker.ch\/fr\/#organization"},"image":{"@id":"https:\/\/swissbaker.ch\/fr\/panissimo-news\/promotion-de-la-releve-avec-leau-minerale-sectorielle\/#primaryimage"},"thumbnailUrl":"https:\/\/swissbaker.ch\/wp-content\/uploads\/2022\/03\/6_1_mineral.jpeg","articleSection":["Association","Formation\/Rel\u00e8ve","Vente\/Marketing"],"inLanguage":"fr-FR","potentialAction":[{"@type":"CommentAction","name":"Comment","target":["https:\/\/swissbaker.ch\/fr\/panissimo-news\/promotion-de-la-releve-avec-leau-minerale-sectorielle\/#respond"]}]},{"@type":"WebPage","@id":"https:\/\/swissbaker.ch\/fr\/panissimo-news\/promotion-de-la-releve-avec-leau-minerale-sectorielle\/","url":"https:\/\/swissbaker.ch\/fr\/panissimo-news\/promotion-de-la-releve-avec-leau-minerale-sectorielle\/","name":"Promotion de la rel\u00e8ve avec l\u2019eau min\u00e9rale sectorielle | SBC","isPartOf":{"@id":"https:\/\/swissbaker.ch\/fr\/#website"},"primaryImageOfPage":{"@id":"https:\/\/swissbaker.ch\/fr\/panissimo-news\/promotion-de-la-releve-avec-leau-minerale-sectorielle\/#primaryimage"},"image":{"@id":"https:\/\/swissbaker.ch\/fr\/panissimo-news\/promotion-de-la-releve-avec-leau-minerale-sectorielle\/#primaryimage"},"thumbnailUrl":"https:\/\/swissbaker.ch\/wp-content\/uploads\/2022\/03\/6_1_mineral.jpeg","datePublished":"2020-03-18T08:40:00+00:00","dateModified":"2022-05-17T12:30:35+00:00","breadcrumb":{"@id":"https:\/\/swissbaker.ch\/fr\/panissimo-news\/promotion-de-la-releve-avec-leau-minerale-sectorielle\/#breadcrumb"},"inLanguage":"fr-FR","potentialAction":[{"@type":"ReadAction","target":["https:\/\/swissbaker.ch\/fr\/panissimo-news\/promotion-de-la-releve-avec-leau-minerale-sectorielle\/"]}]},{"@type":"ImageObject","inLanguage":"fr-FR","@id":"https:\/\/swissbaker.ch\/fr\/panissimo-news\/promotion-de-la-releve-avec-leau-minerale-sectorielle\/#primaryimage","url":"https:\/\/swissbaker.ch\/wp-content\/uploads\/2022\/03\/6_1_mineral.jpeg","contentUrl":"https:\/\/swissbaker.ch\/wp-content\/uploads\/2022\/03\/6_1_mineral.jpeg","width":800,"height":474,"caption":"Promotion de la rel\u00e8ve avec l\u2019eau min\u00e9rale sectorielle"},{"@type":"BreadcrumbList","@id":"https:\/\/swissbaker.ch\/fr\/panissimo-news\/promotion-de-la-releve-avec-leau-minerale-sectorielle\/#breadcrumb","itemListElement":[{"@type":"ListItem","position":1,"name":"","item":"https:\/\/swissbaker.ch\/fr\/"},{"@type":"ListItem","position":2,"name":"Association","item":"https:\/\/swissbaker.ch\/fr\/panissimo-news\/category\/association\/"},{"@type":"ListItem","position":3,"name":"Promotion de la rel\u00e8ve avec l\u2019eau min\u00e9rale sectorielle"}]},{"@type":"WebSite","@id":"https:\/\/swissbaker.ch\/fr\/#website","url":"https:\/\/swissbaker.ch\/fr\/","name":"SBC","description":"","publisher":{"@id":"https:\/\/swissbaker.ch\/fr\/#organization"},"potentialAction":[{"@type":"SearchAction","target":{"@type":"EntryPoint","urlTemplate":"https:\/\/swissbaker.ch\/fr\/?s={search_term_string}"},"query-input":{"@type":"PropertyValueSpecification","valueRequired":true,"valueName":"search_term_string"}}],"inLanguage":"fr-FR"},{"@type":"Organization","@id":"https:\/\/swissbaker.ch\/fr\/#organization","name":"Schweizerischer B\u00e4cker-Confiseurmeister-Verband","url":"https:\/\/swissbaker.ch\/fr\/","logo":{"@type":"ImageObject","inLanguage":"fr-FR","@id":"https:\/\/swissbaker.ch\/fr\/#\/schema\/logo\/image\/","url":"https:\/\/swissbaker.ch\/wp-content\/uploads\/2022\/04\/sbc-logo-yoast.jpg","contentUrl":"https:\/\/swissbaker.ch\/wp-content\/uploads\/2022\/04\/sbc-logo-yoast.jpg","width":512,"height":512,"caption":"Schweizerischer B\u00e4cker-Confiseurmeister-Verband"},"image":{"@id":"https:\/\/swissbaker.ch\/fr\/#\/schema\/logo\/image\/"},"sameAs":["https:\/\/www.facebook.com\/swissbaker.ch","https:\/\/x.com\/ch_swissbaker"]},{"@type":"Person","@id":"https:\/\/swissbaker.ch\/fr\/#\/schema\/person\/058ac47619f7da53df62aba60f939b78","name":"azureart","image":{"@type":"ImageObject","inLanguage":"fr-FR","@id":"https:\/\/swissbaker.ch\/fr\/#\/schema\/person\/image\/","url":"https:\/\/secure.gravatar.com\/avatar\/be04dd3098fd612c83067af4f7a295384c93cb6a9112f51beb9d2f477d25da61?s=96&d=mm&r=g","contentUrl":"https:\/\/secure.gravatar.com\/avatar\/be04dd3098fd612c83067af4f7a295384c93cb6a9112f51beb9d2f477d25da61?s=96&d=mm&r=g","caption":"azureart"},"sameAs":["https:\/\/swissbaker.ch"],"url":"https:\/\/swissbaker.ch\/fr\/panissimo-news\/author\/pixel-ahoi\/"}]}},"_links":{"self":[{"href":"https:\/\/swissbaker.ch\/fr\/wp-json\/wp\/v2\/posts\/10108","targetHints":{"allow":["GET"]}}],"collection":[{"href":"https:\/\/swissbaker.ch\/fr\/wp-json\/wp\/v2\/posts"}],"about":[{"href":"https:\/\/swissbaker.ch\/fr\/wp-json\/wp\/v2\/types\/post"}],"author":[{"embeddable":true,"href":"https:\/\/swissbaker.ch\/fr\/wp-json\/wp\/v2\/users\/1"}],"replies":[{"embeddable":true,"href":"https:\/\/swissbaker.ch\/fr\/wp-json\/wp\/v2\/comments?post=10108"}],"version-history":[{"count":0,"href":"https:\/\/swissbaker.ch\/fr\/wp-json\/wp\/v2\/posts\/10108\/revisions"}],"wp:featuredmedia":[{"embeddable":true,"href":"https:\/\/swissbaker.ch\/fr\/wp-json\/wp\/v2\/media\/5905"}],"wp:attachment":[{"href":"https:\/\/swissbaker.ch\/fr\/wp-json\/wp\/v2\/media?parent=10108"}],"wp:term":[{"taxonomy":"category","embeddable":true,"href":"https:\/\/swissbaker.ch\/fr\/wp-json\/wp\/v2\/categories?post=10108"},{"taxonomy":"post_tag","embeddable":true,"href":"https:\/\/swissbaker.ch\/fr\/wp-json\/wp\/v2\/tags?post=10108"}],"curies":[{"name":"wp","href":"https:\/\/api.w.org\/{rel}","templated":true}]}}