{"id":10085,"date":"2020-03-25T10:43:00","date_gmt":"2020-03-25T09:43:00","guid":{"rendered":"https:\/\/swissbaker.ch\/?p=10085"},"modified":"2022-05-17T10:46:01","modified_gmt":"2022-05-17T08:46:01","slug":"nous-sommes-la-pour-vous-3","status":"publish","type":"post","link":"https:\/\/swissbaker.ch\/fr\/panissimo-news\/nous-sommes-la-pour-vous-3\/","title":{"rendered":"\u00ab Nous sommes l\u00e0 pour vous ! \u00bb"},"content":{"rendered":"\n<p><strong>Chers coll\u00e8gues,<br>Depuis des semaines, le coronavirus nous tient en haleine. Les cons\u00e9quences de cette crise in\u00e9dite sont lourdes, et elles nous concernent directement. Cette menace met notre quotidien sens dessus dessous et suscite, outre nos pr\u00e9occupations de sant\u00e9, de fortes angoisses existentielles.<\/strong><\/p>\n\n\n\n<p>Il est d\u2019autant plus important de garder la t\u00eate froide. La BCS soutient la strat\u00e9gie et les mesures du Conseil f\u00e9d\u00e9ral et fait appel \u00e0 la solidarit\u00e9. Fid\u00e8le \u00e0 la devise \u00ab\u2009Un pour tous, tous pour un\u2009\u00bb inscrite sous la coupole du Palais f\u00e9d\u00e9ral.<br>Cette solidarit\u00e9 s\u2019exprime de mani\u00e8re tangible\u2009: les \u00e9carts entre les partis se resserrent. La lutte est men\u00e9e par toutes et par tous. Dans les villes, des groupes d\u2019entraide se forment, entre autres, pour aider les personnes \u00e2g\u00e9es \u00e0 faire leurs achats. Notre branche montre elle aussi son esprit de civisme. M\u00eame en cette p\u00e9riode de crise p\u00e9nible et encore jamais vue, nous pouvons nous r\u00e9jouir de certains aspects\u2026<br>L\u2019essentiel, en ce moment, c\u2019est de manifester le courage, l\u2019innovation et la confiance. De nombreux membres de notre association organisent des services de livraison \u00e0 domicile, s\u2019unissent \u00e0 d\u2019autres commerces alimentaires, cr\u00e9ent des produits sp\u00e9ciaux (voir page\u202f16), font d\u00e9couvrir leurs services et leur commerce sur les m\u00e9dias sociaux et dans leurs magasins. Nous sommes fiers de ces initiatives exemplaires qui m\u00e9ritent d\u2019\u00eatre imit\u00e9es\u2009!<br>Nous sommes en contact \u00e9troit avec d\u2019autres associations professionnelles ainsi que les autorit\u00e9s et les politiques afin d\u2019amortir les cons\u00e9quences \u00e9conomiques pour nos membres.<br>M.\u202fUrs Wellauer, directeur du SBC, son \u00e9quipe et les institutions du SBC \u2013 la caisse de compensation panvica, la fiduciaire BCS, l\u2019\u00e9cole professionnelle de Richemont et la coop\u00e9rative des boulangers Pistor SA \u2013 se feront un plaisir de vous conseiller.<br>Je vous souhaite, \u00e0 vous, \u00e0 vos proches et \u00e0 vos collaboratrices et collaborateurs, beaucoup de force, de courage et de confiance.<\/p>\n\n\n\n<p>Restez en bonne sant\u00e9\u2009!<br>Votre pr\u00e9sident, Silvan Hotz<\/p>\n","protected":false},"excerpt":{"rendered":"<p>Chers coll\u00e8gues,Depuis des semaines, le coronavirus nous tient en haleine. Les cons\u00e9quences de cette crise in\u00e9dite sont lourdes, et elles nous concernent directement. Cette menace met notre quotidien sens dessus dessous et suscite, outre nos pr\u00e9occupations de sant\u00e9, de fortes angoisses existentielles. Il est d\u2019autant plus important de garder la t\u00eate froide. La BCS soutient la strat\u00e9gie et les mesures [&hellip;]<\/p>\n","protected":false},"author":1,"featured_media":10083,"comment_status":"open","ping_status":"closed","sticky":false,"template":"","format":"standard","meta":{"_acf_changed":false,"footnotes":""},"categories":[41],"tags":[],"class_list":["post-10085","post","type-post","status-publish","format-standard","has-post-thumbnail","hentry","category-association"],"acf":[],"yoast_head":"<!-- This site is optimized with the Yoast SEO Premium plugin v26.8 (Yoast SEO v26.8) - https:\/\/yoast.com\/product\/yoast-seo-premium-wordpress\/ -->\n<title>\u00ab Nous sommes l\u00e0 pour vous ! \u00bb | SBC<\/title>\n<meta name=\"robots\" content=\"index, follow, max-snippet:-1, max-image-preview:large, max-video-preview:-1\" \/>\n<link rel=\"canonical\" href=\"https:\/\/swissbaker.ch\/fr\/panissimo-news\/nous-sommes-la-pour-vous-3\/\" \/>\n<meta property=\"og:locale\" content=\"fr_FR\" \/>\n<meta property=\"og:type\" content=\"article\" \/>\n<meta property=\"og:title\" content=\"\u00ab Nous sommes l\u00e0 pour vous ! \u00bb\" \/>\n<meta property=\"og:description\" content=\"Chers coll\u00e8gues,Depuis des semaines, le coronavirus nous tient en haleine. Les cons\u00e9quences de cette crise in\u00e9dite sont lourdes, et elles nous concernent directement. Cette menace met notre quotidien sens dessus dessous et suscite, outre nos pr\u00e9occupations de sant\u00e9, de fortes angoisses existentielles. Il est d\u2019autant plus important de garder la t\u00eate froide. La BCS soutient la strat\u00e9gie et les mesures [&hellip;]\" \/>\n<meta property=\"og:url\" content=\"https:\/\/swissbaker.ch\/fr\/panissimo-news\/nous-sommes-la-pour-vous-3\/\" \/>\n<meta property=\"og:site_name\" content=\"SBC\" \/>\n<meta property=\"article:publisher\" content=\"https:\/\/www.facebook.com\/swissbaker.ch\" \/>\n<meta property=\"article:published_time\" content=\"2020-03-25T09:43:00+00:00\" \/>\n<meta property=\"article:modified_time\" content=\"2022-05-17T08:46:01+00:00\" \/>\n<meta property=\"og:image\" content=\"https:\/\/swissbaker.ch\/wp-content\/uploads\/2022\/05\/silvan_andrea-hotz.jpeg\" \/>\n\t<meta property=\"og:image:width\" content=\"800\" \/>\n\t<meta property=\"og:image:height\" content=\"474\" \/>\n\t<meta property=\"og:image:type\" content=\"image\/jpeg\" \/>\n<meta name=\"author\" content=\"azureart\" \/>\n<meta name=\"twitter:card\" content=\"summary_large_image\" \/>\n<meta name=\"twitter:creator\" content=\"@ch_swissbaker\" \/>\n<meta name=\"twitter:site\" content=\"@ch_swissbaker\" \/>\n<meta name=\"twitter:label1\" content=\"Written by\" \/>\n\t<meta name=\"twitter:data1\" content=\"azureart\" \/>\n\t<meta name=\"twitter:label2\" content=\"Est. reading time\" \/>\n\t<meta name=\"twitter:data2\" content=\"2 minutes\" \/>\n<script type=\"application\/ld+json\" class=\"yoast-schema-graph\">{\"@context\":\"https:\/\/schema.org\",\"@graph\":[{\"@type\":\"Article\",\"@id\":\"https:\/\/swissbaker.ch\/fr\/panissimo-news\/nous-sommes-la-pour-vous-3\/#article\",\"isPartOf\":{\"@id\":\"https:\/\/swissbaker.ch\/fr\/panissimo-news\/nous-sommes-la-pour-vous-3\/\"},\"author\":{\"name\":\"azureart\",\"@id\":\"https:\/\/swissbaker.ch\/fr\/#\/schema\/person\/058ac47619f7da53df62aba60f939b78\"},\"headline\":\"\u00ab Nous sommes l\u00e0 pour vous ! \u00bb\",\"datePublished\":\"2020-03-25T09:43:00+00:00\",\"dateModified\":\"2022-05-17T08:46:01+00:00\",\"mainEntityOfPage\":{\"@id\":\"https:\/\/swissbaker.ch\/fr\/panissimo-news\/nous-sommes-la-pour-vous-3\/\"},\"wordCount\":348,\"commentCount\":0,\"publisher\":{\"@id\":\"https:\/\/swissbaker.ch\/fr\/#organization\"},\"image\":{\"@id\":\"https:\/\/swissbaker.ch\/fr\/panissimo-news\/nous-sommes-la-pour-vous-3\/#primaryimage\"},\"thumbnailUrl\":\"https:\/\/swissbaker.ch\/wp-content\/uploads\/2022\/05\/silvan_andrea-hotz.jpeg\",\"articleSection\":[\"Association\"],\"inLanguage\":\"fr-FR\",\"potentialAction\":[{\"@type\":\"CommentAction\",\"name\":\"Comment\",\"target\":[\"https:\/\/swissbaker.ch\/fr\/panissimo-news\/nous-sommes-la-pour-vous-3\/#respond\"]}]},{\"@type\":\"WebPage\",\"@id\":\"https:\/\/swissbaker.ch\/fr\/panissimo-news\/nous-sommes-la-pour-vous-3\/\",\"url\":\"https:\/\/swissbaker.ch\/fr\/panissimo-news\/nous-sommes-la-pour-vous-3\/\",\"name\":\"\u00ab Nous sommes l\u00e0 pour vous ! \u00bb | SBC\",\"isPartOf\":{\"@id\":\"https:\/\/swissbaker.ch\/fr\/#website\"},\"primaryImageOfPage\":{\"@id\":\"https:\/\/swissbaker.ch\/fr\/panissimo-news\/nous-sommes-la-pour-vous-3\/#primaryimage\"},\"image\":{\"@id\":\"https:\/\/swissbaker.ch\/fr\/panissimo-news\/nous-sommes-la-pour-vous-3\/#primaryimage\"},\"thumbnailUrl\":\"https:\/\/swissbaker.ch\/wp-content\/uploads\/2022\/05\/silvan_andrea-hotz.jpeg\",\"datePublished\":\"2020-03-25T09:43:00+00:00\",\"dateModified\":\"2022-05-17T08:46:01+00:00\",\"breadcrumb\":{\"@id\":\"https:\/\/swissbaker.ch\/fr\/panissimo-news\/nous-sommes-la-pour-vous-3\/#breadcrumb\"},\"inLanguage\":\"fr-FR\",\"potentialAction\":[{\"@type\":\"ReadAction\",\"target\":[\"https:\/\/swissbaker.ch\/fr\/panissimo-news\/nous-sommes-la-pour-vous-3\/\"]}]},{\"@type\":\"ImageObject\",\"inLanguage\":\"fr-FR\",\"@id\":\"https:\/\/swissbaker.ch\/fr\/panissimo-news\/nous-sommes-la-pour-vous-3\/#primaryimage\",\"url\":\"https:\/\/swissbaker.ch\/wp-content\/uploads\/2022\/05\/silvan_andrea-hotz.jpeg\",\"contentUrl\":\"https:\/\/swissbaker.ch\/wp-content\/uploads\/2022\/05\/silvan_andrea-hotz.jpeg\",\"width\":800,\"height\":474,\"caption\":\"\u00ab Nous sommes l\u00e0 pour vous ! \u00bb\"},{\"@type\":\"BreadcrumbList\",\"@id\":\"https:\/\/swissbaker.ch\/fr\/panissimo-news\/nous-sommes-la-pour-vous-3\/#breadcrumb\",\"itemListElement\":[{\"@type\":\"ListItem\",\"position\":1,\"name\":\"\",\"item\":\"https:\/\/swissbaker.ch\/fr\/\"},{\"@type\":\"ListItem\",\"position\":2,\"name\":\"Association\",\"item\":\"https:\/\/swissbaker.ch\/fr\/panissimo-news\/category\/association\/\"},{\"@type\":\"ListItem\",\"position\":3,\"name\":\"\u00ab Nous sommes l\u00e0 pour vous ! \u00bb\"}]},{\"@type\":\"WebSite\",\"@id\":\"https:\/\/swissbaker.ch\/fr\/#website\",\"url\":\"https:\/\/swissbaker.ch\/fr\/\",\"name\":\"SBC\",\"description\":\"\",\"publisher\":{\"@id\":\"https:\/\/swissbaker.ch\/fr\/#organization\"},\"potentialAction\":[{\"@type\":\"SearchAction\",\"target\":{\"@type\":\"EntryPoint\",\"urlTemplate\":\"https:\/\/swissbaker.ch\/fr\/?s={search_term_string}\"},\"query-input\":{\"@type\":\"PropertyValueSpecification\",\"valueRequired\":true,\"valueName\":\"search_term_string\"}}],\"inLanguage\":\"fr-FR\"},{\"@type\":\"Organization\",\"@id\":\"https:\/\/swissbaker.ch\/fr\/#organization\",\"name\":\"Schweizerischer B\u00e4cker-Confiseurmeister-Verband\",\"url\":\"https:\/\/swissbaker.ch\/fr\/\",\"logo\":{\"@type\":\"ImageObject\",\"inLanguage\":\"fr-FR\",\"@id\":\"https:\/\/swissbaker.ch\/fr\/#\/schema\/logo\/image\/\",\"url\":\"https:\/\/swissbaker.ch\/wp-content\/uploads\/2022\/04\/sbc-logo-yoast.jpg\",\"contentUrl\":\"https:\/\/swissbaker.ch\/wp-content\/uploads\/2022\/04\/sbc-logo-yoast.jpg\",\"width\":512,\"height\":512,\"caption\":\"Schweizerischer B\u00e4cker-Confiseurmeister-Verband\"},\"image\":{\"@id\":\"https:\/\/swissbaker.ch\/fr\/#\/schema\/logo\/image\/\"},\"sameAs\":[\"https:\/\/www.facebook.com\/swissbaker.ch\",\"https:\/\/x.com\/ch_swissbaker\"]},{\"@type\":\"Person\",\"@id\":\"https:\/\/swissbaker.ch\/fr\/#\/schema\/person\/058ac47619f7da53df62aba60f939b78\",\"name\":\"azureart\",\"image\":{\"@type\":\"ImageObject\",\"inLanguage\":\"fr-FR\",\"@id\":\"https:\/\/swissbaker.ch\/fr\/#\/schema\/person\/image\/\",\"url\":\"https:\/\/secure.gravatar.com\/avatar\/be04dd3098fd612c83067af4f7a295384c93cb6a9112f51beb9d2f477d25da61?s=96&d=mm&r=g\",\"contentUrl\":\"https:\/\/secure.gravatar.com\/avatar\/be04dd3098fd612c83067af4f7a295384c93cb6a9112f51beb9d2f477d25da61?s=96&d=mm&r=g\",\"caption\":\"azureart\"},\"sameAs\":[\"https:\/\/swissbaker.ch\"],\"url\":\"https:\/\/swissbaker.ch\/fr\/panissimo-news\/author\/pixel-ahoi\/\"}]}<\/script>\n<!-- \/ Yoast SEO Premium plugin. -->","yoast_head_json":{"title":"\u00ab Nous sommes l\u00e0 pour vous ! \u00bb | SBC","robots":{"index":"index","follow":"follow","max-snippet":"max-snippet:-1","max-image-preview":"max-image-preview:large","max-video-preview":"max-video-preview:-1"},"canonical":"https:\/\/swissbaker.ch\/fr\/panissimo-news\/nous-sommes-la-pour-vous-3\/","og_locale":"fr_FR","og_type":"article","og_title":"\u00ab Nous sommes l\u00e0 pour vous ! \u00bb","og_description":"Chers coll\u00e8gues,Depuis des semaines, le coronavirus nous tient en haleine. Les cons\u00e9quences de cette crise in\u00e9dite sont lourdes, et elles nous concernent directement. Cette menace met notre quotidien sens dessus dessous et suscite, outre nos pr\u00e9occupations de sant\u00e9, de fortes angoisses existentielles. Il est d\u2019autant plus important de garder la t\u00eate froide. La BCS soutient la strat\u00e9gie et les mesures [&hellip;]","og_url":"https:\/\/swissbaker.ch\/fr\/panissimo-news\/nous-sommes-la-pour-vous-3\/","og_site_name":"SBC","article_publisher":"https:\/\/www.facebook.com\/swissbaker.ch","article_published_time":"2020-03-25T09:43:00+00:00","article_modified_time":"2022-05-17T08:46:01+00:00","og_image":[{"width":800,"height":474,"url":"https:\/\/swissbaker.ch\/wp-content\/uploads\/2022\/05\/silvan_andrea-hotz.jpeg","type":"image\/jpeg"}],"author":"azureart","twitter_card":"summary_large_image","twitter_creator":"@ch_swissbaker","twitter_site":"@ch_swissbaker","twitter_misc":{"Written by":"azureart","Est. reading time":"2 minutes"},"schema":{"@context":"https:\/\/schema.org","@graph":[{"@type":"Article","@id":"https:\/\/swissbaker.ch\/fr\/panissimo-news\/nous-sommes-la-pour-vous-3\/#article","isPartOf":{"@id":"https:\/\/swissbaker.ch\/fr\/panissimo-news\/nous-sommes-la-pour-vous-3\/"},"author":{"name":"azureart","@id":"https:\/\/swissbaker.ch\/fr\/#\/schema\/person\/058ac47619f7da53df62aba60f939b78"},"headline":"\u00ab Nous sommes l\u00e0 pour vous ! \u00bb","datePublished":"2020-03-25T09:43:00+00:00","dateModified":"2022-05-17T08:46:01+00:00","mainEntityOfPage":{"@id":"https:\/\/swissbaker.ch\/fr\/panissimo-news\/nous-sommes-la-pour-vous-3\/"},"wordCount":348,"commentCount":0,"publisher":{"@id":"https:\/\/swissbaker.ch\/fr\/#organization"},"image":{"@id":"https:\/\/swissbaker.ch\/fr\/panissimo-news\/nous-sommes-la-pour-vous-3\/#primaryimage"},"thumbnailUrl":"https:\/\/swissbaker.ch\/wp-content\/uploads\/2022\/05\/silvan_andrea-hotz.jpeg","articleSection":["Association"],"inLanguage":"fr-FR","potentialAction":[{"@type":"CommentAction","name":"Comment","target":["https:\/\/swissbaker.ch\/fr\/panissimo-news\/nous-sommes-la-pour-vous-3\/#respond"]}]},{"@type":"WebPage","@id":"https:\/\/swissbaker.ch\/fr\/panissimo-news\/nous-sommes-la-pour-vous-3\/","url":"https:\/\/swissbaker.ch\/fr\/panissimo-news\/nous-sommes-la-pour-vous-3\/","name":"\u00ab Nous sommes l\u00e0 pour vous ! \u00bb | SBC","isPartOf":{"@id":"https:\/\/swissbaker.ch\/fr\/#website"},"primaryImageOfPage":{"@id":"https:\/\/swissbaker.ch\/fr\/panissimo-news\/nous-sommes-la-pour-vous-3\/#primaryimage"},"image":{"@id":"https:\/\/swissbaker.ch\/fr\/panissimo-news\/nous-sommes-la-pour-vous-3\/#primaryimage"},"thumbnailUrl":"https:\/\/swissbaker.ch\/wp-content\/uploads\/2022\/05\/silvan_andrea-hotz.jpeg","datePublished":"2020-03-25T09:43:00+00:00","dateModified":"2022-05-17T08:46:01+00:00","breadcrumb":{"@id":"https:\/\/swissbaker.ch\/fr\/panissimo-news\/nous-sommes-la-pour-vous-3\/#breadcrumb"},"inLanguage":"fr-FR","potentialAction":[{"@type":"ReadAction","target":["https:\/\/swissbaker.ch\/fr\/panissimo-news\/nous-sommes-la-pour-vous-3\/"]}]},{"@type":"ImageObject","inLanguage":"fr-FR","@id":"https:\/\/swissbaker.ch\/fr\/panissimo-news\/nous-sommes-la-pour-vous-3\/#primaryimage","url":"https:\/\/swissbaker.ch\/wp-content\/uploads\/2022\/05\/silvan_andrea-hotz.jpeg","contentUrl":"https:\/\/swissbaker.ch\/wp-content\/uploads\/2022\/05\/silvan_andrea-hotz.jpeg","width":800,"height":474,"caption":"\u00ab Nous sommes l\u00e0 pour vous ! \u00bb"},{"@type":"BreadcrumbList","@id":"https:\/\/swissbaker.ch\/fr\/panissimo-news\/nous-sommes-la-pour-vous-3\/#breadcrumb","itemListElement":[{"@type":"ListItem","position":1,"name":"","item":"https:\/\/swissbaker.ch\/fr\/"},{"@type":"ListItem","position":2,"name":"Association","item":"https:\/\/swissbaker.ch\/fr\/panissimo-news\/category\/association\/"},{"@type":"ListItem","position":3,"name":"\u00ab Nous sommes l\u00e0 pour vous ! \u00bb"}]},{"@type":"WebSite","@id":"https:\/\/swissbaker.ch\/fr\/#website","url":"https:\/\/swissbaker.ch\/fr\/","name":"SBC","description":"","publisher":{"@id":"https:\/\/swissbaker.ch\/fr\/#organization"},"potentialAction":[{"@type":"SearchAction","target":{"@type":"EntryPoint","urlTemplate":"https:\/\/swissbaker.ch\/fr\/?s={search_term_string}"},"query-input":{"@type":"PropertyValueSpecification","valueRequired":true,"valueName":"search_term_string"}}],"inLanguage":"fr-FR"},{"@type":"Organization","@id":"https:\/\/swissbaker.ch\/fr\/#organization","name":"Schweizerischer B\u00e4cker-Confiseurmeister-Verband","url":"https:\/\/swissbaker.ch\/fr\/","logo":{"@type":"ImageObject","inLanguage":"fr-FR","@id":"https:\/\/swissbaker.ch\/fr\/#\/schema\/logo\/image\/","url":"https:\/\/swissbaker.ch\/wp-content\/uploads\/2022\/04\/sbc-logo-yoast.jpg","contentUrl":"https:\/\/swissbaker.ch\/wp-content\/uploads\/2022\/04\/sbc-logo-yoast.jpg","width":512,"height":512,"caption":"Schweizerischer B\u00e4cker-Confiseurmeister-Verband"},"image":{"@id":"https:\/\/swissbaker.ch\/fr\/#\/schema\/logo\/image\/"},"sameAs":["https:\/\/www.facebook.com\/swissbaker.ch","https:\/\/x.com\/ch_swissbaker"]},{"@type":"Person","@id":"https:\/\/swissbaker.ch\/fr\/#\/schema\/person\/058ac47619f7da53df62aba60f939b78","name":"azureart","image":{"@type":"ImageObject","inLanguage":"fr-FR","@id":"https:\/\/swissbaker.ch\/fr\/#\/schema\/person\/image\/","url":"https:\/\/secure.gravatar.com\/avatar\/be04dd3098fd612c83067af4f7a295384c93cb6a9112f51beb9d2f477d25da61?s=96&d=mm&r=g","contentUrl":"https:\/\/secure.gravatar.com\/avatar\/be04dd3098fd612c83067af4f7a295384c93cb6a9112f51beb9d2f477d25da61?s=96&d=mm&r=g","caption":"azureart"},"sameAs":["https:\/\/swissbaker.ch"],"url":"https:\/\/swissbaker.ch\/fr\/panissimo-news\/author\/pixel-ahoi\/"}]}},"_links":{"self":[{"href":"https:\/\/swissbaker.ch\/fr\/wp-json\/wp\/v2\/posts\/10085","targetHints":{"allow":["GET"]}}],"collection":[{"href":"https:\/\/swissbaker.ch\/fr\/wp-json\/wp\/v2\/posts"}],"about":[{"href":"https:\/\/swissbaker.ch\/fr\/wp-json\/wp\/v2\/types\/post"}],"author":[{"embeddable":true,"href":"https:\/\/swissbaker.ch\/fr\/wp-json\/wp\/v2\/users\/1"}],"replies":[{"embeddable":true,"href":"https:\/\/swissbaker.ch\/fr\/wp-json\/wp\/v2\/comments?post=10085"}],"version-history":[{"count":0,"href":"https:\/\/swissbaker.ch\/fr\/wp-json\/wp\/v2\/posts\/10085\/revisions"}],"wp:featuredmedia":[{"embeddable":true,"href":"https:\/\/swissbaker.ch\/fr\/wp-json\/wp\/v2\/media\/10083"}],"wp:attachment":[{"href":"https:\/\/swissbaker.ch\/fr\/wp-json\/wp\/v2\/media?parent=10085"}],"wp:term":[{"taxonomy":"category","embeddable":true,"href":"https:\/\/swissbaker.ch\/fr\/wp-json\/wp\/v2\/categories?post=10085"},{"taxonomy":"post_tag","embeddable":true,"href":"https:\/\/swissbaker.ch\/fr\/wp-json\/wp\/v2\/tags?post=10085"}],"curies":[{"name":"wp","href":"https:\/\/api.w.org\/{rel}","templated":true}]}}