{"id":10073,"date":"2020-03-25T08:37:00","date_gmt":"2020-03-25T07:37:00","guid":{"rendered":"https:\/\/swissbaker.ch\/?p=10073"},"modified":"2022-05-17T10:23:46","modified_gmt":"2022-05-17T08:23:46","slug":"cest-bon-pour-le-moral","status":"publish","type":"post","link":"https:\/\/swissbaker.ch\/fr\/panissimo-news\/cest-bon-pour-le-moral\/","title":{"rendered":"C\u2019est bon pour le moral !"},"content":{"rendered":"\n<p><strong>En cette p\u00e9riode compliqu\u00e9e li\u00e9e au coronavirus, les boulangers-confiseurs fribourgeois s\u2019unissent en proposant des produits sp\u00e9ciaux. Tout en r\u00e9chauffant le c\u0153ur de la client\u00e8le, les artisans montrent qu\u2019ils se soutiennent dans la difficult\u00e9.<\/strong><\/p>\n\n\n\n<p>L\u2019initiative \u00ab Gardons le moral ! \u00bb des artisans boulangers-confiseurs du canton de Fribourg vise \u00e0 proposer des produits sp\u00e9cifiques pour remonter le moral des clients en ces temps difficiles. \u00ab Le Pain de l\u2019Espoir \u00bb, fa\u00e7onn\u00e9 notamment en c\u0153ur, la revisite du Tiramisu, signifiant litt\u00e9ralement \u00ab remonte-moral \u00bb\u2026 Telles sont quelques-unes des sp\u00e9cialit\u00e9s pr\u00e9par\u00e9es.<\/p>\n\n\n\n<p>Le deuxi\u00e8me objectif de l\u2019initiative est de montrer au public que tous les artisans se soutiennent entre eux durant cette p\u00e9riode compliqu\u00e9e. Ils pensent notamment aux jeunes professionnels qui se sont mis \u00e0 leur compte derni\u00e8rement et qui doivent faire face \u00e0 un tel d\u00e9fi. Le boulanger du Croissant de Lune \u00e0 Estavayer-le-Lac Matthieu Walther, dernier arriv\u00e9 au sein de l\u2019association fribourgeoise et porte-parole de l\u2019action peut en t\u00e9moigner.<\/p>\n\n\n\n<p>Les boulangers-confiseurs rappellent \u00e0 leur client\u00e8le que leurs commerces restent ouverts. Leurs collaborateurs con\u00e7oivent des produits de premi\u00e8re n\u00e9cessit\u00e9 et des douceurs. Ils servent les clients avec le sourire afin d\u2019att\u00e9nuer la lourdeur de l\u2019ambiance g\u00e9n\u00e9rale. La s\u00e9curit\u00e9 de leurs collaborateurs et de leurs clients leur tient \u00e0 c\u0153ur. Les normes et les consignes de l\u2019Office f\u00e9d\u00e9ral de la sant\u00e9 publique sont respect\u00e9es.<\/p>\n","protected":false},"excerpt":{"rendered":"<p>En cette p\u00e9riode compliqu\u00e9e li\u00e9e au coronavirus, les boulangers-confiseurs fribourgeois s\u2019unissent en proposant des produits sp\u00e9ciaux. Tout en r\u00e9chauffant le c\u0153ur de la client\u00e8le, les artisans montrent qu\u2019ils se soutiennent dans la difficult\u00e9. L\u2019initiative \u00ab Gardons le moral ! \u00bb des artisans boulangers-confiseurs du canton de Fribourg vise \u00e0 proposer des produits sp\u00e9cifiques pour remonter le moral des clients en [&hellip;]<\/p>\n","protected":false},"author":1,"featured_media":10074,"comment_status":"open","ping_status":"closed","sticky":false,"template":"","format":"standard","meta":{"_acf_changed":false,"footnotes":""},"categories":[42],"tags":[],"class_list":["post-10073","post","type-post","status-publish","format-standard","has-post-thumbnail","hentry","category-boulangeries-confiseries"],"acf":[],"yoast_head":"<!-- This site is optimized with the Yoast SEO Premium plugin v26.8 (Yoast SEO v26.8) - https:\/\/yoast.com\/product\/yoast-seo-premium-wordpress\/ -->\n<title>C\u2019est bon pour le moral ! | SBC<\/title>\n<meta name=\"robots\" content=\"index, follow, max-snippet:-1, max-image-preview:large, max-video-preview:-1\" \/>\n<link rel=\"canonical\" href=\"https:\/\/swissbaker.ch\/fr\/panissimo-news\/cest-bon-pour-le-moral\/\" \/>\n<meta property=\"og:locale\" content=\"fr_FR\" \/>\n<meta property=\"og:type\" content=\"article\" \/>\n<meta property=\"og:title\" content=\"C\u2019est bon pour le moral !\" \/>\n<meta property=\"og:description\" content=\"En cette p\u00e9riode compliqu\u00e9e li\u00e9e au coronavirus, les boulangers-confiseurs fribourgeois s\u2019unissent en proposant des produits sp\u00e9ciaux. Tout en r\u00e9chauffant le c\u0153ur de la client\u00e8le, les artisans montrent qu\u2019ils se soutiennent dans la difficult\u00e9. L\u2019initiative \u00ab Gardons le moral ! \u00bb des artisans boulangers-confiseurs du canton de Fribourg vise \u00e0 proposer des produits sp\u00e9cifiques pour remonter le moral des clients en [&hellip;]\" \/>\n<meta property=\"og:url\" content=\"https:\/\/swissbaker.ch\/fr\/panissimo-news\/cest-bon-pour-le-moral\/\" \/>\n<meta property=\"og:site_name\" content=\"SBC\" \/>\n<meta property=\"article:publisher\" content=\"https:\/\/www.facebook.com\/swissbaker.ch\" \/>\n<meta property=\"article:published_time\" content=\"2020-03-25T07:37:00+00:00\" \/>\n<meta property=\"article:modified_time\" content=\"2022-05-17T08:23:46+00:00\" \/>\n<meta property=\"og:image\" content=\"https:\/\/swissbaker.ch\/wp-content\/uploads\/2022\/05\/6.2-freiburger-kantonalverband.jpg\" \/>\n\t<meta property=\"og:image:width\" content=\"800\" \/>\n\t<meta property=\"og:image:height\" content=\"474\" \/>\n\t<meta property=\"og:image:type\" content=\"image\/jpeg\" \/>\n<meta name=\"author\" content=\"azureart\" \/>\n<meta name=\"twitter:card\" content=\"summary_large_image\" \/>\n<meta name=\"twitter:creator\" content=\"@ch_swissbaker\" \/>\n<meta name=\"twitter:site\" content=\"@ch_swissbaker\" \/>\n<meta name=\"twitter:label1\" content=\"Written by\" \/>\n\t<meta name=\"twitter:data1\" content=\"azureart\" \/>\n\t<meta name=\"twitter:label2\" content=\"Est. reading time\" \/>\n\t<meta name=\"twitter:data2\" content=\"2 minutes\" \/>\n<script type=\"application\/ld+json\" class=\"yoast-schema-graph\">{\"@context\":\"https:\/\/schema.org\",\"@graph\":[{\"@type\":\"Article\",\"@id\":\"https:\/\/swissbaker.ch\/fr\/panissimo-news\/cest-bon-pour-le-moral\/#article\",\"isPartOf\":{\"@id\":\"https:\/\/swissbaker.ch\/fr\/panissimo-news\/cest-bon-pour-le-moral\/\"},\"author\":{\"name\":\"azureart\",\"@id\":\"https:\/\/swissbaker.ch\/fr\/#\/schema\/person\/058ac47619f7da53df62aba60f939b78\"},\"headline\":\"C\u2019est bon pour le moral !\",\"datePublished\":\"2020-03-25T07:37:00+00:00\",\"dateModified\":\"2022-05-17T08:23:46+00:00\",\"mainEntityOfPage\":{\"@id\":\"https:\/\/swissbaker.ch\/fr\/panissimo-news\/cest-bon-pour-le-moral\/\"},\"wordCount\":256,\"commentCount\":0,\"publisher\":{\"@id\":\"https:\/\/swissbaker.ch\/fr\/#organization\"},\"image\":{\"@id\":\"https:\/\/swissbaker.ch\/fr\/panissimo-news\/cest-bon-pour-le-moral\/#primaryimage\"},\"thumbnailUrl\":\"https:\/\/swissbaker.ch\/wp-content\/uploads\/2022\/05\/6.2-freiburger-kantonalverband.jpg\",\"articleSection\":[\"Boulangeries\/Confiseries\"],\"inLanguage\":\"fr-FR\",\"potentialAction\":[{\"@type\":\"CommentAction\",\"name\":\"Comment\",\"target\":[\"https:\/\/swissbaker.ch\/fr\/panissimo-news\/cest-bon-pour-le-moral\/#respond\"]}]},{\"@type\":\"WebPage\",\"@id\":\"https:\/\/swissbaker.ch\/fr\/panissimo-news\/cest-bon-pour-le-moral\/\",\"url\":\"https:\/\/swissbaker.ch\/fr\/panissimo-news\/cest-bon-pour-le-moral\/\",\"name\":\"C\u2019est bon pour le moral ! | SBC\",\"isPartOf\":{\"@id\":\"https:\/\/swissbaker.ch\/fr\/#website\"},\"primaryImageOfPage\":{\"@id\":\"https:\/\/swissbaker.ch\/fr\/panissimo-news\/cest-bon-pour-le-moral\/#primaryimage\"},\"image\":{\"@id\":\"https:\/\/swissbaker.ch\/fr\/panissimo-news\/cest-bon-pour-le-moral\/#primaryimage\"},\"thumbnailUrl\":\"https:\/\/swissbaker.ch\/wp-content\/uploads\/2022\/05\/6.2-freiburger-kantonalverband.jpg\",\"datePublished\":\"2020-03-25T07:37:00+00:00\",\"dateModified\":\"2022-05-17T08:23:46+00:00\",\"breadcrumb\":{\"@id\":\"https:\/\/swissbaker.ch\/fr\/panissimo-news\/cest-bon-pour-le-moral\/#breadcrumb\"},\"inLanguage\":\"fr-FR\",\"potentialAction\":[{\"@type\":\"ReadAction\",\"target\":[\"https:\/\/swissbaker.ch\/fr\/panissimo-news\/cest-bon-pour-le-moral\/\"]}]},{\"@type\":\"ImageObject\",\"inLanguage\":\"fr-FR\",\"@id\":\"https:\/\/swissbaker.ch\/fr\/panissimo-news\/cest-bon-pour-le-moral\/#primaryimage\",\"url\":\"https:\/\/swissbaker.ch\/wp-content\/uploads\/2022\/05\/6.2-freiburger-kantonalverband.jpg\",\"contentUrl\":\"https:\/\/swissbaker.ch\/wp-content\/uploads\/2022\/05\/6.2-freiburger-kantonalverband.jpg\",\"width\":800,\"height\":474,\"caption\":\"C\u2019est bon pour le moral !\"},{\"@type\":\"BreadcrumbList\",\"@id\":\"https:\/\/swissbaker.ch\/fr\/panissimo-news\/cest-bon-pour-le-moral\/#breadcrumb\",\"itemListElement\":[{\"@type\":\"ListItem\",\"position\":1,\"name\":\"\",\"item\":\"https:\/\/swissbaker.ch\/fr\/\"},{\"@type\":\"ListItem\",\"position\":2,\"name\":\"Boulangeries\/Confiseries\",\"item\":\"https:\/\/swissbaker.ch\/fr\/panissimo-news\/category\/boulangeries-confiseries\/\"},{\"@type\":\"ListItem\",\"position\":3,\"name\":\"C\u2019est bon pour le moral !\"}]},{\"@type\":\"WebSite\",\"@id\":\"https:\/\/swissbaker.ch\/fr\/#website\",\"url\":\"https:\/\/swissbaker.ch\/fr\/\",\"name\":\"SBC\",\"description\":\"\",\"publisher\":{\"@id\":\"https:\/\/swissbaker.ch\/fr\/#organization\"},\"potentialAction\":[{\"@type\":\"SearchAction\",\"target\":{\"@type\":\"EntryPoint\",\"urlTemplate\":\"https:\/\/swissbaker.ch\/fr\/?s={search_term_string}\"},\"query-input\":{\"@type\":\"PropertyValueSpecification\",\"valueRequired\":true,\"valueName\":\"search_term_string\"}}],\"inLanguage\":\"fr-FR\"},{\"@type\":\"Organization\",\"@id\":\"https:\/\/swissbaker.ch\/fr\/#organization\",\"name\":\"Schweizerischer B\u00e4cker-Confiseurmeister-Verband\",\"url\":\"https:\/\/swissbaker.ch\/fr\/\",\"logo\":{\"@type\":\"ImageObject\",\"inLanguage\":\"fr-FR\",\"@id\":\"https:\/\/swissbaker.ch\/fr\/#\/schema\/logo\/image\/\",\"url\":\"https:\/\/swissbaker.ch\/wp-content\/uploads\/2022\/04\/sbc-logo-yoast.jpg\",\"contentUrl\":\"https:\/\/swissbaker.ch\/wp-content\/uploads\/2022\/04\/sbc-logo-yoast.jpg\",\"width\":512,\"height\":512,\"caption\":\"Schweizerischer B\u00e4cker-Confiseurmeister-Verband\"},\"image\":{\"@id\":\"https:\/\/swissbaker.ch\/fr\/#\/schema\/logo\/image\/\"},\"sameAs\":[\"https:\/\/www.facebook.com\/swissbaker.ch\",\"https:\/\/x.com\/ch_swissbaker\"]},{\"@type\":\"Person\",\"@id\":\"https:\/\/swissbaker.ch\/fr\/#\/schema\/person\/058ac47619f7da53df62aba60f939b78\",\"name\":\"azureart\",\"image\":{\"@type\":\"ImageObject\",\"inLanguage\":\"fr-FR\",\"@id\":\"https:\/\/swissbaker.ch\/fr\/#\/schema\/person\/image\/\",\"url\":\"https:\/\/secure.gravatar.com\/avatar\/be04dd3098fd612c83067af4f7a295384c93cb6a9112f51beb9d2f477d25da61?s=96&d=mm&r=g\",\"contentUrl\":\"https:\/\/secure.gravatar.com\/avatar\/be04dd3098fd612c83067af4f7a295384c93cb6a9112f51beb9d2f477d25da61?s=96&d=mm&r=g\",\"caption\":\"azureart\"},\"sameAs\":[\"https:\/\/swissbaker.ch\"],\"url\":\"https:\/\/swissbaker.ch\/fr\/panissimo-news\/author\/pixel-ahoi\/\"}]}<\/script>\n<!-- \/ Yoast SEO Premium plugin. -->","yoast_head_json":{"title":"C\u2019est bon pour le moral ! | SBC","robots":{"index":"index","follow":"follow","max-snippet":"max-snippet:-1","max-image-preview":"max-image-preview:large","max-video-preview":"max-video-preview:-1"},"canonical":"https:\/\/swissbaker.ch\/fr\/panissimo-news\/cest-bon-pour-le-moral\/","og_locale":"fr_FR","og_type":"article","og_title":"C\u2019est bon pour le moral !","og_description":"En cette p\u00e9riode compliqu\u00e9e li\u00e9e au coronavirus, les boulangers-confiseurs fribourgeois s\u2019unissent en proposant des produits sp\u00e9ciaux. Tout en r\u00e9chauffant le c\u0153ur de la client\u00e8le, les artisans montrent qu\u2019ils se soutiennent dans la difficult\u00e9. L\u2019initiative \u00ab Gardons le moral ! \u00bb des artisans boulangers-confiseurs du canton de Fribourg vise \u00e0 proposer des produits sp\u00e9cifiques pour remonter le moral des clients en [&hellip;]","og_url":"https:\/\/swissbaker.ch\/fr\/panissimo-news\/cest-bon-pour-le-moral\/","og_site_name":"SBC","article_publisher":"https:\/\/www.facebook.com\/swissbaker.ch","article_published_time":"2020-03-25T07:37:00+00:00","article_modified_time":"2022-05-17T08:23:46+00:00","og_image":[{"width":800,"height":474,"url":"https:\/\/swissbaker.ch\/wp-content\/uploads\/2022\/05\/6.2-freiburger-kantonalverband.jpg","type":"image\/jpeg"}],"author":"azureart","twitter_card":"summary_large_image","twitter_creator":"@ch_swissbaker","twitter_site":"@ch_swissbaker","twitter_misc":{"Written by":"azureart","Est. reading time":"2 minutes"},"schema":{"@context":"https:\/\/schema.org","@graph":[{"@type":"Article","@id":"https:\/\/swissbaker.ch\/fr\/panissimo-news\/cest-bon-pour-le-moral\/#article","isPartOf":{"@id":"https:\/\/swissbaker.ch\/fr\/panissimo-news\/cest-bon-pour-le-moral\/"},"author":{"name":"azureart","@id":"https:\/\/swissbaker.ch\/fr\/#\/schema\/person\/058ac47619f7da53df62aba60f939b78"},"headline":"C\u2019est bon pour le moral !","datePublished":"2020-03-25T07:37:00+00:00","dateModified":"2022-05-17T08:23:46+00:00","mainEntityOfPage":{"@id":"https:\/\/swissbaker.ch\/fr\/panissimo-news\/cest-bon-pour-le-moral\/"},"wordCount":256,"commentCount":0,"publisher":{"@id":"https:\/\/swissbaker.ch\/fr\/#organization"},"image":{"@id":"https:\/\/swissbaker.ch\/fr\/panissimo-news\/cest-bon-pour-le-moral\/#primaryimage"},"thumbnailUrl":"https:\/\/swissbaker.ch\/wp-content\/uploads\/2022\/05\/6.2-freiburger-kantonalverband.jpg","articleSection":["Boulangeries\/Confiseries"],"inLanguage":"fr-FR","potentialAction":[{"@type":"CommentAction","name":"Comment","target":["https:\/\/swissbaker.ch\/fr\/panissimo-news\/cest-bon-pour-le-moral\/#respond"]}]},{"@type":"WebPage","@id":"https:\/\/swissbaker.ch\/fr\/panissimo-news\/cest-bon-pour-le-moral\/","url":"https:\/\/swissbaker.ch\/fr\/panissimo-news\/cest-bon-pour-le-moral\/","name":"C\u2019est bon pour le moral ! | SBC","isPartOf":{"@id":"https:\/\/swissbaker.ch\/fr\/#website"},"primaryImageOfPage":{"@id":"https:\/\/swissbaker.ch\/fr\/panissimo-news\/cest-bon-pour-le-moral\/#primaryimage"},"image":{"@id":"https:\/\/swissbaker.ch\/fr\/panissimo-news\/cest-bon-pour-le-moral\/#primaryimage"},"thumbnailUrl":"https:\/\/swissbaker.ch\/wp-content\/uploads\/2022\/05\/6.2-freiburger-kantonalverband.jpg","datePublished":"2020-03-25T07:37:00+00:00","dateModified":"2022-05-17T08:23:46+00:00","breadcrumb":{"@id":"https:\/\/swissbaker.ch\/fr\/panissimo-news\/cest-bon-pour-le-moral\/#breadcrumb"},"inLanguage":"fr-FR","potentialAction":[{"@type":"ReadAction","target":["https:\/\/swissbaker.ch\/fr\/panissimo-news\/cest-bon-pour-le-moral\/"]}]},{"@type":"ImageObject","inLanguage":"fr-FR","@id":"https:\/\/swissbaker.ch\/fr\/panissimo-news\/cest-bon-pour-le-moral\/#primaryimage","url":"https:\/\/swissbaker.ch\/wp-content\/uploads\/2022\/05\/6.2-freiburger-kantonalverband.jpg","contentUrl":"https:\/\/swissbaker.ch\/wp-content\/uploads\/2022\/05\/6.2-freiburger-kantonalverband.jpg","width":800,"height":474,"caption":"C\u2019est bon pour le moral !"},{"@type":"BreadcrumbList","@id":"https:\/\/swissbaker.ch\/fr\/panissimo-news\/cest-bon-pour-le-moral\/#breadcrumb","itemListElement":[{"@type":"ListItem","position":1,"name":"","item":"https:\/\/swissbaker.ch\/fr\/"},{"@type":"ListItem","position":2,"name":"Boulangeries\/Confiseries","item":"https:\/\/swissbaker.ch\/fr\/panissimo-news\/category\/boulangeries-confiseries\/"},{"@type":"ListItem","position":3,"name":"C\u2019est bon pour le moral !"}]},{"@type":"WebSite","@id":"https:\/\/swissbaker.ch\/fr\/#website","url":"https:\/\/swissbaker.ch\/fr\/","name":"SBC","description":"","publisher":{"@id":"https:\/\/swissbaker.ch\/fr\/#organization"},"potentialAction":[{"@type":"SearchAction","target":{"@type":"EntryPoint","urlTemplate":"https:\/\/swissbaker.ch\/fr\/?s={search_term_string}"},"query-input":{"@type":"PropertyValueSpecification","valueRequired":true,"valueName":"search_term_string"}}],"inLanguage":"fr-FR"},{"@type":"Organization","@id":"https:\/\/swissbaker.ch\/fr\/#organization","name":"Schweizerischer B\u00e4cker-Confiseurmeister-Verband","url":"https:\/\/swissbaker.ch\/fr\/","logo":{"@type":"ImageObject","inLanguage":"fr-FR","@id":"https:\/\/swissbaker.ch\/fr\/#\/schema\/logo\/image\/","url":"https:\/\/swissbaker.ch\/wp-content\/uploads\/2022\/04\/sbc-logo-yoast.jpg","contentUrl":"https:\/\/swissbaker.ch\/wp-content\/uploads\/2022\/04\/sbc-logo-yoast.jpg","width":512,"height":512,"caption":"Schweizerischer B\u00e4cker-Confiseurmeister-Verband"},"image":{"@id":"https:\/\/swissbaker.ch\/fr\/#\/schema\/logo\/image\/"},"sameAs":["https:\/\/www.facebook.com\/swissbaker.ch","https:\/\/x.com\/ch_swissbaker"]},{"@type":"Person","@id":"https:\/\/swissbaker.ch\/fr\/#\/schema\/person\/058ac47619f7da53df62aba60f939b78","name":"azureart","image":{"@type":"ImageObject","inLanguage":"fr-FR","@id":"https:\/\/swissbaker.ch\/fr\/#\/schema\/person\/image\/","url":"https:\/\/secure.gravatar.com\/avatar\/be04dd3098fd612c83067af4f7a295384c93cb6a9112f51beb9d2f477d25da61?s=96&d=mm&r=g","contentUrl":"https:\/\/secure.gravatar.com\/avatar\/be04dd3098fd612c83067af4f7a295384c93cb6a9112f51beb9d2f477d25da61?s=96&d=mm&r=g","caption":"azureart"},"sameAs":["https:\/\/swissbaker.ch"],"url":"https:\/\/swissbaker.ch\/fr\/panissimo-news\/author\/pixel-ahoi\/"}]}},"_links":{"self":[{"href":"https:\/\/swissbaker.ch\/fr\/wp-json\/wp\/v2\/posts\/10073","targetHints":{"allow":["GET"]}}],"collection":[{"href":"https:\/\/swissbaker.ch\/fr\/wp-json\/wp\/v2\/posts"}],"about":[{"href":"https:\/\/swissbaker.ch\/fr\/wp-json\/wp\/v2\/types\/post"}],"author":[{"embeddable":true,"href":"https:\/\/swissbaker.ch\/fr\/wp-json\/wp\/v2\/users\/1"}],"replies":[{"embeddable":true,"href":"https:\/\/swissbaker.ch\/fr\/wp-json\/wp\/v2\/comments?post=10073"}],"version-history":[{"count":0,"href":"https:\/\/swissbaker.ch\/fr\/wp-json\/wp\/v2\/posts\/10073\/revisions"}],"wp:featuredmedia":[{"embeddable":true,"href":"https:\/\/swissbaker.ch\/fr\/wp-json\/wp\/v2\/media\/10074"}],"wp:attachment":[{"href":"https:\/\/swissbaker.ch\/fr\/wp-json\/wp\/v2\/media?parent=10073"}],"wp:term":[{"taxonomy":"category","embeddable":true,"href":"https:\/\/swissbaker.ch\/fr\/wp-json\/wp\/v2\/categories?post=10073"},{"taxonomy":"post_tag","embeddable":true,"href":"https:\/\/swissbaker.ch\/fr\/wp-json\/wp\/v2\/tags?post=10073"}],"curies":[{"name":"wp","href":"https:\/\/api.w.org\/{rel}","templated":true}]}}