{"id":10071,"date":"2020-03-25T08:35:00","date_gmt":"2020-03-25T07:35:00","guid":{"rendered":"https:\/\/swissbaker.ch\/?p=10071"},"modified":"2022-05-17T10:22:34","modified_gmt":"2022-05-17T08:22:34","slug":"coronavirus-30-jours-dangoisse","status":"publish","type":"post","link":"https:\/\/swissbaker.ch\/fr\/panissimo-news\/coronavirus-30-jours-dangoisse\/","title":{"rendered":"Coronavirus: 30 jours d\u2019angoisse"},"content":{"rendered":"\n<p><strong>J\u2019ai d\u00e9lib\u00e9r\u00e9ment choisi la date d\u2019aujourd\u2019hui, le 24 mars, pour r\u00e9diger un bref compte rendu sur les \u00e9v\u00e9nements des 30 derniers jours au Tessin. Le premier cas de coronavirus dans le canton a \u00e9t\u00e9 d\u00e9couvert, il y a exactement un mois\u2026<\/strong><\/p>\n\n\n\n<p>Depuis, un total de 1211 infections a \u00e9t\u00e9 enregistr\u00e9, selon les derniers d\u2019il y a quelques minutes. Cinquante personnes sont en soins intensifs et le nombre total de d\u00e9c\u00e8s s\u2019\u00e9l\u00e8ve \u00e0 53. La nouvelle la plus triste est que le Tessin enregistre \u00e0 lui tout seul 60 % des d\u00e9c\u00e8s enregistr\u00e9s en Suisse. Les mesures de s\u00e9curit\u00e9 demand\u00e9es par le gouvernement tessinois, qui, de mani\u00e8re inexplicable, n\u2019ont toujours pas le soutien total de la Conf\u00e9d\u00e9ration, ont mis l\u2019\u00e9conomie \u00e0 genoux. Toutefois il \u00e9tait impossible, de trouver d\u2019autres solutions de lutter contre cette terrible pand\u00e9mie.<\/p>\n\n\n\n<p>Notre artisanat<br>Les boulangers-confiseurs tessinois sont \u00e9galement tr\u00e8s touch\u00e9s. Nos deux membres les plus importants, qui emploient ensemble plus de 150 collaborateurs, ont perdu environ 80% de leur volume de travail. Ils ont courageusement d\u00e9cid\u00e9 de fermer temporairement leurs entreprises. Tous les autres membres ont perdu plus de la moiti\u00e9 de leur chiffre d\u2019affaires.<\/p>\n\n\n\n<p>Telle est la situation dans la Suisse italienne ! On ne sait pas combien de cela prendra pour sortir de cela. On ne sait m\u00eame pas si tout le monde pourra \u00eatre encore dans les starting-blocks. Ce qui est certain c\u2019est qu\u2019un red\u00e9marrage ne sera ni automatique, ni opportun. Cela prendra un peu de temps jusqu\u2019\u00e0 ce que tout ce qui s\u2019est pass\u00e9 soit trait\u00e9. Il faut esp\u00e9rer que ceux qui survivront \u00e0 cette crise pand\u00e9mique oppressante seront accueillis avec la sensibilit\u00e9 n\u00e9cessaire.<\/p>\n\n\n\n<p><a href=\"https:\/\/www.swissbaker.ch\/inhalte\/02_news\/PDF-Dateien\/Coronavirus_it.pdf\">Versione italiana<\/a><\/p>\n","protected":false},"excerpt":{"rendered":"<p>J\u2019ai d\u00e9lib\u00e9r\u00e9ment choisi la date d\u2019aujourd\u2019hui, le 24 mars, pour r\u00e9diger un bref compte rendu sur les \u00e9v\u00e9nements des 30 derniers jours au Tessin. Le premier cas de coronavirus dans le canton a \u00e9t\u00e9 d\u00e9couvert, il y a exactement un mois\u2026 Depuis, un total de 1211 infections a \u00e9t\u00e9 enregistr\u00e9, selon les derniers d\u2019il y a quelques minutes. Cinquante personnes [&hellip;]<\/p>\n","protected":false},"author":1,"featured_media":5877,"comment_status":"open","ping_status":"closed","sticky":false,"template":"","format":"standard","meta":{"_acf_changed":false,"footnotes":""},"categories":[42],"tags":[],"class_list":["post-10071","post","type-post","status-publish","format-standard","has-post-thumbnail","hentry","category-boulangeries-confiseries"],"acf":[],"yoast_head":"<!-- This site is optimized with the Yoast SEO Premium plugin v26.8 (Yoast SEO v26.8) - https:\/\/yoast.com\/product\/yoast-seo-premium-wordpress\/ -->\n<title>Coronavirus: 30 jours d\u2019angoisse | SBC<\/title>\n<meta name=\"robots\" content=\"index, follow, max-snippet:-1, max-image-preview:large, max-video-preview:-1\" \/>\n<link rel=\"canonical\" href=\"https:\/\/swissbaker.ch\/fr\/panissimo-news\/coronavirus-30-jours-dangoisse\/\" \/>\n<meta property=\"og:locale\" content=\"fr_FR\" \/>\n<meta property=\"og:type\" content=\"article\" \/>\n<meta property=\"og:title\" content=\"Coronavirus: 30 jours d\u2019angoisse\" \/>\n<meta property=\"og:description\" content=\"J\u2019ai d\u00e9lib\u00e9r\u00e9ment choisi la date d\u2019aujourd\u2019hui, le 24 mars, pour r\u00e9diger un bref compte rendu sur les \u00e9v\u00e9nements des 30 derniers jours au Tessin. Le premier cas de coronavirus dans le canton a \u00e9t\u00e9 d\u00e9couvert, il y a exactement un mois\u2026 Depuis, un total de 1211 infections a \u00e9t\u00e9 enregistr\u00e9, selon les derniers d\u2019il y a quelques minutes. Cinquante personnes [&hellip;]\" \/>\n<meta property=\"og:url\" content=\"https:\/\/swissbaker.ch\/fr\/panissimo-news\/coronavirus-30-jours-dangoisse\/\" \/>\n<meta property=\"og:site_name\" content=\"SBC\" \/>\n<meta property=\"article:publisher\" content=\"https:\/\/www.facebook.com\/swissbaker.ch\" \/>\n<meta property=\"article:published_time\" content=\"2020-03-25T07:35:00+00:00\" \/>\n<meta property=\"article:modified_time\" content=\"2022-05-17T08:22:34+00:00\" \/>\n<meta property=\"og:image\" content=\"https:\/\/swissbaker.ch\/wp-content\/uploads\/2022\/03\/6.2-Tessin.jpg\" \/>\n\t<meta property=\"og:image:width\" content=\"800\" \/>\n\t<meta property=\"og:image:height\" content=\"474\" \/>\n\t<meta property=\"og:image:type\" content=\"image\/jpeg\" \/>\n<meta name=\"author\" content=\"azureart\" \/>\n<meta name=\"twitter:card\" content=\"summary_large_image\" \/>\n<meta name=\"twitter:creator\" content=\"@ch_swissbaker\" \/>\n<meta name=\"twitter:site\" content=\"@ch_swissbaker\" \/>\n<meta name=\"twitter:label1\" content=\"Written by\" \/>\n\t<meta name=\"twitter:data1\" content=\"azureart\" \/>\n\t<meta name=\"twitter:label2\" content=\"Est. reading time\" \/>\n\t<meta name=\"twitter:data2\" content=\"2 minutes\" \/>\n<script type=\"application\/ld+json\" class=\"yoast-schema-graph\">{\"@context\":\"https:\/\/schema.org\",\"@graph\":[{\"@type\":\"Article\",\"@id\":\"https:\/\/swissbaker.ch\/fr\/panissimo-news\/coronavirus-30-jours-dangoisse\/#article\",\"isPartOf\":{\"@id\":\"https:\/\/swissbaker.ch\/fr\/panissimo-news\/coronavirus-30-jours-dangoisse\/\"},\"author\":{\"name\":\"azureart\",\"@id\":\"https:\/\/swissbaker.ch\/fr\/#\/schema\/person\/058ac47619f7da53df62aba60f939b78\"},\"headline\":\"Coronavirus: 30 jours d\u2019angoisse\",\"datePublished\":\"2020-03-25T07:35:00+00:00\",\"dateModified\":\"2022-05-17T08:22:34+00:00\",\"mainEntityOfPage\":{\"@id\":\"https:\/\/swissbaker.ch\/fr\/panissimo-news\/coronavirus-30-jours-dangoisse\/\"},\"wordCount\":302,\"commentCount\":0,\"publisher\":{\"@id\":\"https:\/\/swissbaker.ch\/fr\/#organization\"},\"image\":{\"@id\":\"https:\/\/swissbaker.ch\/fr\/panissimo-news\/coronavirus-30-jours-dangoisse\/#primaryimage\"},\"thumbnailUrl\":\"https:\/\/swissbaker.ch\/wp-content\/uploads\/2022\/03\/6.2-Tessin.jpg\",\"articleSection\":[\"Boulangeries\/Confiseries\"],\"inLanguage\":\"fr-FR\",\"potentialAction\":[{\"@type\":\"CommentAction\",\"name\":\"Comment\",\"target\":[\"https:\/\/swissbaker.ch\/fr\/panissimo-news\/coronavirus-30-jours-dangoisse\/#respond\"]}]},{\"@type\":\"WebPage\",\"@id\":\"https:\/\/swissbaker.ch\/fr\/panissimo-news\/coronavirus-30-jours-dangoisse\/\",\"url\":\"https:\/\/swissbaker.ch\/fr\/panissimo-news\/coronavirus-30-jours-dangoisse\/\",\"name\":\"Coronavirus: 30 jours d\u2019angoisse | SBC\",\"isPartOf\":{\"@id\":\"https:\/\/swissbaker.ch\/fr\/#website\"},\"primaryImageOfPage\":{\"@id\":\"https:\/\/swissbaker.ch\/fr\/panissimo-news\/coronavirus-30-jours-dangoisse\/#primaryimage\"},\"image\":{\"@id\":\"https:\/\/swissbaker.ch\/fr\/panissimo-news\/coronavirus-30-jours-dangoisse\/#primaryimage\"},\"thumbnailUrl\":\"https:\/\/swissbaker.ch\/wp-content\/uploads\/2022\/03\/6.2-Tessin.jpg\",\"datePublished\":\"2020-03-25T07:35:00+00:00\",\"dateModified\":\"2022-05-17T08:22:34+00:00\",\"breadcrumb\":{\"@id\":\"https:\/\/swissbaker.ch\/fr\/panissimo-news\/coronavirus-30-jours-dangoisse\/#breadcrumb\"},\"inLanguage\":\"fr-FR\",\"potentialAction\":[{\"@type\":\"ReadAction\",\"target\":[\"https:\/\/swissbaker.ch\/fr\/panissimo-news\/coronavirus-30-jours-dangoisse\/\"]}]},{\"@type\":\"ImageObject\",\"inLanguage\":\"fr-FR\",\"@id\":\"https:\/\/swissbaker.ch\/fr\/panissimo-news\/coronavirus-30-jours-dangoisse\/#primaryimage\",\"url\":\"https:\/\/swissbaker.ch\/wp-content\/uploads\/2022\/03\/6.2-Tessin.jpg\",\"contentUrl\":\"https:\/\/swissbaker.ch\/wp-content\/uploads\/2022\/03\/6.2-Tessin.jpg\",\"width\":800,\"height\":474,\"caption\":\"Coronavirus: 30 jours d\u2019angoisse\"},{\"@type\":\"BreadcrumbList\",\"@id\":\"https:\/\/swissbaker.ch\/fr\/panissimo-news\/coronavirus-30-jours-dangoisse\/#breadcrumb\",\"itemListElement\":[{\"@type\":\"ListItem\",\"position\":1,\"name\":\"\",\"item\":\"https:\/\/swissbaker.ch\/fr\/\"},{\"@type\":\"ListItem\",\"position\":2,\"name\":\"Boulangeries\/Confiseries\",\"item\":\"https:\/\/swissbaker.ch\/fr\/panissimo-news\/category\/boulangeries-confiseries\/\"},{\"@type\":\"ListItem\",\"position\":3,\"name\":\"Coronavirus: 30 jours d\u2019angoisse\"}]},{\"@type\":\"WebSite\",\"@id\":\"https:\/\/swissbaker.ch\/fr\/#website\",\"url\":\"https:\/\/swissbaker.ch\/fr\/\",\"name\":\"SBC\",\"description\":\"\",\"publisher\":{\"@id\":\"https:\/\/swissbaker.ch\/fr\/#organization\"},\"potentialAction\":[{\"@type\":\"SearchAction\",\"target\":{\"@type\":\"EntryPoint\",\"urlTemplate\":\"https:\/\/swissbaker.ch\/fr\/?s={search_term_string}\"},\"query-input\":{\"@type\":\"PropertyValueSpecification\",\"valueRequired\":true,\"valueName\":\"search_term_string\"}}],\"inLanguage\":\"fr-FR\"},{\"@type\":\"Organization\",\"@id\":\"https:\/\/swissbaker.ch\/fr\/#organization\",\"name\":\"Schweizerischer B\u00e4cker-Confiseurmeister-Verband\",\"url\":\"https:\/\/swissbaker.ch\/fr\/\",\"logo\":{\"@type\":\"ImageObject\",\"inLanguage\":\"fr-FR\",\"@id\":\"https:\/\/swissbaker.ch\/fr\/#\/schema\/logo\/image\/\",\"url\":\"https:\/\/swissbaker.ch\/wp-content\/uploads\/2022\/04\/sbc-logo-yoast.jpg\",\"contentUrl\":\"https:\/\/swissbaker.ch\/wp-content\/uploads\/2022\/04\/sbc-logo-yoast.jpg\",\"width\":512,\"height\":512,\"caption\":\"Schweizerischer B\u00e4cker-Confiseurmeister-Verband\"},\"image\":{\"@id\":\"https:\/\/swissbaker.ch\/fr\/#\/schema\/logo\/image\/\"},\"sameAs\":[\"https:\/\/www.facebook.com\/swissbaker.ch\",\"https:\/\/x.com\/ch_swissbaker\"]},{\"@type\":\"Person\",\"@id\":\"https:\/\/swissbaker.ch\/fr\/#\/schema\/person\/058ac47619f7da53df62aba60f939b78\",\"name\":\"azureart\",\"image\":{\"@type\":\"ImageObject\",\"inLanguage\":\"fr-FR\",\"@id\":\"https:\/\/swissbaker.ch\/fr\/#\/schema\/person\/image\/\",\"url\":\"https:\/\/secure.gravatar.com\/avatar\/be04dd3098fd612c83067af4f7a295384c93cb6a9112f51beb9d2f477d25da61?s=96&d=mm&r=g\",\"contentUrl\":\"https:\/\/secure.gravatar.com\/avatar\/be04dd3098fd612c83067af4f7a295384c93cb6a9112f51beb9d2f477d25da61?s=96&d=mm&r=g\",\"caption\":\"azureart\"},\"sameAs\":[\"https:\/\/swissbaker.ch\"],\"url\":\"https:\/\/swissbaker.ch\/fr\/panissimo-news\/author\/pixel-ahoi\/\"}]}<\/script>\n<!-- \/ Yoast SEO Premium plugin. -->","yoast_head_json":{"title":"Coronavirus: 30 jours d\u2019angoisse | SBC","robots":{"index":"index","follow":"follow","max-snippet":"max-snippet:-1","max-image-preview":"max-image-preview:large","max-video-preview":"max-video-preview:-1"},"canonical":"https:\/\/swissbaker.ch\/fr\/panissimo-news\/coronavirus-30-jours-dangoisse\/","og_locale":"fr_FR","og_type":"article","og_title":"Coronavirus: 30 jours d\u2019angoisse","og_description":"J\u2019ai d\u00e9lib\u00e9r\u00e9ment choisi la date d\u2019aujourd\u2019hui, le 24 mars, pour r\u00e9diger un bref compte rendu sur les \u00e9v\u00e9nements des 30 derniers jours au Tessin. Le premier cas de coronavirus dans le canton a \u00e9t\u00e9 d\u00e9couvert, il y a exactement un mois\u2026 Depuis, un total de 1211 infections a \u00e9t\u00e9 enregistr\u00e9, selon les derniers d\u2019il y a quelques minutes. Cinquante personnes [&hellip;]","og_url":"https:\/\/swissbaker.ch\/fr\/panissimo-news\/coronavirus-30-jours-dangoisse\/","og_site_name":"SBC","article_publisher":"https:\/\/www.facebook.com\/swissbaker.ch","article_published_time":"2020-03-25T07:35:00+00:00","article_modified_time":"2022-05-17T08:22:34+00:00","og_image":[{"width":800,"height":474,"url":"https:\/\/swissbaker.ch\/wp-content\/uploads\/2022\/03\/6.2-Tessin.jpg","type":"image\/jpeg"}],"author":"azureart","twitter_card":"summary_large_image","twitter_creator":"@ch_swissbaker","twitter_site":"@ch_swissbaker","twitter_misc":{"Written by":"azureart","Est. reading time":"2 minutes"},"schema":{"@context":"https:\/\/schema.org","@graph":[{"@type":"Article","@id":"https:\/\/swissbaker.ch\/fr\/panissimo-news\/coronavirus-30-jours-dangoisse\/#article","isPartOf":{"@id":"https:\/\/swissbaker.ch\/fr\/panissimo-news\/coronavirus-30-jours-dangoisse\/"},"author":{"name":"azureart","@id":"https:\/\/swissbaker.ch\/fr\/#\/schema\/person\/058ac47619f7da53df62aba60f939b78"},"headline":"Coronavirus: 30 jours d\u2019angoisse","datePublished":"2020-03-25T07:35:00+00:00","dateModified":"2022-05-17T08:22:34+00:00","mainEntityOfPage":{"@id":"https:\/\/swissbaker.ch\/fr\/panissimo-news\/coronavirus-30-jours-dangoisse\/"},"wordCount":302,"commentCount":0,"publisher":{"@id":"https:\/\/swissbaker.ch\/fr\/#organization"},"image":{"@id":"https:\/\/swissbaker.ch\/fr\/panissimo-news\/coronavirus-30-jours-dangoisse\/#primaryimage"},"thumbnailUrl":"https:\/\/swissbaker.ch\/wp-content\/uploads\/2022\/03\/6.2-Tessin.jpg","articleSection":["Boulangeries\/Confiseries"],"inLanguage":"fr-FR","potentialAction":[{"@type":"CommentAction","name":"Comment","target":["https:\/\/swissbaker.ch\/fr\/panissimo-news\/coronavirus-30-jours-dangoisse\/#respond"]}]},{"@type":"WebPage","@id":"https:\/\/swissbaker.ch\/fr\/panissimo-news\/coronavirus-30-jours-dangoisse\/","url":"https:\/\/swissbaker.ch\/fr\/panissimo-news\/coronavirus-30-jours-dangoisse\/","name":"Coronavirus: 30 jours d\u2019angoisse | SBC","isPartOf":{"@id":"https:\/\/swissbaker.ch\/fr\/#website"},"primaryImageOfPage":{"@id":"https:\/\/swissbaker.ch\/fr\/panissimo-news\/coronavirus-30-jours-dangoisse\/#primaryimage"},"image":{"@id":"https:\/\/swissbaker.ch\/fr\/panissimo-news\/coronavirus-30-jours-dangoisse\/#primaryimage"},"thumbnailUrl":"https:\/\/swissbaker.ch\/wp-content\/uploads\/2022\/03\/6.2-Tessin.jpg","datePublished":"2020-03-25T07:35:00+00:00","dateModified":"2022-05-17T08:22:34+00:00","breadcrumb":{"@id":"https:\/\/swissbaker.ch\/fr\/panissimo-news\/coronavirus-30-jours-dangoisse\/#breadcrumb"},"inLanguage":"fr-FR","potentialAction":[{"@type":"ReadAction","target":["https:\/\/swissbaker.ch\/fr\/panissimo-news\/coronavirus-30-jours-dangoisse\/"]}]},{"@type":"ImageObject","inLanguage":"fr-FR","@id":"https:\/\/swissbaker.ch\/fr\/panissimo-news\/coronavirus-30-jours-dangoisse\/#primaryimage","url":"https:\/\/swissbaker.ch\/wp-content\/uploads\/2022\/03\/6.2-Tessin.jpg","contentUrl":"https:\/\/swissbaker.ch\/wp-content\/uploads\/2022\/03\/6.2-Tessin.jpg","width":800,"height":474,"caption":"Coronavirus: 30 jours d\u2019angoisse"},{"@type":"BreadcrumbList","@id":"https:\/\/swissbaker.ch\/fr\/panissimo-news\/coronavirus-30-jours-dangoisse\/#breadcrumb","itemListElement":[{"@type":"ListItem","position":1,"name":"","item":"https:\/\/swissbaker.ch\/fr\/"},{"@type":"ListItem","position":2,"name":"Boulangeries\/Confiseries","item":"https:\/\/swissbaker.ch\/fr\/panissimo-news\/category\/boulangeries-confiseries\/"},{"@type":"ListItem","position":3,"name":"Coronavirus: 30 jours d\u2019angoisse"}]},{"@type":"WebSite","@id":"https:\/\/swissbaker.ch\/fr\/#website","url":"https:\/\/swissbaker.ch\/fr\/","name":"SBC","description":"","publisher":{"@id":"https:\/\/swissbaker.ch\/fr\/#organization"},"potentialAction":[{"@type":"SearchAction","target":{"@type":"EntryPoint","urlTemplate":"https:\/\/swissbaker.ch\/fr\/?s={search_term_string}"},"query-input":{"@type":"PropertyValueSpecification","valueRequired":true,"valueName":"search_term_string"}}],"inLanguage":"fr-FR"},{"@type":"Organization","@id":"https:\/\/swissbaker.ch\/fr\/#organization","name":"Schweizerischer B\u00e4cker-Confiseurmeister-Verband","url":"https:\/\/swissbaker.ch\/fr\/","logo":{"@type":"ImageObject","inLanguage":"fr-FR","@id":"https:\/\/swissbaker.ch\/fr\/#\/schema\/logo\/image\/","url":"https:\/\/swissbaker.ch\/wp-content\/uploads\/2022\/04\/sbc-logo-yoast.jpg","contentUrl":"https:\/\/swissbaker.ch\/wp-content\/uploads\/2022\/04\/sbc-logo-yoast.jpg","width":512,"height":512,"caption":"Schweizerischer B\u00e4cker-Confiseurmeister-Verband"},"image":{"@id":"https:\/\/swissbaker.ch\/fr\/#\/schema\/logo\/image\/"},"sameAs":["https:\/\/www.facebook.com\/swissbaker.ch","https:\/\/x.com\/ch_swissbaker"]},{"@type":"Person","@id":"https:\/\/swissbaker.ch\/fr\/#\/schema\/person\/058ac47619f7da53df62aba60f939b78","name":"azureart","image":{"@type":"ImageObject","inLanguage":"fr-FR","@id":"https:\/\/swissbaker.ch\/fr\/#\/schema\/person\/image\/","url":"https:\/\/secure.gravatar.com\/avatar\/be04dd3098fd612c83067af4f7a295384c93cb6a9112f51beb9d2f477d25da61?s=96&d=mm&r=g","contentUrl":"https:\/\/secure.gravatar.com\/avatar\/be04dd3098fd612c83067af4f7a295384c93cb6a9112f51beb9d2f477d25da61?s=96&d=mm&r=g","caption":"azureart"},"sameAs":["https:\/\/swissbaker.ch"],"url":"https:\/\/swissbaker.ch\/fr\/panissimo-news\/author\/pixel-ahoi\/"}]}},"_links":{"self":[{"href":"https:\/\/swissbaker.ch\/fr\/wp-json\/wp\/v2\/posts\/10071","targetHints":{"allow":["GET"]}}],"collection":[{"href":"https:\/\/swissbaker.ch\/fr\/wp-json\/wp\/v2\/posts"}],"about":[{"href":"https:\/\/swissbaker.ch\/fr\/wp-json\/wp\/v2\/types\/post"}],"author":[{"embeddable":true,"href":"https:\/\/swissbaker.ch\/fr\/wp-json\/wp\/v2\/users\/1"}],"replies":[{"embeddable":true,"href":"https:\/\/swissbaker.ch\/fr\/wp-json\/wp\/v2\/comments?post=10071"}],"version-history":[{"count":0,"href":"https:\/\/swissbaker.ch\/fr\/wp-json\/wp\/v2\/posts\/10071\/revisions"}],"wp:featuredmedia":[{"embeddable":true,"href":"https:\/\/swissbaker.ch\/fr\/wp-json\/wp\/v2\/media\/5877"}],"wp:attachment":[{"href":"https:\/\/swissbaker.ch\/fr\/wp-json\/wp\/v2\/media?parent=10071"}],"wp:term":[{"taxonomy":"category","embeddable":true,"href":"https:\/\/swissbaker.ch\/fr\/wp-json\/wp\/v2\/categories?post=10071"},{"taxonomy":"post_tag","embeddable":true,"href":"https:\/\/swissbaker.ch\/fr\/wp-json\/wp\/v2\/tags?post=10071"}],"curies":[{"name":"wp","href":"https:\/\/api.w.org\/{rel}","templated":true}]}}