{"id":10037,"date":"2020-04-09T16:19:00","date_gmt":"2020-04-09T14:19:00","guid":{"rendered":"https:\/\/swissbaker.ch\/?p=10037"},"modified":"2022-05-17T09:29:50","modified_gmt":"2022-05-17T07:29:50","slug":"coronavirus-smart-restart","status":"publish","type":"post","link":"https:\/\/swissbaker.ch\/fr\/panissimo-news\/coronavirus-smart-restart\/","title":{"rendered":"Coronavirus :  \u00ab smart restart \u00bb"},"content":{"rendered":"\n<p><strong>Pour la phase qui suivra le 26 avril 2020, l&#8217;Union suisse des arts et m\u00e9tiers usam a appel\u00e9 \u00e0 un \u00ab smart restart \u00bb. Celui-ci devrait permettre un \u00e9quilibre entre la protection de la sant\u00e9 et les int\u00e9r\u00eats de l&#8217;\u00e9conomie et de la soci\u00e9t\u00e9.<\/strong><\/p>\n\n\n\n<p>Il repose sur deux piliers: la concentration des mesures sanitaires sur les groupes \u00e0 risque dans une logique de protection cibl\u00e9e, et un assouplissement progressif des interdictions et prescriptions en fonction de la situation \u00e9pid\u00e9miologique. Le \u00ab smart restart \u00bb est une chance sociopolitique, sanitaire et \u00e9conomique pour la Suisse de faire un premier pas vers un retour \u00e0 la normale et de r\u00e9duire ainsi les risques \u00e9conomiques et humains li\u00e9s \u00e0 cette situation extraordinaire. La BCS est en contact permanent avec l\u2019usam, s\u2019est investie pour cette position et soutient les requ\u00eates de l\u2019usam.<\/p>\n\n\n\n<h2 class=\"wp-block-heading\" id=\"h-reponses-du-conseil-federal\">R\u00e9ponses du Conseil f\u00e9d\u00e9ral<\/h2>\n\n\n\n<p>Le lockdown en Suisse contre le coronavirus a \u00e9t\u00e9 prolong\u00e9 d&#8217;une semaine jusqu&#8217;au 26 avril. C&#8217;est ce qu&#8217;a d\u00e9cid\u00e9 hier le Conseil f\u00e9d\u00e9ral. Apr\u00e8s cela, cependant, les mesures seront progressivement assouplies. Le Conseil f\u00e9d\u00e9ral d\u00e9cidera des \u00e9tapes de la d\u00e9tente la semaine prochaine. D&#8217;ici au 16 avril, le Conseil f\u00e9d\u00e9ral veut pouvoir dire comment les choses doivent continuer.<\/p>\n\n\n\n<h2 class=\"wp-block-heading\" id=\"h-des-examens-pratiques-oui-mais\">Des examens pratiques, oui, mais\u2026<\/h2>\n\n\n\n<p>\u00c0 l\u2019occasion du Sommet national extra\u00adordinaire de la formation profes\u00adsion\u00adnelle du 9 avril 2020, le Conseil f\u00e9d\u00e9ral a d\u00e9cid\u00e9 que des examens pratiques pouvaient \u00eatre organis\u00e9s. Cela \u00e0 con\u00addi\u00adtion que toutes les prescriptions du droit d\u2019urgence et de l\u2019OFSP soient res\u00adpec\u00adt\u00e9es ainsi que les autres directives.<br><a href=\"https:\/\/www.swissbaker.ch\/fr\/news-panissimo\/themesarchives\/association\/association-details-fr\/des-examens-pratiques-oui-mais\/\">Article..\u00bb<\/a><\/p>\n\n\n\n<h2 class=\"wp-block-heading\" id=\"h-mesures-pour-eviter-une-vague-de-faillites-prevues\">Mesures pour \u00e9viter une vague de faillites pr\u00e9vues<\/h2>\n\n\n\n<p>Le Conseil f\u00e9d\u00e9ral ne s&#8217;est pas prononc\u00e9 sur les obligations de travail et les revendications salariales des employ\u00e9s particuli\u00e8rement vuln\u00e9rables, ni sur l&#8217;aide d&#8217;urgence aux ind\u00e9pendants. Toutefois, le Conseil f\u00e9d\u00e9ral pr\u00e9voit d&#8217;autres mesures pour \u00e9viter une vague de faillites. Le d\u00e9passement du surendettement apr\u00e8s la crise de coronavirus doit \u00eatre expliqu\u00e9 et document\u00e9. Et le bilan doit avoir \u00e9t\u00e9 intact auparavant. Si ces deux conditions sont remplies, le bilan n&#8217;a pas \u00e0 \u00eatre d\u00e9pos\u00e9. Les sursis concordataires doivent \u00e0 pr\u00e9sent \u00eatre adapt\u00e9s aux besoins des PME. La suspension des poursuites et les f\u00e9ri\u00e9s de poursuites ne seront pas prolong\u00e9s. Les mesures prendront fin comme pr\u00e9vu le 19 avril 2020 \u00e0 minuit.<\/p>\n\n\n\n<h2 class=\"wp-block-heading\" id=\"h-modele-de-lettre-pour-les-differences-avec-l-assurance\">Mod\u00e8le de lettre pour les diff\u00e9rences avec l&#8217;assurance<\/h2>\n\n\n\n<p>En ce qui concerne les assurances en mati\u00e8re de pand\u00e9mie, nous recommandons aux membres de s&#8217;opposer \u00e0 tout refus de la compagnie d&#8217;assurance de couvrir les dommages et de contacter ensuite directement le m\u00e9diateur des compagnies d&#8217;assurance priv\u00e9es. Un mod\u00e8le de lettre est disponible <a href=\"https:\/\/www.swissbaker.ch\/fr\/login\/\">sur l&#8217;intranet.<\/a><\/p>\n\n\n\n<h2 class=\"wp-block-heading\" id=\"h-fiches-d-information-formulaires-mis-a-jour\">Fiches d&#8217;information + formulaires mis \u00e0 jour<\/h2>\n\n\n\n<p>Le bureau sera ferm\u00e9 du vendredi saint au lundi de P\u00e2ques. Vous trouverez cependant les fiches d\u2019information et les <a href=\"https:\/\/www.swissbaker.ch\/fr\/login\/\">formulaires sur l&#8217;intranet<\/a> de swissbaker.ch (avec login). Ils sont \u00e0 jour dans la mesure du possible. D&#8217;autres adaptations suivront la semaine prochaine, en raison de nouvelles clarifications du Conseil f\u00e9d\u00e9ral. Cela nous pose un d\u00e9fi majeur et nous faisons appel \u00e0 votre compr\u00e9hension pour le temps n\u00e9cessaire.<\/p>\n\n\n\n<p>La BCS et ses collaborateurs vous souhaitent malgr\u00e9 tout de joyeuses P\u00e2ques et de rester en bonne sant\u00e9!<\/p>\n","protected":false},"excerpt":{"rendered":"<p>Pour la phase qui suivra le 26 avril 2020, l&#8217;Union suisse des arts et m\u00e9tiers usam a appel\u00e9 \u00e0 un \u00ab smart restart \u00bb. Celui-ci devrait permettre un \u00e9quilibre entre la protection de la sant\u00e9 et les int\u00e9r\u00eats de l&#8217;\u00e9conomie et de la soci\u00e9t\u00e9. Il repose sur deux piliers: la concentration des mesures sanitaires sur les groupes \u00e0 risque dans [&hellip;]<\/p>\n","protected":false},"author":1,"featured_media":5858,"comment_status":"open","ping_status":"closed","sticky":false,"template":"","format":"standard","meta":{"_acf_changed":false,"footnotes":""},"categories":[41,44],"tags":[],"class_list":["post-10037","post","type-post","status-publish","format-standard","has-post-thumbnail","hentry","category-association","category-droit-politique"],"acf":[],"yoast_head":"<!-- This site is optimized with the Yoast SEO Premium plugin v26.8 (Yoast SEO v26.8) - https:\/\/yoast.com\/product\/yoast-seo-premium-wordpress\/ -->\n<title>Coronavirus : \u00ab smart restart \u00bb | SBC<\/title>\n<meta name=\"robots\" content=\"index, follow, max-snippet:-1, max-image-preview:large, max-video-preview:-1\" \/>\n<link rel=\"canonical\" href=\"https:\/\/swissbaker.ch\/fr\/panissimo-news\/coronavirus-smart-restart\/\" \/>\n<meta property=\"og:locale\" content=\"fr_FR\" \/>\n<meta property=\"og:type\" content=\"article\" \/>\n<meta property=\"og:title\" content=\"Coronavirus : \u00ab smart restart \u00bb\" \/>\n<meta property=\"og:description\" content=\"Pour la phase qui suivra le 26 avril 2020, l&#8217;Union suisse des arts et m\u00e9tiers usam a appel\u00e9 \u00e0 un \u00ab smart restart \u00bb. Celui-ci devrait permettre un \u00e9quilibre entre la protection de la sant\u00e9 et les int\u00e9r\u00eats de l&#8217;\u00e9conomie et de la soci\u00e9t\u00e9. Il repose sur deux piliers: la concentration des mesures sanitaires sur les groupes \u00e0 risque dans [&hellip;]\" \/>\n<meta property=\"og:url\" content=\"https:\/\/swissbaker.ch\/fr\/panissimo-news\/coronavirus-smart-restart\/\" \/>\n<meta property=\"og:site_name\" content=\"SBC\" \/>\n<meta property=\"article:publisher\" content=\"https:\/\/www.facebook.com\/swissbaker.ch\" \/>\n<meta property=\"article:published_time\" content=\"2020-04-09T14:19:00+00:00\" \/>\n<meta property=\"article:modified_time\" content=\"2022-05-17T07:29:50+00:00\" \/>\n<meta property=\"og:image\" content=\"https:\/\/swissbaker.ch\/wp-content\/uploads\/2022\/03\/5_2_wellauer-5.jpeg\" \/>\n\t<meta property=\"og:image:width\" content=\"800\" \/>\n\t<meta property=\"og:image:height\" content=\"474\" \/>\n\t<meta property=\"og:image:type\" content=\"image\/jpeg\" \/>\n<meta name=\"author\" content=\"azureart\" \/>\n<meta name=\"twitter:card\" content=\"summary_large_image\" \/>\n<meta name=\"twitter:creator\" content=\"@ch_swissbaker\" \/>\n<meta name=\"twitter:site\" content=\"@ch_swissbaker\" \/>\n<meta name=\"twitter:label1\" content=\"Written by\" \/>\n\t<meta name=\"twitter:data1\" content=\"azureart\" \/>\n\t<meta name=\"twitter:label2\" content=\"Est. reading time\" \/>\n\t<meta name=\"twitter:data2\" content=\"3 minutes\" \/>\n<script type=\"application\/ld+json\" class=\"yoast-schema-graph\">{\"@context\":\"https:\/\/schema.org\",\"@graph\":[{\"@type\":\"Article\",\"@id\":\"https:\/\/swissbaker.ch\/fr\/panissimo-news\/coronavirus-smart-restart\/#article\",\"isPartOf\":{\"@id\":\"https:\/\/swissbaker.ch\/fr\/panissimo-news\/coronavirus-smart-restart\/\"},\"author\":{\"name\":\"azureart\",\"@id\":\"https:\/\/swissbaker.ch\/fr\/#\/schema\/person\/058ac47619f7da53df62aba60f939b78\"},\"headline\":\"Coronavirus : \u00ab smart restart \u00bb\",\"datePublished\":\"2020-04-09T14:19:00+00:00\",\"dateModified\":\"2022-05-17T07:29:50+00:00\",\"mainEntityOfPage\":{\"@id\":\"https:\/\/swissbaker.ch\/fr\/panissimo-news\/coronavirus-smart-restart\/\"},\"wordCount\":588,\"commentCount\":0,\"publisher\":{\"@id\":\"https:\/\/swissbaker.ch\/fr\/#organization\"},\"image\":{\"@id\":\"https:\/\/swissbaker.ch\/fr\/panissimo-news\/coronavirus-smart-restart\/#primaryimage\"},\"thumbnailUrl\":\"https:\/\/swissbaker.ch\/wp-content\/uploads\/2022\/03\/5_2_wellauer-5.jpeg\",\"articleSection\":[\"Association\",\"Droit &amp; politique\"],\"inLanguage\":\"fr-FR\",\"potentialAction\":[{\"@type\":\"CommentAction\",\"name\":\"Comment\",\"target\":[\"https:\/\/swissbaker.ch\/fr\/panissimo-news\/coronavirus-smart-restart\/#respond\"]}]},{\"@type\":\"WebPage\",\"@id\":\"https:\/\/swissbaker.ch\/fr\/panissimo-news\/coronavirus-smart-restart\/\",\"url\":\"https:\/\/swissbaker.ch\/fr\/panissimo-news\/coronavirus-smart-restart\/\",\"name\":\"Coronavirus : \u00ab smart restart \u00bb | SBC\",\"isPartOf\":{\"@id\":\"https:\/\/swissbaker.ch\/fr\/#website\"},\"primaryImageOfPage\":{\"@id\":\"https:\/\/swissbaker.ch\/fr\/panissimo-news\/coronavirus-smart-restart\/#primaryimage\"},\"image\":{\"@id\":\"https:\/\/swissbaker.ch\/fr\/panissimo-news\/coronavirus-smart-restart\/#primaryimage\"},\"thumbnailUrl\":\"https:\/\/swissbaker.ch\/wp-content\/uploads\/2022\/03\/5_2_wellauer-5.jpeg\",\"datePublished\":\"2020-04-09T14:19:00+00:00\",\"dateModified\":\"2022-05-17T07:29:50+00:00\",\"breadcrumb\":{\"@id\":\"https:\/\/swissbaker.ch\/fr\/panissimo-news\/coronavirus-smart-restart\/#breadcrumb\"},\"inLanguage\":\"fr-FR\",\"potentialAction\":[{\"@type\":\"ReadAction\",\"target\":[\"https:\/\/swissbaker.ch\/fr\/panissimo-news\/coronavirus-smart-restart\/\"]}]},{\"@type\":\"ImageObject\",\"inLanguage\":\"fr-FR\",\"@id\":\"https:\/\/swissbaker.ch\/fr\/panissimo-news\/coronavirus-smart-restart\/#primaryimage\",\"url\":\"https:\/\/swissbaker.ch\/wp-content\/uploads\/2022\/03\/5_2_wellauer-5.jpeg\",\"contentUrl\":\"https:\/\/swissbaker.ch\/wp-content\/uploads\/2022\/03\/5_2_wellauer-5.jpeg\",\"width\":800,\"height\":474,\"caption\":\"Coronavirus : \u00ab smart restart \u00bb\"},{\"@type\":\"BreadcrumbList\",\"@id\":\"https:\/\/swissbaker.ch\/fr\/panissimo-news\/coronavirus-smart-restart\/#breadcrumb\",\"itemListElement\":[{\"@type\":\"ListItem\",\"position\":1,\"name\":\"\",\"item\":\"https:\/\/swissbaker.ch\/fr\/\"},{\"@type\":\"ListItem\",\"position\":2,\"name\":\"Association\",\"item\":\"https:\/\/swissbaker.ch\/fr\/panissimo-news\/category\/association\/\"},{\"@type\":\"ListItem\",\"position\":3,\"name\":\"Coronavirus : \u00ab smart restart \u00bb\"}]},{\"@type\":\"WebSite\",\"@id\":\"https:\/\/swissbaker.ch\/fr\/#website\",\"url\":\"https:\/\/swissbaker.ch\/fr\/\",\"name\":\"SBC\",\"description\":\"\",\"publisher\":{\"@id\":\"https:\/\/swissbaker.ch\/fr\/#organization\"},\"potentialAction\":[{\"@type\":\"SearchAction\",\"target\":{\"@type\":\"EntryPoint\",\"urlTemplate\":\"https:\/\/swissbaker.ch\/fr\/?s={search_term_string}\"},\"query-input\":{\"@type\":\"PropertyValueSpecification\",\"valueRequired\":true,\"valueName\":\"search_term_string\"}}],\"inLanguage\":\"fr-FR\"},{\"@type\":\"Organization\",\"@id\":\"https:\/\/swissbaker.ch\/fr\/#organization\",\"name\":\"Schweizerischer B\u00e4cker-Confiseurmeister-Verband\",\"url\":\"https:\/\/swissbaker.ch\/fr\/\",\"logo\":{\"@type\":\"ImageObject\",\"inLanguage\":\"fr-FR\",\"@id\":\"https:\/\/swissbaker.ch\/fr\/#\/schema\/logo\/image\/\",\"url\":\"https:\/\/swissbaker.ch\/wp-content\/uploads\/2022\/04\/sbc-logo-yoast.jpg\",\"contentUrl\":\"https:\/\/swissbaker.ch\/wp-content\/uploads\/2022\/04\/sbc-logo-yoast.jpg\",\"width\":512,\"height\":512,\"caption\":\"Schweizerischer B\u00e4cker-Confiseurmeister-Verband\"},\"image\":{\"@id\":\"https:\/\/swissbaker.ch\/fr\/#\/schema\/logo\/image\/\"},\"sameAs\":[\"https:\/\/www.facebook.com\/swissbaker.ch\",\"https:\/\/x.com\/ch_swissbaker\"]},{\"@type\":\"Person\",\"@id\":\"https:\/\/swissbaker.ch\/fr\/#\/schema\/person\/058ac47619f7da53df62aba60f939b78\",\"name\":\"azureart\",\"image\":{\"@type\":\"ImageObject\",\"inLanguage\":\"fr-FR\",\"@id\":\"https:\/\/swissbaker.ch\/fr\/#\/schema\/person\/image\/\",\"url\":\"https:\/\/secure.gravatar.com\/avatar\/be04dd3098fd612c83067af4f7a295384c93cb6a9112f51beb9d2f477d25da61?s=96&d=mm&r=g\",\"contentUrl\":\"https:\/\/secure.gravatar.com\/avatar\/be04dd3098fd612c83067af4f7a295384c93cb6a9112f51beb9d2f477d25da61?s=96&d=mm&r=g\",\"caption\":\"azureart\"},\"sameAs\":[\"https:\/\/swissbaker.ch\"],\"url\":\"https:\/\/swissbaker.ch\/fr\/panissimo-news\/author\/pixel-ahoi\/\"}]}<\/script>\n<!-- \/ Yoast SEO Premium plugin. -->","yoast_head_json":{"title":"Coronavirus : \u00ab smart restart \u00bb | SBC","robots":{"index":"index","follow":"follow","max-snippet":"max-snippet:-1","max-image-preview":"max-image-preview:large","max-video-preview":"max-video-preview:-1"},"canonical":"https:\/\/swissbaker.ch\/fr\/panissimo-news\/coronavirus-smart-restart\/","og_locale":"fr_FR","og_type":"article","og_title":"Coronavirus : \u00ab smart restart \u00bb","og_description":"Pour la phase qui suivra le 26 avril 2020, l&#8217;Union suisse des arts et m\u00e9tiers usam a appel\u00e9 \u00e0 un \u00ab smart restart \u00bb. Celui-ci devrait permettre un \u00e9quilibre entre la protection de la sant\u00e9 et les int\u00e9r\u00eats de l&#8217;\u00e9conomie et de la soci\u00e9t\u00e9. Il repose sur deux piliers: la concentration des mesures sanitaires sur les groupes \u00e0 risque dans [&hellip;]","og_url":"https:\/\/swissbaker.ch\/fr\/panissimo-news\/coronavirus-smart-restart\/","og_site_name":"SBC","article_publisher":"https:\/\/www.facebook.com\/swissbaker.ch","article_published_time":"2020-04-09T14:19:00+00:00","article_modified_time":"2022-05-17T07:29:50+00:00","og_image":[{"width":800,"height":474,"url":"https:\/\/swissbaker.ch\/wp-content\/uploads\/2022\/03\/5_2_wellauer-5.jpeg","type":"image\/jpeg"}],"author":"azureart","twitter_card":"summary_large_image","twitter_creator":"@ch_swissbaker","twitter_site":"@ch_swissbaker","twitter_misc":{"Written by":"azureart","Est. reading time":"3 minutes"},"schema":{"@context":"https:\/\/schema.org","@graph":[{"@type":"Article","@id":"https:\/\/swissbaker.ch\/fr\/panissimo-news\/coronavirus-smart-restart\/#article","isPartOf":{"@id":"https:\/\/swissbaker.ch\/fr\/panissimo-news\/coronavirus-smart-restart\/"},"author":{"name":"azureart","@id":"https:\/\/swissbaker.ch\/fr\/#\/schema\/person\/058ac47619f7da53df62aba60f939b78"},"headline":"Coronavirus : \u00ab smart restart \u00bb","datePublished":"2020-04-09T14:19:00+00:00","dateModified":"2022-05-17T07:29:50+00:00","mainEntityOfPage":{"@id":"https:\/\/swissbaker.ch\/fr\/panissimo-news\/coronavirus-smart-restart\/"},"wordCount":588,"commentCount":0,"publisher":{"@id":"https:\/\/swissbaker.ch\/fr\/#organization"},"image":{"@id":"https:\/\/swissbaker.ch\/fr\/panissimo-news\/coronavirus-smart-restart\/#primaryimage"},"thumbnailUrl":"https:\/\/swissbaker.ch\/wp-content\/uploads\/2022\/03\/5_2_wellauer-5.jpeg","articleSection":["Association","Droit &amp; politique"],"inLanguage":"fr-FR","potentialAction":[{"@type":"CommentAction","name":"Comment","target":["https:\/\/swissbaker.ch\/fr\/panissimo-news\/coronavirus-smart-restart\/#respond"]}]},{"@type":"WebPage","@id":"https:\/\/swissbaker.ch\/fr\/panissimo-news\/coronavirus-smart-restart\/","url":"https:\/\/swissbaker.ch\/fr\/panissimo-news\/coronavirus-smart-restart\/","name":"Coronavirus : \u00ab smart restart \u00bb | SBC","isPartOf":{"@id":"https:\/\/swissbaker.ch\/fr\/#website"},"primaryImageOfPage":{"@id":"https:\/\/swissbaker.ch\/fr\/panissimo-news\/coronavirus-smart-restart\/#primaryimage"},"image":{"@id":"https:\/\/swissbaker.ch\/fr\/panissimo-news\/coronavirus-smart-restart\/#primaryimage"},"thumbnailUrl":"https:\/\/swissbaker.ch\/wp-content\/uploads\/2022\/03\/5_2_wellauer-5.jpeg","datePublished":"2020-04-09T14:19:00+00:00","dateModified":"2022-05-17T07:29:50+00:00","breadcrumb":{"@id":"https:\/\/swissbaker.ch\/fr\/panissimo-news\/coronavirus-smart-restart\/#breadcrumb"},"inLanguage":"fr-FR","potentialAction":[{"@type":"ReadAction","target":["https:\/\/swissbaker.ch\/fr\/panissimo-news\/coronavirus-smart-restart\/"]}]},{"@type":"ImageObject","inLanguage":"fr-FR","@id":"https:\/\/swissbaker.ch\/fr\/panissimo-news\/coronavirus-smart-restart\/#primaryimage","url":"https:\/\/swissbaker.ch\/wp-content\/uploads\/2022\/03\/5_2_wellauer-5.jpeg","contentUrl":"https:\/\/swissbaker.ch\/wp-content\/uploads\/2022\/03\/5_2_wellauer-5.jpeg","width":800,"height":474,"caption":"Coronavirus : \u00ab smart restart \u00bb"},{"@type":"BreadcrumbList","@id":"https:\/\/swissbaker.ch\/fr\/panissimo-news\/coronavirus-smart-restart\/#breadcrumb","itemListElement":[{"@type":"ListItem","position":1,"name":"","item":"https:\/\/swissbaker.ch\/fr\/"},{"@type":"ListItem","position":2,"name":"Association","item":"https:\/\/swissbaker.ch\/fr\/panissimo-news\/category\/association\/"},{"@type":"ListItem","position":3,"name":"Coronavirus : \u00ab smart restart \u00bb"}]},{"@type":"WebSite","@id":"https:\/\/swissbaker.ch\/fr\/#website","url":"https:\/\/swissbaker.ch\/fr\/","name":"SBC","description":"","publisher":{"@id":"https:\/\/swissbaker.ch\/fr\/#organization"},"potentialAction":[{"@type":"SearchAction","target":{"@type":"EntryPoint","urlTemplate":"https:\/\/swissbaker.ch\/fr\/?s={search_term_string}"},"query-input":{"@type":"PropertyValueSpecification","valueRequired":true,"valueName":"search_term_string"}}],"inLanguage":"fr-FR"},{"@type":"Organization","@id":"https:\/\/swissbaker.ch\/fr\/#organization","name":"Schweizerischer B\u00e4cker-Confiseurmeister-Verband","url":"https:\/\/swissbaker.ch\/fr\/","logo":{"@type":"ImageObject","inLanguage":"fr-FR","@id":"https:\/\/swissbaker.ch\/fr\/#\/schema\/logo\/image\/","url":"https:\/\/swissbaker.ch\/wp-content\/uploads\/2022\/04\/sbc-logo-yoast.jpg","contentUrl":"https:\/\/swissbaker.ch\/wp-content\/uploads\/2022\/04\/sbc-logo-yoast.jpg","width":512,"height":512,"caption":"Schweizerischer B\u00e4cker-Confiseurmeister-Verband"},"image":{"@id":"https:\/\/swissbaker.ch\/fr\/#\/schema\/logo\/image\/"},"sameAs":["https:\/\/www.facebook.com\/swissbaker.ch","https:\/\/x.com\/ch_swissbaker"]},{"@type":"Person","@id":"https:\/\/swissbaker.ch\/fr\/#\/schema\/person\/058ac47619f7da53df62aba60f939b78","name":"azureart","image":{"@type":"ImageObject","inLanguage":"fr-FR","@id":"https:\/\/swissbaker.ch\/fr\/#\/schema\/person\/image\/","url":"https:\/\/secure.gravatar.com\/avatar\/be04dd3098fd612c83067af4f7a295384c93cb6a9112f51beb9d2f477d25da61?s=96&d=mm&r=g","contentUrl":"https:\/\/secure.gravatar.com\/avatar\/be04dd3098fd612c83067af4f7a295384c93cb6a9112f51beb9d2f477d25da61?s=96&d=mm&r=g","caption":"azureart"},"sameAs":["https:\/\/swissbaker.ch"],"url":"https:\/\/swissbaker.ch\/fr\/panissimo-news\/author\/pixel-ahoi\/"}]}},"_links":{"self":[{"href":"https:\/\/swissbaker.ch\/fr\/wp-json\/wp\/v2\/posts\/10037","targetHints":{"allow":["GET"]}}],"collection":[{"href":"https:\/\/swissbaker.ch\/fr\/wp-json\/wp\/v2\/posts"}],"about":[{"href":"https:\/\/swissbaker.ch\/fr\/wp-json\/wp\/v2\/types\/post"}],"author":[{"embeddable":true,"href":"https:\/\/swissbaker.ch\/fr\/wp-json\/wp\/v2\/users\/1"}],"replies":[{"embeddable":true,"href":"https:\/\/swissbaker.ch\/fr\/wp-json\/wp\/v2\/comments?post=10037"}],"version-history":[{"count":0,"href":"https:\/\/swissbaker.ch\/fr\/wp-json\/wp\/v2\/posts\/10037\/revisions"}],"wp:featuredmedia":[{"embeddable":true,"href":"https:\/\/swissbaker.ch\/fr\/wp-json\/wp\/v2\/media\/5858"}],"wp:attachment":[{"href":"https:\/\/swissbaker.ch\/fr\/wp-json\/wp\/v2\/media?parent=10037"}],"wp:term":[{"taxonomy":"category","embeddable":true,"href":"https:\/\/swissbaker.ch\/fr\/wp-json\/wp\/v2\/categories?post=10037"},{"taxonomy":"post_tag","embeddable":true,"href":"https:\/\/swissbaker.ch\/fr\/wp-json\/wp\/v2\/tags?post=10037"}],"curies":[{"name":"wp","href":"https:\/\/api.w.org\/{rel}","templated":true}]}}