{"id":10014,"date":"2018-07-12T16:14:00","date_gmt":"2018-07-12T14:14:00","guid":{"rendered":"https:\/\/swissbaker.ch\/?p=10014"},"modified":"2022-05-13T16:47:46","modified_gmt":"2022-05-13T14:47:46","slug":"yb-meister-praline-un-hit","status":"publish","type":"post","link":"https:\/\/swissbaker.ch\/fr\/panissimo-news\/yb-meister-praline-un-hit\/","title":{"rendered":"\u00ab\u2009YB-Meister-Pralin\u00e9\u2009\u00bb, un hit"},"content":{"rendered":"\n<p><strong>Jean-Pierre Nsam\u00e9 m\u2019a aussi aid\u00e9 \u00e0 venir au monde. Avec son 2-1 contre Lucerne, il a offert le titre de champion \u00e0 Young Boys, le 28\u202favril. Depuis, j\u2019adoucis la vie de nombreux fans de YB. Je suis l\u2019\u00ab\u2009YB-Meister-Pralin\u00e9\u2009\u00bb, une friandise unique au monde, faite de chocolat au lait.<\/strong><\/p>\n\n\n\n<p>Les gens qui m\u2019aiment font l\u2019\u00e9loge de mes valeurs int\u00e9rieures. Ma fine garniture de gianduja aux amandes, une noisette torr\u00e9fi\u00e9e, un d\u00e9licat couvercle en p\u00e2te d\u2019amandes et un d\u00e9licieux disque de chocolat surmont\u00e9 du logo exclusif d\u2019YB ont vite fait de les convaincre. Personne n\u2019a le droit de fabriquer ces pralin\u00e9s avec le logo d\u2019YB, en dehors de mes cr\u00e9ateurs Margrith et J\u00f6rg Keller de la boulangerie Storchenbeck \u00e0 Berne.<\/p>\n\n\n\n<p>Je dois m\u2019adresser aux jeunes, ont d\u00e9cid\u00e9 le boulanger-p\u00e2tissier-confiseur et le sponsor YB. C\u2019est pourquoi, je ne bois pas d\u2019alcool. Je suis aussi plus r\u00e9sistant que mes grandes soeurs illustres, les truffes YB. Elles sont arriv\u00e9es sur le march\u00e9, apr\u00e8s l\u2019ouverture du Stade de Suisse en 2005. Je suis un v\u00e9ritable succ\u00e8s du magasin de la Schauplatzgasse 29. A ce propos, J\u00f6rg Keller a ouvert le magasin en 1986\u2009; l\u2019ann\u00e9e durant laquelle YB est devenu champion suisse pour la deuxi\u00e8me fois.<\/p>\n\n\n\n<p>Je pr\u00e9f\u00e8re jouer en \u00e9quipe. Ch\u00e8re aimable client\u00e8le\u2009: vous pouvez nous r\u00e9server par \u00e9quipe de neuf. Nous apporterons alors la bo\u00eete tout de suite, joliment d\u00e9cor\u00e9e avec les h\u00e9ros actuels d\u2019YB. Bien s\u00fbr, je joue \u00e9galement en solo. Mon salaire est de deux francs. Attention cependant, je risque de grignoter vos tablettes de chocolat.<\/p>\n\n\n\n<h2 class=\"wp-block-heading\" id=\"h-thomas-walti\">Thomas W\u00e4lti<\/h2>\n\n\n\n<p>Journaliste de longue date au \u00ab\u2009Berner Zeitung\u2009\u00bb, Thomas W\u00e4lti est fan de YB et client r\u00e9gulier de la boulangerie Storchenbeck. Il travaille en tant que consultant au sein de l\u2019agence de communication furrerhugi.<\/p>\n\n\n\n<h2 class=\"wp-block-heading\">Blogs pr\u00e9c\u00e9dents<\/h2>\n\n\n\n<p>Les swissbaker-blog sont \u00e0 relire sur w<a href=\"https:\/\/www.swissbaker.ch\/fr\/news-panissimo\/swissbaker-blog\/\">ww.swissbaker.ch\/panissimo > swissbaker-blog<\/a> . Ils refl\u00e8tent l\u2019opinion de leur auteur. \u00ab\u2009panissimo\u2009\u00bb d\u00e9cline toute responsabilit\u00e9 quant \u00e0 l\u2019exactitude et l\u2019exhaustivit\u00e9 de leur contenu.<\/p>\n","protected":false},"excerpt":{"rendered":"<p>Jean-Pierre Nsam\u00e9 m\u2019a aussi aid\u00e9 \u00e0 venir au monde. Avec son 2-1 contre Lucerne, il a offert le titre de champion \u00e0 Young Boys, le 28\u202favril. Depuis, j\u2019adoucis la vie de nombreux fans de YB. Je suis l\u2019\u00ab\u2009YB-Meister-Pralin\u00e9\u2009\u00bb, une friandise unique au monde, faite de chocolat au lait. Les gens qui m\u2019aiment font l\u2019\u00e9loge de mes valeurs int\u00e9rieures. Ma fine [&hellip;]<\/p>\n","protected":false},"author":1,"featured_media":6614,"comment_status":"open","ping_status":"closed","sticky":false,"template":"","format":"standard","meta":{"_acf_changed":false,"footnotes":""},"categories":[58],"tags":[],"class_list":["post-10014","post","type-post","status-publish","format-standard","has-post-thumbnail","hentry","category-swissbaker-blog-fr"],"acf":[],"yoast_head":"<!-- This site is optimized with the Yoast SEO Premium plugin v26.8 (Yoast SEO v26.8) - https:\/\/yoast.com\/product\/yoast-seo-premium-wordpress\/ -->\n<title>\u00ab\u2009YB-Meister-Pralin\u00e9\u2009\u00bb, un hit | SBC<\/title>\n<meta name=\"robots\" content=\"index, follow, max-snippet:-1, max-image-preview:large, max-video-preview:-1\" \/>\n<link rel=\"canonical\" href=\"https:\/\/swissbaker.ch\/fr\/panissimo-news\/yb-meister-praline-un-hit\/\" \/>\n<meta property=\"og:locale\" content=\"fr_FR\" \/>\n<meta property=\"og:type\" content=\"article\" \/>\n<meta property=\"og:title\" content=\"\u00ab\u2009YB-Meister-Pralin\u00e9\u2009\u00bb, un hit\" \/>\n<meta property=\"og:description\" content=\"Jean-Pierre Nsam\u00e9 m\u2019a aussi aid\u00e9 \u00e0 venir au monde. Avec son 2-1 contre Lucerne, il a offert le titre de champion \u00e0 Young Boys, le 28\u202favril. Depuis, j\u2019adoucis la vie de nombreux fans de YB. Je suis l\u2019\u00ab\u2009YB-Meister-Pralin\u00e9\u2009\u00bb, une friandise unique au monde, faite de chocolat au lait. Les gens qui m\u2019aiment font l\u2019\u00e9loge de mes valeurs int\u00e9rieures. Ma fine [&hellip;]\" \/>\n<meta property=\"og:url\" content=\"https:\/\/swissbaker.ch\/fr\/panissimo-news\/yb-meister-praline-un-hit\/\" \/>\n<meta property=\"og:site_name\" content=\"SBC\" \/>\n<meta property=\"article:publisher\" content=\"https:\/\/www.facebook.com\/swissbaker.ch\" \/>\n<meta property=\"article:published_time\" content=\"2018-07-12T14:14:00+00:00\" \/>\n<meta property=\"article:modified_time\" content=\"2022-05-13T14:47:46+00:00\" \/>\n<meta property=\"og:image\" content=\"https:\/\/swissbaker.ch\/wp-content\/uploads\/2022\/04\/Blog_ThomasWaelti_web.jpeg\" \/>\n\t<meta property=\"og:image:width\" content=\"800\" \/>\n\t<meta property=\"og:image:height\" content=\"474\" \/>\n\t<meta property=\"og:image:type\" content=\"image\/jpeg\" \/>\n<meta name=\"author\" content=\"azureart\" \/>\n<meta name=\"twitter:card\" content=\"summary_large_image\" \/>\n<meta name=\"twitter:creator\" content=\"@ch_swissbaker\" \/>\n<meta name=\"twitter:site\" content=\"@ch_swissbaker\" \/>\n<meta name=\"twitter:label1\" content=\"Written by\" \/>\n\t<meta name=\"twitter:data1\" content=\"azureart\" \/>\n\t<meta name=\"twitter:label2\" content=\"Est. reading time\" \/>\n\t<meta name=\"twitter:data2\" content=\"2 minutes\" \/>\n<script type=\"application\/ld+json\" class=\"yoast-schema-graph\">{\"@context\":\"https:\/\/schema.org\",\"@graph\":[{\"@type\":\"Article\",\"@id\":\"https:\/\/swissbaker.ch\/fr\/panissimo-news\/yb-meister-praline-un-hit\/#article\",\"isPartOf\":{\"@id\":\"https:\/\/swissbaker.ch\/fr\/panissimo-news\/yb-meister-praline-un-hit\/\"},\"author\":{\"name\":\"azureart\",\"@id\":\"https:\/\/swissbaker.ch\/fr\/#\/schema\/person\/058ac47619f7da53df62aba60f939b78\"},\"headline\":\"\u00ab\u2009YB-Meister-Pralin\u00e9\u2009\u00bb, un hit\",\"datePublished\":\"2018-07-12T14:14:00+00:00\",\"dateModified\":\"2022-05-13T14:47:46+00:00\",\"mainEntityOfPage\":{\"@id\":\"https:\/\/swissbaker.ch\/fr\/panissimo-news\/yb-meister-praline-un-hit\/\"},\"wordCount\":369,\"commentCount\":0,\"publisher\":{\"@id\":\"https:\/\/swissbaker.ch\/fr\/#organization\"},\"image\":{\"@id\":\"https:\/\/swissbaker.ch\/fr\/panissimo-news\/yb-meister-praline-un-hit\/#primaryimage\"},\"thumbnailUrl\":\"https:\/\/swissbaker.ch\/wp-content\/uploads\/2022\/04\/Blog_ThomasWaelti_web.jpeg\",\"articleSection\":[\"swissbaker-blog\"],\"inLanguage\":\"fr-FR\",\"potentialAction\":[{\"@type\":\"CommentAction\",\"name\":\"Comment\",\"target\":[\"https:\/\/swissbaker.ch\/fr\/panissimo-news\/yb-meister-praline-un-hit\/#respond\"]}]},{\"@type\":\"WebPage\",\"@id\":\"https:\/\/swissbaker.ch\/fr\/panissimo-news\/yb-meister-praline-un-hit\/\",\"url\":\"https:\/\/swissbaker.ch\/fr\/panissimo-news\/yb-meister-praline-un-hit\/\",\"name\":\"\u00ab\u2009YB-Meister-Pralin\u00e9\u2009\u00bb, un hit | SBC\",\"isPartOf\":{\"@id\":\"https:\/\/swissbaker.ch\/fr\/#website\"},\"primaryImageOfPage\":{\"@id\":\"https:\/\/swissbaker.ch\/fr\/panissimo-news\/yb-meister-praline-un-hit\/#primaryimage\"},\"image\":{\"@id\":\"https:\/\/swissbaker.ch\/fr\/panissimo-news\/yb-meister-praline-un-hit\/#primaryimage\"},\"thumbnailUrl\":\"https:\/\/swissbaker.ch\/wp-content\/uploads\/2022\/04\/Blog_ThomasWaelti_web.jpeg\",\"datePublished\":\"2018-07-12T14:14:00+00:00\",\"dateModified\":\"2022-05-13T14:47:46+00:00\",\"breadcrumb\":{\"@id\":\"https:\/\/swissbaker.ch\/fr\/panissimo-news\/yb-meister-praline-un-hit\/#breadcrumb\"},\"inLanguage\":\"fr-FR\",\"potentialAction\":[{\"@type\":\"ReadAction\",\"target\":[\"https:\/\/swissbaker.ch\/fr\/panissimo-news\/yb-meister-praline-un-hit\/\"]}]},{\"@type\":\"ImageObject\",\"inLanguage\":\"fr-FR\",\"@id\":\"https:\/\/swissbaker.ch\/fr\/panissimo-news\/yb-meister-praline-un-hit\/#primaryimage\",\"url\":\"https:\/\/swissbaker.ch\/wp-content\/uploads\/2022\/04\/Blog_ThomasWaelti_web.jpeg\",\"contentUrl\":\"https:\/\/swissbaker.ch\/wp-content\/uploads\/2022\/04\/Blog_ThomasWaelti_web.jpeg\",\"width\":800,\"height\":474,\"caption\":\"\u00ab\u2009YB-Meister-Pralin\u00e9\u2009\u00bb, un hit\"},{\"@type\":\"BreadcrumbList\",\"@id\":\"https:\/\/swissbaker.ch\/fr\/panissimo-news\/yb-meister-praline-un-hit\/#breadcrumb\",\"itemListElement\":[{\"@type\":\"ListItem\",\"position\":1,\"name\":\"\",\"item\":\"https:\/\/swissbaker.ch\/fr\/\"},{\"@type\":\"ListItem\",\"position\":2,\"name\":\"swissbaker-blog\",\"item\":\"https:\/\/swissbaker.ch\/fr\/panissimo-news\/category\/swissbaker-blog-fr\/\"},{\"@type\":\"ListItem\",\"position\":3,\"name\":\"\u00ab\u2009YB-Meister-Pralin\u00e9\u2009\u00bb, un hit\"}]},{\"@type\":\"WebSite\",\"@id\":\"https:\/\/swissbaker.ch\/fr\/#website\",\"url\":\"https:\/\/swissbaker.ch\/fr\/\",\"name\":\"SBC\",\"description\":\"\",\"publisher\":{\"@id\":\"https:\/\/swissbaker.ch\/fr\/#organization\"},\"potentialAction\":[{\"@type\":\"SearchAction\",\"target\":{\"@type\":\"EntryPoint\",\"urlTemplate\":\"https:\/\/swissbaker.ch\/fr\/?s={search_term_string}\"},\"query-input\":{\"@type\":\"PropertyValueSpecification\",\"valueRequired\":true,\"valueName\":\"search_term_string\"}}],\"inLanguage\":\"fr-FR\"},{\"@type\":\"Organization\",\"@id\":\"https:\/\/swissbaker.ch\/fr\/#organization\",\"name\":\"Schweizerischer B\u00e4cker-Confiseurmeister-Verband\",\"url\":\"https:\/\/swissbaker.ch\/fr\/\",\"logo\":{\"@type\":\"ImageObject\",\"inLanguage\":\"fr-FR\",\"@id\":\"https:\/\/swissbaker.ch\/fr\/#\/schema\/logo\/image\/\",\"url\":\"https:\/\/swissbaker.ch\/wp-content\/uploads\/2022\/04\/sbc-logo-yoast.jpg\",\"contentUrl\":\"https:\/\/swissbaker.ch\/wp-content\/uploads\/2022\/04\/sbc-logo-yoast.jpg\",\"width\":512,\"height\":512,\"caption\":\"Schweizerischer B\u00e4cker-Confiseurmeister-Verband\"},\"image\":{\"@id\":\"https:\/\/swissbaker.ch\/fr\/#\/schema\/logo\/image\/\"},\"sameAs\":[\"https:\/\/www.facebook.com\/swissbaker.ch\",\"https:\/\/x.com\/ch_swissbaker\"]},{\"@type\":\"Person\",\"@id\":\"https:\/\/swissbaker.ch\/fr\/#\/schema\/person\/058ac47619f7da53df62aba60f939b78\",\"name\":\"azureart\",\"image\":{\"@type\":\"ImageObject\",\"inLanguage\":\"fr-FR\",\"@id\":\"https:\/\/swissbaker.ch\/fr\/#\/schema\/person\/image\/\",\"url\":\"https:\/\/secure.gravatar.com\/avatar\/be04dd3098fd612c83067af4f7a295384c93cb6a9112f51beb9d2f477d25da61?s=96&d=mm&r=g\",\"contentUrl\":\"https:\/\/secure.gravatar.com\/avatar\/be04dd3098fd612c83067af4f7a295384c93cb6a9112f51beb9d2f477d25da61?s=96&d=mm&r=g\",\"caption\":\"azureart\"},\"sameAs\":[\"https:\/\/swissbaker.ch\"],\"url\":\"https:\/\/swissbaker.ch\/fr\/panissimo-news\/author\/pixel-ahoi\/\"}]}<\/script>\n<!-- \/ Yoast SEO Premium plugin. -->","yoast_head_json":{"title":"\u00ab\u2009YB-Meister-Pralin\u00e9\u2009\u00bb, un hit | SBC","robots":{"index":"index","follow":"follow","max-snippet":"max-snippet:-1","max-image-preview":"max-image-preview:large","max-video-preview":"max-video-preview:-1"},"canonical":"https:\/\/swissbaker.ch\/fr\/panissimo-news\/yb-meister-praline-un-hit\/","og_locale":"fr_FR","og_type":"article","og_title":"\u00ab\u2009YB-Meister-Pralin\u00e9\u2009\u00bb, un hit","og_description":"Jean-Pierre Nsam\u00e9 m\u2019a aussi aid\u00e9 \u00e0 venir au monde. Avec son 2-1 contre Lucerne, il a offert le titre de champion \u00e0 Young Boys, le 28\u202favril. Depuis, j\u2019adoucis la vie de nombreux fans de YB. Je suis l\u2019\u00ab\u2009YB-Meister-Pralin\u00e9\u2009\u00bb, une friandise unique au monde, faite de chocolat au lait. Les gens qui m\u2019aiment font l\u2019\u00e9loge de mes valeurs int\u00e9rieures. Ma fine [&hellip;]","og_url":"https:\/\/swissbaker.ch\/fr\/panissimo-news\/yb-meister-praline-un-hit\/","og_site_name":"SBC","article_publisher":"https:\/\/www.facebook.com\/swissbaker.ch","article_published_time":"2018-07-12T14:14:00+00:00","article_modified_time":"2022-05-13T14:47:46+00:00","og_image":[{"width":800,"height":474,"url":"https:\/\/swissbaker.ch\/wp-content\/uploads\/2022\/04\/Blog_ThomasWaelti_web.jpeg","type":"image\/jpeg"}],"author":"azureart","twitter_card":"summary_large_image","twitter_creator":"@ch_swissbaker","twitter_site":"@ch_swissbaker","twitter_misc":{"Written by":"azureart","Est. reading time":"2 minutes"},"schema":{"@context":"https:\/\/schema.org","@graph":[{"@type":"Article","@id":"https:\/\/swissbaker.ch\/fr\/panissimo-news\/yb-meister-praline-un-hit\/#article","isPartOf":{"@id":"https:\/\/swissbaker.ch\/fr\/panissimo-news\/yb-meister-praline-un-hit\/"},"author":{"name":"azureart","@id":"https:\/\/swissbaker.ch\/fr\/#\/schema\/person\/058ac47619f7da53df62aba60f939b78"},"headline":"\u00ab\u2009YB-Meister-Pralin\u00e9\u2009\u00bb, un hit","datePublished":"2018-07-12T14:14:00+00:00","dateModified":"2022-05-13T14:47:46+00:00","mainEntityOfPage":{"@id":"https:\/\/swissbaker.ch\/fr\/panissimo-news\/yb-meister-praline-un-hit\/"},"wordCount":369,"commentCount":0,"publisher":{"@id":"https:\/\/swissbaker.ch\/fr\/#organization"},"image":{"@id":"https:\/\/swissbaker.ch\/fr\/panissimo-news\/yb-meister-praline-un-hit\/#primaryimage"},"thumbnailUrl":"https:\/\/swissbaker.ch\/wp-content\/uploads\/2022\/04\/Blog_ThomasWaelti_web.jpeg","articleSection":["swissbaker-blog"],"inLanguage":"fr-FR","potentialAction":[{"@type":"CommentAction","name":"Comment","target":["https:\/\/swissbaker.ch\/fr\/panissimo-news\/yb-meister-praline-un-hit\/#respond"]}]},{"@type":"WebPage","@id":"https:\/\/swissbaker.ch\/fr\/panissimo-news\/yb-meister-praline-un-hit\/","url":"https:\/\/swissbaker.ch\/fr\/panissimo-news\/yb-meister-praline-un-hit\/","name":"\u00ab\u2009YB-Meister-Pralin\u00e9\u2009\u00bb, un hit | SBC","isPartOf":{"@id":"https:\/\/swissbaker.ch\/fr\/#website"},"primaryImageOfPage":{"@id":"https:\/\/swissbaker.ch\/fr\/panissimo-news\/yb-meister-praline-un-hit\/#primaryimage"},"image":{"@id":"https:\/\/swissbaker.ch\/fr\/panissimo-news\/yb-meister-praline-un-hit\/#primaryimage"},"thumbnailUrl":"https:\/\/swissbaker.ch\/wp-content\/uploads\/2022\/04\/Blog_ThomasWaelti_web.jpeg","datePublished":"2018-07-12T14:14:00+00:00","dateModified":"2022-05-13T14:47:46+00:00","breadcrumb":{"@id":"https:\/\/swissbaker.ch\/fr\/panissimo-news\/yb-meister-praline-un-hit\/#breadcrumb"},"inLanguage":"fr-FR","potentialAction":[{"@type":"ReadAction","target":["https:\/\/swissbaker.ch\/fr\/panissimo-news\/yb-meister-praline-un-hit\/"]}]},{"@type":"ImageObject","inLanguage":"fr-FR","@id":"https:\/\/swissbaker.ch\/fr\/panissimo-news\/yb-meister-praline-un-hit\/#primaryimage","url":"https:\/\/swissbaker.ch\/wp-content\/uploads\/2022\/04\/Blog_ThomasWaelti_web.jpeg","contentUrl":"https:\/\/swissbaker.ch\/wp-content\/uploads\/2022\/04\/Blog_ThomasWaelti_web.jpeg","width":800,"height":474,"caption":"\u00ab\u2009YB-Meister-Pralin\u00e9\u2009\u00bb, un hit"},{"@type":"BreadcrumbList","@id":"https:\/\/swissbaker.ch\/fr\/panissimo-news\/yb-meister-praline-un-hit\/#breadcrumb","itemListElement":[{"@type":"ListItem","position":1,"name":"","item":"https:\/\/swissbaker.ch\/fr\/"},{"@type":"ListItem","position":2,"name":"swissbaker-blog","item":"https:\/\/swissbaker.ch\/fr\/panissimo-news\/category\/swissbaker-blog-fr\/"},{"@type":"ListItem","position":3,"name":"\u00ab\u2009YB-Meister-Pralin\u00e9\u2009\u00bb, un hit"}]},{"@type":"WebSite","@id":"https:\/\/swissbaker.ch\/fr\/#website","url":"https:\/\/swissbaker.ch\/fr\/","name":"SBC","description":"","publisher":{"@id":"https:\/\/swissbaker.ch\/fr\/#organization"},"potentialAction":[{"@type":"SearchAction","target":{"@type":"EntryPoint","urlTemplate":"https:\/\/swissbaker.ch\/fr\/?s={search_term_string}"},"query-input":{"@type":"PropertyValueSpecification","valueRequired":true,"valueName":"search_term_string"}}],"inLanguage":"fr-FR"},{"@type":"Organization","@id":"https:\/\/swissbaker.ch\/fr\/#organization","name":"Schweizerischer B\u00e4cker-Confiseurmeister-Verband","url":"https:\/\/swissbaker.ch\/fr\/","logo":{"@type":"ImageObject","inLanguage":"fr-FR","@id":"https:\/\/swissbaker.ch\/fr\/#\/schema\/logo\/image\/","url":"https:\/\/swissbaker.ch\/wp-content\/uploads\/2022\/04\/sbc-logo-yoast.jpg","contentUrl":"https:\/\/swissbaker.ch\/wp-content\/uploads\/2022\/04\/sbc-logo-yoast.jpg","width":512,"height":512,"caption":"Schweizerischer B\u00e4cker-Confiseurmeister-Verband"},"image":{"@id":"https:\/\/swissbaker.ch\/fr\/#\/schema\/logo\/image\/"},"sameAs":["https:\/\/www.facebook.com\/swissbaker.ch","https:\/\/x.com\/ch_swissbaker"]},{"@type":"Person","@id":"https:\/\/swissbaker.ch\/fr\/#\/schema\/person\/058ac47619f7da53df62aba60f939b78","name":"azureart","image":{"@type":"ImageObject","inLanguage":"fr-FR","@id":"https:\/\/swissbaker.ch\/fr\/#\/schema\/person\/image\/","url":"https:\/\/secure.gravatar.com\/avatar\/be04dd3098fd612c83067af4f7a295384c93cb6a9112f51beb9d2f477d25da61?s=96&d=mm&r=g","contentUrl":"https:\/\/secure.gravatar.com\/avatar\/be04dd3098fd612c83067af4f7a295384c93cb6a9112f51beb9d2f477d25da61?s=96&d=mm&r=g","caption":"azureart"},"sameAs":["https:\/\/swissbaker.ch"],"url":"https:\/\/swissbaker.ch\/fr\/panissimo-news\/author\/pixel-ahoi\/"}]}},"_links":{"self":[{"href":"https:\/\/swissbaker.ch\/fr\/wp-json\/wp\/v2\/posts\/10014","targetHints":{"allow":["GET"]}}],"collection":[{"href":"https:\/\/swissbaker.ch\/fr\/wp-json\/wp\/v2\/posts"}],"about":[{"href":"https:\/\/swissbaker.ch\/fr\/wp-json\/wp\/v2\/types\/post"}],"author":[{"embeddable":true,"href":"https:\/\/swissbaker.ch\/fr\/wp-json\/wp\/v2\/users\/1"}],"replies":[{"embeddable":true,"href":"https:\/\/swissbaker.ch\/fr\/wp-json\/wp\/v2\/comments?post=10014"}],"version-history":[{"count":0,"href":"https:\/\/swissbaker.ch\/fr\/wp-json\/wp\/v2\/posts\/10014\/revisions"}],"wp:featuredmedia":[{"embeddable":true,"href":"https:\/\/swissbaker.ch\/fr\/wp-json\/wp\/v2\/media\/6614"}],"wp:attachment":[{"href":"https:\/\/swissbaker.ch\/fr\/wp-json\/wp\/v2\/media?parent=10014"}],"wp:term":[{"taxonomy":"category","embeddable":true,"href":"https:\/\/swissbaker.ch\/fr\/wp-json\/wp\/v2\/categories?post=10014"},{"taxonomy":"post_tag","embeddable":true,"href":"https:\/\/swissbaker.ch\/fr\/wp-json\/wp\/v2\/tags?post=10014"}],"curies":[{"name":"wp","href":"https:\/\/api.w.org\/{rel}","templated":true}]}}